{"id":10092,"date":"2025-04-07T08:43:37","date_gmt":"2025-04-07T06:43:37","guid":{"rendered":"https:\/\/dipos.rs\/dipos-visits-the-cervantes-institute\/"},"modified":"2025-04-07T09:02:25","modified_gmt":"2025-04-07T07:02:25","slug":"dipos-visits-the-cervantes-institute","status":"publish","type":"post","link":"https:\/\/dipos.rs\/en\/news-cat\/dipos-visits-the-cervantes-institute\/","title":{"rendered":"Dipos visits the Cervantes Institute"},"content":{"rendered":"<p>[et_pb_section bb_built=&#8221;1&#8243; inner_width=&#8221;auto&#8221; inner_max_width=&#8221;1100px&#8221;][et_pb_row][et_pb_column type=&#8221;4_4&#8243; custom_padding__hover=&#8221;|||&#8221; custom_padding=&#8221;|||&#8221;][et_pb_text _builder_version=&#8221;4.4.5&#8243;]<\/p>\n<p>The visit to the Cervantes Institute in Belgrade today was an opportunity to reaffirm our longstanding partnership and cooperation, discuss their enhancement, expansion, and future plans,\u201d stated Bojana Martinovi\u0107, Director of Dipos, adding that Dipos will continue to strive to provide the Institute with the best possible working conditions. This will be to the delight of Spanish language and culture enthusiasts, further strengthening the traditionally friendly and strong ties between Serbia and Spain.<\/p>\n<p>The collaboration between Dipos and the Cervantes Institute, which occupies the building at 19 \u010cika Ljubina Street, has lasted for more than 20 years. This visit marked the first meeting between Dipos representatives and the newly appointed Director of the Institute, Mr. I\u00f1aki Abad Leguina.<\/p>\n<p>[\/et_pb_text][\/et_pb_column][\/et_pb_row][et_pb_row][et_pb_column type=&#8221;1_2&#8243; custom_padding__hover=&#8221;|||&#8221; custom_padding=&#8221;|||&#8221;][et_pb_image _builder_version=&#8221;4.4.5&#8243; show_in_lightbox=&#8221;on&#8221; src=&#8221;https:\/\/dipos.rs\/wp-content\/uploads\/2025\/04\/Cervantes-3-scaled.jpg&#8221; \/][et_pb_image _builder_version=&#8221;4.4.5&#8243; show_in_lightbox=&#8221;on&#8221; src=&#8221;https:\/\/dipos.rs\/wp-content\/uploads\/2025\/04\/Cervantes-6-scaled.jpg&#8221; \/][\/et_pb_column][et_pb_column type=&#8221;1_2&#8243; custom_padding__hover=&#8221;|||&#8221; custom_padding=&#8221;|||&#8221;][et_pb_image _builder_version=&#8221;4.4.5&#8243; show_in_lightbox=&#8221;on&#8221; src=&#8221;https:\/\/dipos.rs\/wp-content\/uploads\/2025\/04\/Cervantes-7-scaled.jpg&#8221; \/][et_pb_image _builder_version=&#8221;4.4.5&#8243; show_in_lightbox=&#8221;on&#8221; src=&#8221;https:\/\/dipos.rs\/wp-content\/uploads\/2025\/04\/Cervantes-2-scaled.jpg&#8221; \/][\/et_pb_column][\/et_pb_row][et_pb_row][et_pb_column type=&#8221;4_4&#8243; custom_padding__hover=&#8221;|||&#8221; custom_padding=&#8221;|||&#8221;][et_pb_text _builder_version=&#8221;4.4.5&#8243;]<\/p>\n<p>During a pleasant and constructive discussion, Mr. Abad Leguina emphasized that the employees find this remarkable building, a true gem and symbol of Belgrade, to be a very comfortable and inspiring place to work. He recalled that when he first saw the building back in 2004, it left him speechless. \u201cOur goal is to create the best possible working conditions for our team and our users, and I am pleased that we will achieve this together,\u201d Mr. Abad Leguina concluded at the end of the cordial meeting.<\/p>\n<p>In addition to Director Martinovi\u0107, the meeting was attended by Dipos Deputy Director Ivana Milosavljevi\u0107 and the Head of the Technical Services Department, Jovan Roganovi\u0107.<\/p>\n<p>[\/et_pb_text][\/et_pb_column][\/et_pb_row][et_pb_row][et_pb_column type=&#8221;1_3&#8243; custom_padding__hover=&#8221;|||&#8221; custom_padding=&#8221;|||&#8221;][et_pb_image _builder_version=&#8221;4.4.5&#8243; show_in_lightbox=&#8221;on&#8221; src=&#8221;https:\/\/dipos.rs\/wp-content\/uploads\/2025\/04\/Cervantes-5-scaled.jpg&#8221; \/][\/et_pb_column][et_pb_column type=&#8221;1_3&#8243; custom_padding__hover=&#8221;|||&#8221; custom_padding=&#8221;|||&#8221;][et_pb_image _builder_version=&#8221;4.4.5&#8243; show_in_lightbox=&#8221;on&#8221; src=&#8221;https:\/\/dipos.rs\/wp-content\/uploads\/2025\/04\/Cervantes-8-scaled.jpg&#8221; \/][\/et_pb_column][et_pb_column type=&#8221;1_3&#8243; custom_padding__hover=&#8221;|||&#8221; custom_padding=&#8221;|||&#8221;][et_pb_image _builder_version=&#8221;4.4.5&#8243; show_in_lightbox=&#8221;on&#8221; src=&#8221;https:\/\/dipos.rs\/wp-content\/uploads\/2025\/04\/Cervantes-1-scaled.jpg&#8221; \/][\/et_pb_column][\/et_pb_row][\/et_pb_section]<\/p>\n","protected":false},"excerpt":{"rendered":"<p><div class=\"et_pb_row et_pb_row_0 et_pb_row_empty\">\n\t\t\t\t\n\t\t\t\t\n\t\t\t\t\n\t\t\t\t\n\t\t\t\t\n\t\t\t<\/div> The visit to the Cervantes Institute in Belgrade today was an opportunity to reaffirm our longstanding partnership and cooperation, discuss their enhancement, expansion, and future plans,\u201d stated Bojana Martinovi\u0107, Director of Dipos, adding that Dipos will continue to strive to provide the Institute with the best possible working conditions. This will be to the [&hellip;]<\/p>\n","protected":false},"author":4,"featured_media":10072,"comment_status":"closed","ping_status":"closed","sticky":false,"template":"","format":"standard","meta":{"_et_pb_use_builder":"o","_et_pb_old_content":"","_et_gb_content_width":"","inline_featured_image":false,"footnotes":""},"categories":[34,32],"tags":[],"class_list":["post-10092","post","type-post","status-publish","format-standard","has-post-thumbnail","hentry","category-news-cat","category-vest"],"yoast_head":"<!-- This site is optimized with the Yoast SEO Premium plugin v22.2 (Yoast SEO v27.4) - https:\/\/yoast.com\/product\/yoast-seo-premium-wordpress\/ -->\n<title>Dipos visits the Cervantes Institute - Dipos<\/title>\n<meta name=\"robots\" content=\"index, follow, max-snippet:-1, max-image-preview:large, max-video-preview:-1\" \/>\n<link rel=\"canonical\" href=\"https:\/\/dipos.rs\/en\/news-cat\/dipos-visits-the-cervantes-institute\/\" \/>\n<meta property=\"og:locale\" content=\"en_US\" \/>\n<meta property=\"og:type\" content=\"article\" \/>\n<meta property=\"og:title\" content=\"Dipos visits the Cervantes Institute\" \/>\n<meta property=\"og:description\" content=\"The visit to the Cervantes Institute in Belgrade today was an opportunity to reaffirm our longstanding partnership and cooperation, discuss their enhancement, expansion, and future plans,\u201d stated Bojana Martinovi\u0107, Director of Dipos, adding that Dipos will continue to strive to provide the Institute with the best possible working conditions. This will be to the [&hellip;]\" \/>\n<meta property=\"og:url\" content=\"https:\/\/dipos.rs\/en\/news-cat\/dipos-visits-the-cervantes-institute\/\" \/>\n<meta property=\"og:site_name\" content=\"Dipos\" \/>\n<meta property=\"article:published_time\" content=\"2025-04-07T06:43:37+00:00\" \/>\n<meta property=\"article:modified_time\" content=\"2025-04-07T07:02:25+00:00\" \/>\n<meta property=\"og:image\" content=\"https:\/\/dipos.rs\/wp-content\/uploads\/2025\/04\/Cervantes-3-scaled.jpg\" \/>\n\t<meta property=\"og:image:width\" content=\"2560\" \/>\n\t<meta property=\"og:image:height\" content=\"1440\" \/>\n\t<meta property=\"og:image:type\" content=\"image\/jpeg\" \/>\n<meta name=\"author\" content=\"marko.stojkovic\" \/>\n<meta name=\"twitter:card\" content=\"summary_large_image\" \/>\n<meta name=\"twitter:label1\" content=\"Written by\" \/>\n\t<meta name=\"twitter:data1\" content=\"marko.stojkovic\" \/>\n\t<meta name=\"twitter:label2\" content=\"Est. reading time\" \/>\n\t<meta name=\"twitter:data2\" content=\"2 minutes\" \/>\n<script type=\"application\/ld+json\" class=\"yoast-schema-graph\">{\"@context\":\"https:\\\/\\\/schema.org\",\"@graph\":[{\"@type\":\"Article\",\"@id\":\"https:\\\/\\\/dipos.rs\\\/en\\\/news-cat\\\/dipos-visits-the-cervantes-institute\\\/#article\",\"isPartOf\":{\"@id\":\"https:\\\/\\\/dipos.rs\\\/en\\\/news-cat\\\/dipos-visits-the-cervantes-institute\\\/\"},\"author\":{\"name\":\"marko.stojkovic\",\"@id\":\"https:\\\/\\\/dipos.rs\\\/en\\\/#\\\/schema\\\/person\\\/c20ee3851ab019e33d634e66aaf1149f\"},\"headline\":\"Dipos visits the Cervantes Institute\",\"datePublished\":\"2025-04-07T06:43:37+00:00\",\"dateModified\":\"2025-04-07T07:02:25+00:00\",\"mainEntityOfPage\":{\"@id\":\"https:\\\/\\\/dipos.rs\\\/en\\\/news-cat\\\/dipos-visits-the-cervantes-institute\\\/\"},\"wordCount\":498,\"publisher\":{\"@id\":\"https:\\\/\\\/dipos.rs\\\/en\\\/#organization\"},\"image\":{\"@id\":\"https:\\\/\\\/dipos.rs\\\/en\\\/news-cat\\\/dipos-visits-the-cervantes-institute\\\/#primaryimage\"},\"thumbnailUrl\":\"https:\\\/\\\/dipos.rs\\\/wp-content\\\/uploads\\\/2025\\\/04\\\/Cervantes-3-scaled.jpg\",\"articleSection\":[\"News\",\"\u0412\u0435\u0441\u0442\u0438\"],\"inLanguage\":\"en-US\"},{\"@type\":\"WebPage\",\"@id\":\"https:\\\/\\\/dipos.rs\\\/en\\\/news-cat\\\/dipos-visits-the-cervantes-institute\\\/\",\"url\":\"https:\\\/\\\/dipos.rs\\\/en\\\/news-cat\\\/dipos-visits-the-cervantes-institute\\\/\",\"name\":\"Dipos visits the Cervantes Institute - Dipos\",\"isPartOf\":{\"@id\":\"https:\\\/\\\/dipos.rs\\\/en\\\/#website\"},\"primaryImageOfPage\":{\"@id\":\"https:\\\/\\\/dipos.rs\\\/en\\\/news-cat\\\/dipos-visits-the-cervantes-institute\\\/#primaryimage\"},\"image\":{\"@id\":\"https:\\\/\\\/dipos.rs\\\/en\\\/news-cat\\\/dipos-visits-the-cervantes-institute\\\/#primaryimage\"},\"thumbnailUrl\":\"https:\\\/\\\/dipos.rs\\\/wp-content\\\/uploads\\\/2025\\\/04\\\/Cervantes-3-scaled.jpg\",\"datePublished\":\"2025-04-07T06:43:37+00:00\",\"dateModified\":\"2025-04-07T07:02:25+00:00\",\"breadcrumb\":{\"@id\":\"https:\\\/\\\/dipos.rs\\\/en\\\/news-cat\\\/dipos-visits-the-cervantes-institute\\\/#breadcrumb\"},\"inLanguage\":\"en-US\",\"potentialAction\":[{\"@type\":\"ReadAction\",\"target\":[\"https:\\\/\\\/dipos.rs\\\/en\\\/news-cat\\\/dipos-visits-the-cervantes-institute\\\/\"]}]},{\"@type\":\"ImageObject\",\"inLanguage\":\"en-US\",\"@id\":\"https:\\\/\\\/dipos.rs\\\/en\\\/news-cat\\\/dipos-visits-the-cervantes-institute\\\/#primaryimage\",\"url\":\"https:\\\/\\\/dipos.rs\\\/wp-content\\\/uploads\\\/2025\\\/04\\\/Cervantes-3-scaled.jpg\",\"contentUrl\":\"https:\\\/\\\/dipos.rs\\\/wp-content\\\/uploads\\\/2025\\\/04\\\/Cervantes-3-scaled.jpg\",\"width\":2560,\"height\":1440},{\"@type\":\"BreadcrumbList\",\"@id\":\"https:\\\/\\\/dipos.rs\\\/en\\\/news-cat\\\/dipos-visits-the-cervantes-institute\\\/#breadcrumb\",\"itemListElement\":[{\"@type\":\"ListItem\",\"position\":1,\"name\":\"Home\",\"item\":\"https:\\\/\\\/dipos.rs\\\/en\\\/\"},{\"@type\":\"ListItem\",\"position\":2,\"name\":\"Dipos visits the Cervantes Institute\"}]},{\"@type\":\"WebSite\",\"@id\":\"https:\\\/\\\/dipos.rs\\\/en\\\/#website\",\"url\":\"https:\\\/\\\/dipos.rs\\\/en\\\/\",\"name\":\"\u0414\u0438\u043f\u043e\u0441\",\"description\":\"Privredno dru\u0161tvo koje se bavi upravljanjem, izdavanjem i odr\u017eavanjem nekretnina u vlasni\u0161tvu Republike Srbije\",\"publisher\":{\"@id\":\"https:\\\/\\\/dipos.rs\\\/en\\\/#organization\"},\"potentialAction\":[{\"@type\":\"SearchAction\",\"target\":{\"@type\":\"EntryPoint\",\"urlTemplate\":\"https:\\\/\\\/dipos.rs\\\/en\\\/?s={search_term_string}\"},\"query-input\":{\"@type\":\"PropertyValueSpecification\",\"valueRequired\":true,\"valueName\":\"search_term_string\"}}],\"inLanguage\":\"en-US\"},{\"@type\":\"Organization\",\"@id\":\"https:\\\/\\\/dipos.rs\\\/en\\\/#organization\",\"name\":\"\u0414\u0438\u043f\u043e\u0441\",\"url\":\"https:\\\/\\\/dipos.rs\\\/en\\\/\",\"logo\":{\"@type\":\"ImageObject\",\"inLanguage\":\"en-US\",\"@id\":\"https:\\\/\\\/dipos.rs\\\/en\\\/#\\\/schema\\\/logo\\\/image\\\/\",\"url\":\"https:\\\/\\\/dipos.rs\\\/wp-content\\\/uploads\\\/2022\\\/04\\\/logo-plavi.png\",\"contentUrl\":\"https:\\\/\\\/dipos.rs\\\/wp-content\\\/uploads\\\/2022\\\/04\\\/logo-plavi.png\",\"width\":380,\"height\":280,\"caption\":\"\u0414\u0438\u043f\u043e\u0441\"},\"image\":{\"@id\":\"https:\\\/\\\/dipos.rs\\\/en\\\/#\\\/schema\\\/logo\\\/image\\\/\"}},{\"@type\":\"Person\",\"@id\":\"https:\\\/\\\/dipos.rs\\\/en\\\/#\\\/schema\\\/person\\\/c20ee3851ab019e33d634e66aaf1149f\",\"name\":\"marko.stojkovic\",\"image\":{\"@type\":\"ImageObject\",\"inLanguage\":\"en-US\",\"@id\":\"https:\\\/\\\/secure.gravatar.com\\\/avatar\\\/2266a4748fcc81af4e2ff41102d207aea3f59a4334f69611ab79a1873aad60d8?s=96&d=mm&r=g\",\"url\":\"https:\\\/\\\/secure.gravatar.com\\\/avatar\\\/2266a4748fcc81af4e2ff41102d207aea3f59a4334f69611ab79a1873aad60d8?s=96&d=mm&r=g\",\"contentUrl\":\"https:\\\/\\\/secure.gravatar.com\\\/avatar\\\/2266a4748fcc81af4e2ff41102d207aea3f59a4334f69611ab79a1873aad60d8?s=96&d=mm&r=g\",\"caption\":\"marko.stojkovic\"},\"url\":\"https:\\\/\\\/dipos.rs\\\/en\\\/author\\\/marko-stojkovic\\\/\"}]}<\/script>\n<!-- \/ Yoast SEO Premium plugin. -->","yoast_head_json":{"title":"Dipos visits the Cervantes Institute - Dipos","robots":{"index":"index","follow":"follow","max-snippet":"max-snippet:-1","max-image-preview":"max-image-preview:large","max-video-preview":"max-video-preview:-1"},"canonical":"https:\/\/dipos.rs\/en\/news-cat\/dipos-visits-the-cervantes-institute\/","og_locale":"en_US","og_type":"article","og_title":"Dipos visits the Cervantes Institute","og_description":"The visit to the Cervantes Institute in Belgrade today was an opportunity to reaffirm our longstanding partnership and cooperation, discuss their enhancement, expansion, and future plans,\u201d stated Bojana Martinovi\u0107, Director of Dipos, adding that Dipos will continue to strive to provide the Institute with the best possible working conditions. This will be to the [&hellip;]","og_url":"https:\/\/dipos.rs\/en\/news-cat\/dipos-visits-the-cervantes-institute\/","og_site_name":"Dipos","article_published_time":"2025-04-07T06:43:37+00:00","article_modified_time":"2025-04-07T07:02:25+00:00","og_image":[{"width":2560,"height":1440,"url":"https:\/\/dipos.rs\/wp-content\/uploads\/2025\/04\/Cervantes-3-scaled.jpg","type":"image\/jpeg"}],"author":"marko.stojkovic","twitter_card":"summary_large_image","twitter_misc":{"Written by":"marko.stojkovic","Est. reading time":"2 minutes"},"schema":{"@context":"https:\/\/schema.org","@graph":[{"@type":"Article","@id":"https:\/\/dipos.rs\/en\/news-cat\/dipos-visits-the-cervantes-institute\/#article","isPartOf":{"@id":"https:\/\/dipos.rs\/en\/news-cat\/dipos-visits-the-cervantes-institute\/"},"author":{"name":"marko.stojkovic","@id":"https:\/\/dipos.rs\/en\/#\/schema\/person\/c20ee3851ab019e33d634e66aaf1149f"},"headline":"Dipos visits the Cervantes Institute","datePublished":"2025-04-07T06:43:37+00:00","dateModified":"2025-04-07T07:02:25+00:00","mainEntityOfPage":{"@id":"https:\/\/dipos.rs\/en\/news-cat\/dipos-visits-the-cervantes-institute\/"},"wordCount":498,"publisher":{"@id":"https:\/\/dipos.rs\/en\/#organization"},"image":{"@id":"https:\/\/dipos.rs\/en\/news-cat\/dipos-visits-the-cervantes-institute\/#primaryimage"},"thumbnailUrl":"https:\/\/dipos.rs\/wp-content\/uploads\/2025\/04\/Cervantes-3-scaled.jpg","articleSection":["News","\u0412\u0435\u0441\u0442\u0438"],"inLanguage":"en-US"},{"@type":"WebPage","@id":"https:\/\/dipos.rs\/en\/news-cat\/dipos-visits-the-cervantes-institute\/","url":"https:\/\/dipos.rs\/en\/news-cat\/dipos-visits-the-cervantes-institute\/","name":"Dipos visits the Cervantes Institute - Dipos","isPartOf":{"@id":"https:\/\/dipos.rs\/en\/#website"},"primaryImageOfPage":{"@id":"https:\/\/dipos.rs\/en\/news-cat\/dipos-visits-the-cervantes-institute\/#primaryimage"},"image":{"@id":"https:\/\/dipos.rs\/en\/news-cat\/dipos-visits-the-cervantes-institute\/#primaryimage"},"thumbnailUrl":"https:\/\/dipos.rs\/wp-content\/uploads\/2025\/04\/Cervantes-3-scaled.jpg","datePublished":"2025-04-07T06:43:37+00:00","dateModified":"2025-04-07T07:02:25+00:00","breadcrumb":{"@id":"https:\/\/dipos.rs\/en\/news-cat\/dipos-visits-the-cervantes-institute\/#breadcrumb"},"inLanguage":"en-US","potentialAction":[{"@type":"ReadAction","target":["https:\/\/dipos.rs\/en\/news-cat\/dipos-visits-the-cervantes-institute\/"]}]},{"@type":"ImageObject","inLanguage":"en-US","@id":"https:\/\/dipos.rs\/en\/news-cat\/dipos-visits-the-cervantes-institute\/#primaryimage","url":"https:\/\/dipos.rs\/wp-content\/uploads\/2025\/04\/Cervantes-3-scaled.jpg","contentUrl":"https:\/\/dipos.rs\/wp-content\/uploads\/2025\/04\/Cervantes-3-scaled.jpg","width":2560,"height":1440},{"@type":"BreadcrumbList","@id":"https:\/\/dipos.rs\/en\/news-cat\/dipos-visits-the-cervantes-institute\/#breadcrumb","itemListElement":[{"@type":"ListItem","position":1,"name":"Home","item":"https:\/\/dipos.rs\/en\/"},{"@type":"ListItem","position":2,"name":"Dipos visits the Cervantes Institute"}]},{"@type":"WebSite","@id":"https:\/\/dipos.rs\/en\/#website","url":"https:\/\/dipos.rs\/en\/","name":"\u0414\u0438\u043f\u043e\u0441","description":"Privredno dru\u0161tvo koje se bavi upravljanjem, izdavanjem i odr\u017eavanjem nekretnina u vlasni\u0161tvu Republike Srbije","publisher":{"@id":"https:\/\/dipos.rs\/en\/#organization"},"potentialAction":[{"@type":"SearchAction","target":{"@type":"EntryPoint","urlTemplate":"https:\/\/dipos.rs\/en\/?s={search_term_string}"},"query-input":{"@type":"PropertyValueSpecification","valueRequired":true,"valueName":"search_term_string"}}],"inLanguage":"en-US"},{"@type":"Organization","@id":"https:\/\/dipos.rs\/en\/#organization","name":"\u0414\u0438\u043f\u043e\u0441","url":"https:\/\/dipos.rs\/en\/","logo":{"@type":"ImageObject","inLanguage":"en-US","@id":"https:\/\/dipos.rs\/en\/#\/schema\/logo\/image\/","url":"https:\/\/dipos.rs\/wp-content\/uploads\/2022\/04\/logo-plavi.png","contentUrl":"https:\/\/dipos.rs\/wp-content\/uploads\/2022\/04\/logo-plavi.png","width":380,"height":280,"caption":"\u0414\u0438\u043f\u043e\u0441"},"image":{"@id":"https:\/\/dipos.rs\/en\/#\/schema\/logo\/image\/"}},{"@type":"Person","@id":"https:\/\/dipos.rs\/en\/#\/schema\/person\/c20ee3851ab019e33d634e66aaf1149f","name":"marko.stojkovic","image":{"@type":"ImageObject","inLanguage":"en-US","@id":"https:\/\/secure.gravatar.com\/avatar\/2266a4748fcc81af4e2ff41102d207aea3f59a4334f69611ab79a1873aad60d8?s=96&d=mm&r=g","url":"https:\/\/secure.gravatar.com\/avatar\/2266a4748fcc81af4e2ff41102d207aea3f59a4334f69611ab79a1873aad60d8?s=96&d=mm&r=g","contentUrl":"https:\/\/secure.gravatar.com\/avatar\/2266a4748fcc81af4e2ff41102d207aea3f59a4334f69611ab79a1873aad60d8?s=96&d=mm&r=g","caption":"marko.stojkovic"},"url":"https:\/\/dipos.rs\/en\/author\/marko-stojkovic\/"}]}},"_links":{"self":[{"href":"https:\/\/dipos.rs\/en\/wp-json\/wp\/v2\/posts\/10092","targetHints":{"allow":["GET"]}}],"collection":[{"href":"https:\/\/dipos.rs\/en\/wp-json\/wp\/v2\/posts"}],"about":[{"href":"https:\/\/dipos.rs\/en\/wp-json\/wp\/v2\/types\/post"}],"author":[{"embeddable":true,"href":"https:\/\/dipos.rs\/en\/wp-json\/wp\/v2\/users\/4"}],"replies":[{"embeddable":true,"href":"https:\/\/dipos.rs\/en\/wp-json\/wp\/v2\/comments?post=10092"}],"version-history":[{"count":0,"href":"https:\/\/dipos.rs\/en\/wp-json\/wp\/v2\/posts\/10092\/revisions"}],"wp:featuredmedia":[{"embeddable":true,"href":"https:\/\/dipos.rs\/en\/wp-json\/wp\/v2\/media\/10072"}],"wp:attachment":[{"href":"https:\/\/dipos.rs\/en\/wp-json\/wp\/v2\/media?parent=10092"}],"wp:term":[{"taxonomy":"category","embeddable":true,"href":"https:\/\/dipos.rs\/en\/wp-json\/wp\/v2\/categories?post=10092"},{"taxonomy":"post_tag","embeddable":true,"href":"https:\/\/dipos.rs\/en\/wp-json\/wp\/v2\/tags?post=10092"}],"curies":[{"name":"wp","href":"https:\/\/api.w.org\/{rel}","templated":true}]}}