{"id":10527,"date":"2025-06-04T11:46:56","date_gmt":"2025-06-04T09:46:56","guid":{"rendered":"https:\/\/dipos.rs\/dipos-participates-in-the-celebration-of-italian-republic-day\/"},"modified":"2025-06-04T11:52:51","modified_gmt":"2025-06-04T09:52:51","slug":"dipos-participates-in-the-celebration-of-italian-republic-day","status":"publish","type":"post","link":"https:\/\/dipos.rs\/en\/vest\/dipos-participates-in-the-celebration-of-italian-republic-day\/","title":{"rendered":"Dipos participates in the celebration of Italian Republic Day"},"content":{"rendered":"<p>[et_pb_section bb_built=&#8221;1&#8243;][et_pb_row][et_pb_column type=&#8221;4_4&#8243;][et_pb_text _builder_version=&#8221;4.4.5&#8243;]<\/p>\n<p>On the occasion of Italy&#8217;s Republic Day, the director of Dipos, Bojana Martinovi\u0107, and deputy director Ivana Milosavljevi\u0107 attended a reception at the Italian Embassy and extended their heartfelt congratulations to the people of Italy and H.E. Ambassador Luca Gori on this important national holiday.<\/p>\n<p>[\/et_pb_text][et_pb_image _builder_version=&#8221;4.4.5&#8243; src=&#8221;https:\/\/dipos.rs\/wp-content\/uploads\/2025\/06\/1-scaled.jpg&#8221; \/][et_pb_text _builder_version=&#8221;4.4.5&#8243;]<\/p>\n<p>Among the distinguished guests were the Prime Minister of Serbia, \u0110uro Macut, the First Lady of Serbia, Tamara Vu\u010di\u0107, as well as representatives of the Serbian establishment, diplomatic corps, and notable figures from the country\u2019s business, cultural, and public spheres.<\/p>\n<p>&nbsp;<\/p>\n<p>[\/et_pb_text][et_pb_image _builder_version=&#8221;4.4.5&#8243; src=&#8221;https:\/\/dipos.rs\/wp-content\/uploads\/2025\/06\/2-scaled.jpg&#8221; \/][et_pb_text _builder_version=&#8221;4.4.5&#8243;]<\/p>\n<p>We are proud of our long-standing cooperation with the Italian Cultural Institute, which has been using a property from our portfolio at 56 Knez Milo\u0161 Street for nearly 20 years.<\/p>\n<p>We remain committed to building strong ties and lasting friendships!<\/p>\n<p>[\/et_pb_text][et_pb_image _builder_version=&#8221;4.4.5&#8243; src=&#8221;https:\/\/dipos.rs\/wp-content\/uploads\/2025\/06\/4-scaled.jpg&#8221; \/][et_pb_image _builder_version=&#8221;4.4.5&#8243; src=&#8221;https:\/\/dipos.rs\/wp-content\/uploads\/2025\/06\/6-scaled.jpg&#8221; \/][et_pb_image _builder_version=&#8221;4.4.5&#8243; src=&#8221;https:\/\/dipos.rs\/wp-content\/uploads\/2025\/06\/5-scaled.jpg&#8221; \/][et_pb_image _builder_version=&#8221;4.4.5&#8243; src=&#8221;https:\/\/dipos.rs\/wp-content\/uploads\/2025\/06\/7a.jpg&#8221; \/][\/et_pb_column][\/et_pb_row][\/et_pb_section]<\/p>\n","protected":false},"excerpt":{"rendered":"<p><div class=\"et_pb_row et_pb_row_0 et_pb_row_empty\">\n\t\t\t\t\n\t\t\t\t\n\t\t\t\t\n\t\t\t\t\n\t\t\t\t\n\t\t\t<\/div> On the occasion of Italy&#8217;s Republic Day, the director of Dipos, Bojana Martinovi\u0107, and deputy director Ivana Milosavljevi\u0107 attended a reception at the Italian Embassy and extended their heartfelt congratulations to the people of Italy and H.E. Ambassador Luca Gori on this important national holiday. Among the distinguished guests were the Prime Minister of [&hellip;]<\/p>\n","protected":false},"author":14,"featured_media":10512,"comment_status":"closed","ping_status":"closed","sticky":false,"template":"","format":"standard","meta":{"_et_pb_use_builder":"o","_et_pb_old_content":"","_et_gb_content_width":"","inline_featured_image":false,"footnotes":""},"categories":[32],"tags":[],"class_list":["post-10527","post","type-post","status-publish","format-standard","has-post-thumbnail","hentry","category-vest"],"yoast_head":"<!-- This site is optimized with the Yoast SEO Premium plugin v22.2 (Yoast SEO v27.4) - https:\/\/yoast.com\/product\/yoast-seo-premium-wordpress\/ -->\n<title>Dipos participates in the celebration of Italian Republic Day - Dipos<\/title>\n<meta name=\"description\" content=\"On the occasion of Italy&#039;s Republic Day, the director of Dipos, Bojana Martinovi\u0107, and deputy director Ivana Milosavljevi\u0107 attended a reception at the Italian Embassy\" \/>\n<meta name=\"robots\" content=\"index, follow, max-snippet:-1, max-image-preview:large, max-video-preview:-1\" \/>\n<link rel=\"canonical\" href=\"https:\/\/dipos.rs\/en\/vest\/dipos-participates-in-the-celebration-of-italian-republic-day\/\" \/>\n<meta property=\"og:locale\" content=\"en_US\" \/>\n<meta property=\"og:type\" content=\"article\" \/>\n<meta property=\"og:title\" content=\"Dipos participates in the celebration of Italian Republic Day\" \/>\n<meta property=\"og:description\" content=\"On the occasion of Italy&#039;s Republic Day, the director of Dipos, Bojana Martinovi\u0107, and deputy director Ivana Milosavljevi\u0107 attended a reception at the Italian Embassy\" \/>\n<meta property=\"og:url\" content=\"https:\/\/dipos.rs\/en\/vest\/dipos-participates-in-the-celebration-of-italian-republic-day\/\" \/>\n<meta property=\"og:site_name\" content=\"Dipos\" \/>\n<meta property=\"article:published_time\" content=\"2025-06-04T09:46:56+00:00\" \/>\n<meta property=\"article:modified_time\" content=\"2025-06-04T09:52:51+00:00\" \/>\n<meta property=\"og:image\" content=\"https:\/\/dipos.rs\/wp-content\/uploads\/2025\/06\/1-scaled.jpg\" \/>\n\t<meta property=\"og:image:width\" content=\"2048\" \/>\n\t<meta property=\"og:image:height\" content=\"2560\" \/>\n\t<meta property=\"og:image:type\" content=\"image\/jpeg\" \/>\n<meta name=\"author\" content=\"Marija Savic\" \/>\n<meta name=\"twitter:card\" content=\"summary_large_image\" \/>\n<meta name=\"twitter:label1\" content=\"Written by\" \/>\n\t<meta name=\"twitter:data1\" content=\"Marija Savic\" \/>\n\t<meta name=\"twitter:label2\" content=\"Est. reading time\" \/>\n\t<meta name=\"twitter:data2\" content=\"1 minute\" \/>\n<script type=\"application\/ld+json\" class=\"yoast-schema-graph\">{\"@context\":\"https:\\\/\\\/schema.org\",\"@graph\":[{\"@type\":\"Article\",\"@id\":\"https:\\\/\\\/dipos.rs\\\/en\\\/vest\\\/dipos-participates-in-the-celebration-of-italian-republic-day\\\/#article\",\"isPartOf\":{\"@id\":\"https:\\\/\\\/dipos.rs\\\/en\\\/vest\\\/dipos-participates-in-the-celebration-of-italian-republic-day\\\/\"},\"author\":{\"name\":\"Marija Savic\",\"@id\":\"https:\\\/\\\/dipos.rs\\\/en\\\/#\\\/schema\\\/person\\\/a1a675959b6e1b19ad9c5b2732ad3d22\"},\"headline\":\"Dipos participates in the celebration of Italian Republic Day\",\"datePublished\":\"2025-06-04T09:46:56+00:00\",\"dateModified\":\"2025-06-04T09:52:51+00:00\",\"mainEntityOfPage\":{\"@id\":\"https:\\\/\\\/dipos.rs\\\/en\\\/vest\\\/dipos-participates-in-the-celebration-of-italian-republic-day\\\/\"},\"wordCount\":259,\"publisher\":{\"@id\":\"https:\\\/\\\/dipos.rs\\\/en\\\/#organization\"},\"image\":{\"@id\":\"https:\\\/\\\/dipos.rs\\\/en\\\/vest\\\/dipos-participates-in-the-celebration-of-italian-republic-day\\\/#primaryimage\"},\"thumbnailUrl\":\"https:\\\/\\\/dipos.rs\\\/wp-content\\\/uploads\\\/2025\\\/06\\\/1-scaled.jpg\",\"articleSection\":[\"\u0412\u0435\u0441\u0442\u0438\"],\"inLanguage\":\"en-US\"},{\"@type\":\"WebPage\",\"@id\":\"https:\\\/\\\/dipos.rs\\\/en\\\/vest\\\/dipos-participates-in-the-celebration-of-italian-republic-day\\\/\",\"url\":\"https:\\\/\\\/dipos.rs\\\/en\\\/vest\\\/dipos-participates-in-the-celebration-of-italian-republic-day\\\/\",\"name\":\"Dipos participates in the celebration of Italian Republic Day - Dipos\",\"isPartOf\":{\"@id\":\"https:\\\/\\\/dipos.rs\\\/en\\\/#website\"},\"primaryImageOfPage\":{\"@id\":\"https:\\\/\\\/dipos.rs\\\/en\\\/vest\\\/dipos-participates-in-the-celebration-of-italian-republic-day\\\/#primaryimage\"},\"image\":{\"@id\":\"https:\\\/\\\/dipos.rs\\\/en\\\/vest\\\/dipos-participates-in-the-celebration-of-italian-republic-day\\\/#primaryimage\"},\"thumbnailUrl\":\"https:\\\/\\\/dipos.rs\\\/wp-content\\\/uploads\\\/2025\\\/06\\\/1-scaled.jpg\",\"datePublished\":\"2025-06-04T09:46:56+00:00\",\"dateModified\":\"2025-06-04T09:52:51+00:00\",\"description\":\"On the occasion of Italy's Republic Day, the director of Dipos, Bojana Martinovi\u0107, and deputy director Ivana Milosavljevi\u0107 attended a reception at the Italian Embassy\",\"breadcrumb\":{\"@id\":\"https:\\\/\\\/dipos.rs\\\/en\\\/vest\\\/dipos-participates-in-the-celebration-of-italian-republic-day\\\/#breadcrumb\"},\"inLanguage\":\"en-US\",\"potentialAction\":[{\"@type\":\"ReadAction\",\"target\":[\"https:\\\/\\\/dipos.rs\\\/en\\\/vest\\\/dipos-participates-in-the-celebration-of-italian-republic-day\\\/\"]}]},{\"@type\":\"ImageObject\",\"inLanguage\":\"en-US\",\"@id\":\"https:\\\/\\\/dipos.rs\\\/en\\\/vest\\\/dipos-participates-in-the-celebration-of-italian-republic-day\\\/#primaryimage\",\"url\":\"https:\\\/\\\/dipos.rs\\\/wp-content\\\/uploads\\\/2025\\\/06\\\/1-scaled.jpg\",\"contentUrl\":\"https:\\\/\\\/dipos.rs\\\/wp-content\\\/uploads\\\/2025\\\/06\\\/1-scaled.jpg\",\"width\":2048,\"height\":2560},{\"@type\":\"BreadcrumbList\",\"@id\":\"https:\\\/\\\/dipos.rs\\\/en\\\/vest\\\/dipos-participates-in-the-celebration-of-italian-republic-day\\\/#breadcrumb\",\"itemListElement\":[{\"@type\":\"ListItem\",\"position\":1,\"name\":\"Home\",\"item\":\"https:\\\/\\\/dipos.rs\\\/en\\\/\"},{\"@type\":\"ListItem\",\"position\":2,\"name\":\"Dipos participates in the celebration of Italian Republic Day\"}]},{\"@type\":\"WebSite\",\"@id\":\"https:\\\/\\\/dipos.rs\\\/en\\\/#website\",\"url\":\"https:\\\/\\\/dipos.rs\\\/en\\\/\",\"name\":\"\u0414\u0438\u043f\u043e\u0441\",\"description\":\"Privredno dru\u0161tvo koje se bavi upravljanjem, izdavanjem i odr\u017eavanjem nekretnina u vlasni\u0161tvu Republike Srbije\",\"publisher\":{\"@id\":\"https:\\\/\\\/dipos.rs\\\/en\\\/#organization\"},\"potentialAction\":[{\"@type\":\"SearchAction\",\"target\":{\"@type\":\"EntryPoint\",\"urlTemplate\":\"https:\\\/\\\/dipos.rs\\\/en\\\/?s={search_term_string}\"},\"query-input\":{\"@type\":\"PropertyValueSpecification\",\"valueRequired\":true,\"valueName\":\"search_term_string\"}}],\"inLanguage\":\"en-US\"},{\"@type\":\"Organization\",\"@id\":\"https:\\\/\\\/dipos.rs\\\/en\\\/#organization\",\"name\":\"\u0414\u0438\u043f\u043e\u0441\",\"url\":\"https:\\\/\\\/dipos.rs\\\/en\\\/\",\"logo\":{\"@type\":\"ImageObject\",\"inLanguage\":\"en-US\",\"@id\":\"https:\\\/\\\/dipos.rs\\\/en\\\/#\\\/schema\\\/logo\\\/image\\\/\",\"url\":\"https:\\\/\\\/dipos.rs\\\/wp-content\\\/uploads\\\/2022\\\/04\\\/logo-plavi.png\",\"contentUrl\":\"https:\\\/\\\/dipos.rs\\\/wp-content\\\/uploads\\\/2022\\\/04\\\/logo-plavi.png\",\"width\":380,\"height\":280,\"caption\":\"\u0414\u0438\u043f\u043e\u0441\"},\"image\":{\"@id\":\"https:\\\/\\\/dipos.rs\\\/en\\\/#\\\/schema\\\/logo\\\/image\\\/\"}},{\"@type\":\"Person\",\"@id\":\"https:\\\/\\\/dipos.rs\\\/en\\\/#\\\/schema\\\/person\\\/a1a675959b6e1b19ad9c5b2732ad3d22\",\"name\":\"Marija Savic\",\"image\":{\"@type\":\"ImageObject\",\"inLanguage\":\"en-US\",\"@id\":\"https:\\\/\\\/secure.gravatar.com\\\/avatar\\\/9577e12407d06a346e56333c02b4fb01c4c7f9ce53827406104da52968501f40?s=96&d=mm&r=g\",\"url\":\"https:\\\/\\\/secure.gravatar.com\\\/avatar\\\/9577e12407d06a346e56333c02b4fb01c4c7f9ce53827406104da52968501f40?s=96&d=mm&r=g\",\"contentUrl\":\"https:\\\/\\\/secure.gravatar.com\\\/avatar\\\/9577e12407d06a346e56333c02b4fb01c4c7f9ce53827406104da52968501f40?s=96&d=mm&r=g\",\"caption\":\"Marija Savic\"},\"url\":\"https:\\\/\\\/dipos.rs\\\/en\\\/author\\\/marija-savic\\\/\"}]}<\/script>\n<!-- \/ Yoast SEO Premium plugin. -->","yoast_head_json":{"title":"Dipos participates in the celebration of Italian Republic Day - Dipos","description":"On the occasion of Italy's Republic Day, the director of Dipos, Bojana Martinovi\u0107, and deputy director Ivana Milosavljevi\u0107 attended a reception at the Italian Embassy","robots":{"index":"index","follow":"follow","max-snippet":"max-snippet:-1","max-image-preview":"max-image-preview:large","max-video-preview":"max-video-preview:-1"},"canonical":"https:\/\/dipos.rs\/en\/vest\/dipos-participates-in-the-celebration-of-italian-republic-day\/","og_locale":"en_US","og_type":"article","og_title":"Dipos participates in the celebration of Italian Republic Day","og_description":"On the occasion of Italy's Republic Day, the director of Dipos, Bojana Martinovi\u0107, and deputy director Ivana Milosavljevi\u0107 attended a reception at the Italian Embassy","og_url":"https:\/\/dipos.rs\/en\/vest\/dipos-participates-in-the-celebration-of-italian-republic-day\/","og_site_name":"Dipos","article_published_time":"2025-06-04T09:46:56+00:00","article_modified_time":"2025-06-04T09:52:51+00:00","og_image":[{"width":2048,"height":2560,"url":"https:\/\/dipos.rs\/wp-content\/uploads\/2025\/06\/1-scaled.jpg","type":"image\/jpeg"}],"author":"Marija Savic","twitter_card":"summary_large_image","twitter_misc":{"Written by":"Marija Savic","Est. reading time":"1 minute"},"schema":{"@context":"https:\/\/schema.org","@graph":[{"@type":"Article","@id":"https:\/\/dipos.rs\/en\/vest\/dipos-participates-in-the-celebration-of-italian-republic-day\/#article","isPartOf":{"@id":"https:\/\/dipos.rs\/en\/vest\/dipos-participates-in-the-celebration-of-italian-republic-day\/"},"author":{"name":"Marija Savic","@id":"https:\/\/dipos.rs\/en\/#\/schema\/person\/a1a675959b6e1b19ad9c5b2732ad3d22"},"headline":"Dipos participates in the celebration of Italian Republic Day","datePublished":"2025-06-04T09:46:56+00:00","dateModified":"2025-06-04T09:52:51+00:00","mainEntityOfPage":{"@id":"https:\/\/dipos.rs\/en\/vest\/dipos-participates-in-the-celebration-of-italian-republic-day\/"},"wordCount":259,"publisher":{"@id":"https:\/\/dipos.rs\/en\/#organization"},"image":{"@id":"https:\/\/dipos.rs\/en\/vest\/dipos-participates-in-the-celebration-of-italian-republic-day\/#primaryimage"},"thumbnailUrl":"https:\/\/dipos.rs\/wp-content\/uploads\/2025\/06\/1-scaled.jpg","articleSection":["\u0412\u0435\u0441\u0442\u0438"],"inLanguage":"en-US"},{"@type":"WebPage","@id":"https:\/\/dipos.rs\/en\/vest\/dipos-participates-in-the-celebration-of-italian-republic-day\/","url":"https:\/\/dipos.rs\/en\/vest\/dipos-participates-in-the-celebration-of-italian-republic-day\/","name":"Dipos participates in the celebration of Italian Republic Day - Dipos","isPartOf":{"@id":"https:\/\/dipos.rs\/en\/#website"},"primaryImageOfPage":{"@id":"https:\/\/dipos.rs\/en\/vest\/dipos-participates-in-the-celebration-of-italian-republic-day\/#primaryimage"},"image":{"@id":"https:\/\/dipos.rs\/en\/vest\/dipos-participates-in-the-celebration-of-italian-republic-day\/#primaryimage"},"thumbnailUrl":"https:\/\/dipos.rs\/wp-content\/uploads\/2025\/06\/1-scaled.jpg","datePublished":"2025-06-04T09:46:56+00:00","dateModified":"2025-06-04T09:52:51+00:00","description":"On the occasion of Italy's Republic Day, the director of Dipos, Bojana Martinovi\u0107, and deputy director Ivana Milosavljevi\u0107 attended a reception at the Italian Embassy","breadcrumb":{"@id":"https:\/\/dipos.rs\/en\/vest\/dipos-participates-in-the-celebration-of-italian-republic-day\/#breadcrumb"},"inLanguage":"en-US","potentialAction":[{"@type":"ReadAction","target":["https:\/\/dipos.rs\/en\/vest\/dipos-participates-in-the-celebration-of-italian-republic-day\/"]}]},{"@type":"ImageObject","inLanguage":"en-US","@id":"https:\/\/dipos.rs\/en\/vest\/dipos-participates-in-the-celebration-of-italian-republic-day\/#primaryimage","url":"https:\/\/dipos.rs\/wp-content\/uploads\/2025\/06\/1-scaled.jpg","contentUrl":"https:\/\/dipos.rs\/wp-content\/uploads\/2025\/06\/1-scaled.jpg","width":2048,"height":2560},{"@type":"BreadcrumbList","@id":"https:\/\/dipos.rs\/en\/vest\/dipos-participates-in-the-celebration-of-italian-republic-day\/#breadcrumb","itemListElement":[{"@type":"ListItem","position":1,"name":"Home","item":"https:\/\/dipos.rs\/en\/"},{"@type":"ListItem","position":2,"name":"Dipos participates in the celebration of Italian Republic Day"}]},{"@type":"WebSite","@id":"https:\/\/dipos.rs\/en\/#website","url":"https:\/\/dipos.rs\/en\/","name":"\u0414\u0438\u043f\u043e\u0441","description":"Privredno dru\u0161tvo koje se bavi upravljanjem, izdavanjem i odr\u017eavanjem nekretnina u vlasni\u0161tvu Republike Srbije","publisher":{"@id":"https:\/\/dipos.rs\/en\/#organization"},"potentialAction":[{"@type":"SearchAction","target":{"@type":"EntryPoint","urlTemplate":"https:\/\/dipos.rs\/en\/?s={search_term_string}"},"query-input":{"@type":"PropertyValueSpecification","valueRequired":true,"valueName":"search_term_string"}}],"inLanguage":"en-US"},{"@type":"Organization","@id":"https:\/\/dipos.rs\/en\/#organization","name":"\u0414\u0438\u043f\u043e\u0441","url":"https:\/\/dipos.rs\/en\/","logo":{"@type":"ImageObject","inLanguage":"en-US","@id":"https:\/\/dipos.rs\/en\/#\/schema\/logo\/image\/","url":"https:\/\/dipos.rs\/wp-content\/uploads\/2022\/04\/logo-plavi.png","contentUrl":"https:\/\/dipos.rs\/wp-content\/uploads\/2022\/04\/logo-plavi.png","width":380,"height":280,"caption":"\u0414\u0438\u043f\u043e\u0441"},"image":{"@id":"https:\/\/dipos.rs\/en\/#\/schema\/logo\/image\/"}},{"@type":"Person","@id":"https:\/\/dipos.rs\/en\/#\/schema\/person\/a1a675959b6e1b19ad9c5b2732ad3d22","name":"Marija Savic","image":{"@type":"ImageObject","inLanguage":"en-US","@id":"https:\/\/secure.gravatar.com\/avatar\/9577e12407d06a346e56333c02b4fb01c4c7f9ce53827406104da52968501f40?s=96&d=mm&r=g","url":"https:\/\/secure.gravatar.com\/avatar\/9577e12407d06a346e56333c02b4fb01c4c7f9ce53827406104da52968501f40?s=96&d=mm&r=g","contentUrl":"https:\/\/secure.gravatar.com\/avatar\/9577e12407d06a346e56333c02b4fb01c4c7f9ce53827406104da52968501f40?s=96&d=mm&r=g","caption":"Marija Savic"},"url":"https:\/\/dipos.rs\/en\/author\/marija-savic\/"}]}},"_links":{"self":[{"href":"https:\/\/dipos.rs\/en\/wp-json\/wp\/v2\/posts\/10527","targetHints":{"allow":["GET"]}}],"collection":[{"href":"https:\/\/dipos.rs\/en\/wp-json\/wp\/v2\/posts"}],"about":[{"href":"https:\/\/dipos.rs\/en\/wp-json\/wp\/v2\/types\/post"}],"author":[{"embeddable":true,"href":"https:\/\/dipos.rs\/en\/wp-json\/wp\/v2\/users\/14"}],"replies":[{"embeddable":true,"href":"https:\/\/dipos.rs\/en\/wp-json\/wp\/v2\/comments?post=10527"}],"version-history":[{"count":0,"href":"https:\/\/dipos.rs\/en\/wp-json\/wp\/v2\/posts\/10527\/revisions"}],"wp:featuredmedia":[{"embeddable":true,"href":"https:\/\/dipos.rs\/en\/wp-json\/wp\/v2\/media\/10512"}],"wp:attachment":[{"href":"https:\/\/dipos.rs\/en\/wp-json\/wp\/v2\/media?parent=10527"}],"wp:term":[{"taxonomy":"category","embeddable":true,"href":"https:\/\/dipos.rs\/en\/wp-json\/wp\/v2\/categories?post=10527"},{"taxonomy":"post_tag","embeddable":true,"href":"https:\/\/dipos.rs\/en\/wp-json\/wp\/v2\/tags?post=10527"}],"curies":[{"name":"wp","href":"https:\/\/api.w.org\/{rel}","templated":true}]}}