{"id":10584,"date":"2025-06-09T10:19:45","date_gmt":"2025-06-09T08:19:45","guid":{"rendered":"https:\/\/dipos.rs\/day-of-the-ministry-of-interior-affairs-and-the-police-day-dipos-attended-the-central-ceremony\/"},"modified":"2025-06-09T10:24:40","modified_gmt":"2025-06-09T08:24:40","slug":"day-of-the-ministry-of-interior-affairs-and-the-police-day-dipos-attended-the-central-ceremony","status":"publish","type":"post","link":"https:\/\/dipos.rs\/en\/news-cat\/day-of-the-ministry-of-interior-affairs-and-the-police-day-dipos-attended-the-central-ceremony\/","title":{"rendered":"Day of the Ministry of Interior Affairs and the Police Day: Dipos Attended the Central Ceremony"},"content":{"rendered":"<p>[et_pb_section bb_built=&#8221;1&#8243;][et_pb_row][et_pb_column type=&#8221;4_4&#8243;][et_pb_text _builder_version=&#8221;4.4.5&#8243;]<\/p>\n<p>On the occasion of the Ministry of Internal Affairs Day and Police Day, the Director of Dipos, Bojana Martinovi\u0107, and the Deputy Director, Ivana Milosavljevi\u0107, attended a formal ceremony held today at the \u201cSerbia\u201d Palace.<\/p>\n<p>In addition to the Deputy Prime Minister and Minister of Internal Affairs, Ivica Da\u010di\u0107, the ceremony was also attended by the President of Serbia, Aleksandar Vu\u010di\u0107, prime minister Djuro Macut, the Director of Police and Police General, Dragan Vasiljevi\u0107, as well as numerous high-ranking officials.<\/p>\n<p>[\/et_pb_text][et_pb_image _builder_version=&#8221;4.4.5&#8243; src=&#8221;https:\/\/dipos.rs\/wp-content\/uploads\/2025\/06\/1-1-scaled.jpg&#8221; \/][et_pb_text _builder_version=&#8221;4.4.5&#8243;]<\/p>\n<p>Congratulating all members of the Ministry of Internal Affairs and the police on their holiday, Director Martinovi\u0107 expressed her gratitude for their honorable and professional service, as well as for preserving the safety and security of our country and all its citizens.<\/p>\n<p>[\/et_pb_text][et_pb_image _builder_version=&#8221;4.4.5&#8243; src=&#8221;https:\/\/dipos.rs\/wp-content\/uploads\/2025\/06\/2-2-scaled.jpg&#8221; \/][et_pb_image _builder_version=&#8221;4.4.5&#8243; src=&#8221;https:\/\/dipos.rs\/wp-content\/uploads\/2025\/06\/4-1-scaled.jpg&#8221; \/][et_pb_image _builder_version=&#8221;4.4.5&#8243; \/][et_pb_image _builder_version=&#8221;4.4.5&#8243; src=&#8221;https:\/\/dipos.rs\/wp-content\/uploads\/2025\/06\/3-1-scaled.jpg&#8221; \/][et_pb_text _builder_version=&#8221;4.4.5&#8243;]<\/p>\n<p>The Ministry of Internal Affairs Day and Police Day are commemorated in remembrance of the year 1862, when the Serbian Gendarmerie played a crucial role during the Pentecost clashes at \u010cukur Fountain in Belgrade, as well as during the Turkish bombardment of Belgrade the following day.<\/p>\n<p>[\/et_pb_text][et_pb_image _builder_version=&#8221;4.4.5&#8243; src=&#8221;https:\/\/dipos.rs\/wp-content\/uploads\/2025\/06\/5-1-scaled.jpg&#8221; \/][\/et_pb_column][\/et_pb_row][\/et_pb_section]<\/p>\n","protected":false},"excerpt":{"rendered":"<p><div class=\"et_pb_row et_pb_row_0 et_pb_row_empty\">\n\t\t\t\t\n\t\t\t\t\n\t\t\t\t\n\t\t\t\t\n\t\t\t\t\n\t\t\t<\/div> On the occasion of the Ministry of Internal Affairs Day and Police Day, the Director of Dipos, Bojana Martinovi\u0107, and the Deputy Director, Ivana Milosavljevi\u0107, attended a formal ceremony held today at the \u201cSerbia\u201d Palace.In addition to the Deputy Prime Minister and Minister of Internal Affairs, Ivica Da\u010di\u0107, the ceremony was also attended by [&hellip;]<\/p>\n","protected":false},"author":14,"featured_media":10575,"comment_status":"closed","ping_status":"closed","sticky":false,"template":"","format":"standard","meta":{"_et_pb_use_builder":"o","_et_pb_old_content":"","_et_gb_content_width":"","inline_featured_image":false,"footnotes":""},"categories":[34,32],"tags":[],"class_list":["post-10584","post","type-post","status-publish","format-standard","has-post-thumbnail","hentry","category-news-cat","category-vest"],"yoast_head":"<!-- This site is optimized with the Yoast SEO Premium plugin v22.2 (Yoast SEO v27.4) - https:\/\/yoast.com\/product\/yoast-seo-premium-wordpress\/ -->\n<title>Day of the Ministry of Interior Affairs and the Police Day: Dipos Attended the Central Ceremony - Dipos<\/title>\n<meta name=\"description\" content=\"Diposa Director Bojana Martinovi\u0107 and Deputy Director Ivana Milosavljevi\u0107 attended the central ceremony of the Ministry of Internal Affairs Day and Police Day\" \/>\n<meta name=\"robots\" content=\"index, follow, max-snippet:-1, max-image-preview:large, max-video-preview:-1\" \/>\n<link rel=\"canonical\" href=\"https:\/\/dipos.rs\/en\/news-cat\/day-of-the-ministry-of-interior-affairs-and-the-police-day-dipos-attended-the-central-ceremony\/\" \/>\n<meta property=\"og:locale\" content=\"en_US\" \/>\n<meta property=\"og:type\" content=\"article\" \/>\n<meta property=\"og:title\" content=\"Day of the Ministry of Interior Affairs and the Police Day: Dipos Attended the Central Ceremony\" \/>\n<meta property=\"og:description\" content=\"Diposa Director Bojana Martinovi\u0107 and Deputy Director Ivana Milosavljevi\u0107 attended the central ceremony of the Ministry of Internal Affairs Day and Police Day\" \/>\n<meta property=\"og:url\" content=\"https:\/\/dipos.rs\/en\/news-cat\/day-of-the-ministry-of-interior-affairs-and-the-police-day-dipos-attended-the-central-ceremony\/\" \/>\n<meta property=\"og:site_name\" content=\"Dipos\" \/>\n<meta property=\"article:published_time\" content=\"2025-06-09T08:19:45+00:00\" \/>\n<meta property=\"article:modified_time\" content=\"2025-06-09T08:24:40+00:00\" \/>\n<meta property=\"og:image\" content=\"https:\/\/dipos.rs\/wp-content\/uploads\/2025\/06\/1-1-scaled.jpg\" \/>\n\t<meta property=\"og:image:width\" content=\"2560\" \/>\n\t<meta property=\"og:image:height\" content=\"1703\" \/>\n\t<meta property=\"og:image:type\" content=\"image\/jpeg\" \/>\n<meta name=\"author\" content=\"Marija Savic\" \/>\n<meta name=\"twitter:card\" content=\"summary_large_image\" \/>\n<meta name=\"twitter:label1\" content=\"Written by\" \/>\n\t<meta name=\"twitter:data1\" content=\"Marija Savic\" \/>\n\t<meta name=\"twitter:label2\" content=\"Est. reading time\" \/>\n\t<meta name=\"twitter:data2\" content=\"1 minute\" \/>\n<script type=\"application\/ld+json\" class=\"yoast-schema-graph\">{\"@context\":\"https:\\\/\\\/schema.org\",\"@graph\":[{\"@type\":\"Article\",\"@id\":\"https:\\\/\\\/dipos.rs\\\/en\\\/news-cat\\\/day-of-the-ministry-of-interior-affairs-and-the-police-day-dipos-attended-the-central-ceremony\\\/#article\",\"isPartOf\":{\"@id\":\"https:\\\/\\\/dipos.rs\\\/en\\\/news-cat\\\/day-of-the-ministry-of-interior-affairs-and-the-police-day-dipos-attended-the-central-ceremony\\\/\"},\"author\":{\"name\":\"Marija Savic\",\"@id\":\"https:\\\/\\\/dipos.rs\\\/en\\\/#\\\/schema\\\/person\\\/a1a675959b6e1b19ad9c5b2732ad3d22\"},\"headline\":\"Day of the Ministry of Interior Affairs and the Police Day: Dipos Attended the Central Ceremony\",\"datePublished\":\"2025-06-09T08:19:45+00:00\",\"dateModified\":\"2025-06-09T08:24:40+00:00\",\"mainEntityOfPage\":{\"@id\":\"https:\\\/\\\/dipos.rs\\\/en\\\/news-cat\\\/day-of-the-ministry-of-interior-affairs-and-the-police-day-dipos-attended-the-central-ceremony\\\/\"},\"wordCount\":305,\"publisher\":{\"@id\":\"https:\\\/\\\/dipos.rs\\\/en\\\/#organization\"},\"image\":{\"@id\":\"https:\\\/\\\/dipos.rs\\\/en\\\/news-cat\\\/day-of-the-ministry-of-interior-affairs-and-the-police-day-dipos-attended-the-central-ceremony\\\/#primaryimage\"},\"thumbnailUrl\":\"https:\\\/\\\/dipos.rs\\\/wp-content\\\/uploads\\\/2025\\\/06\\\/1-1-scaled.jpg\",\"articleSection\":[\"News\",\"\u0412\u0435\u0441\u0442\u0438\"],\"inLanguage\":\"en-US\"},{\"@type\":\"WebPage\",\"@id\":\"https:\\\/\\\/dipos.rs\\\/en\\\/news-cat\\\/day-of-the-ministry-of-interior-affairs-and-the-police-day-dipos-attended-the-central-ceremony\\\/\",\"url\":\"https:\\\/\\\/dipos.rs\\\/en\\\/news-cat\\\/day-of-the-ministry-of-interior-affairs-and-the-police-day-dipos-attended-the-central-ceremony\\\/\",\"name\":\"Day of the Ministry of Interior Affairs and the Police Day: Dipos Attended the Central Ceremony - Dipos\",\"isPartOf\":{\"@id\":\"https:\\\/\\\/dipos.rs\\\/en\\\/#website\"},\"primaryImageOfPage\":{\"@id\":\"https:\\\/\\\/dipos.rs\\\/en\\\/news-cat\\\/day-of-the-ministry-of-interior-affairs-and-the-police-day-dipos-attended-the-central-ceremony\\\/#primaryimage\"},\"image\":{\"@id\":\"https:\\\/\\\/dipos.rs\\\/en\\\/news-cat\\\/day-of-the-ministry-of-interior-affairs-and-the-police-day-dipos-attended-the-central-ceremony\\\/#primaryimage\"},\"thumbnailUrl\":\"https:\\\/\\\/dipos.rs\\\/wp-content\\\/uploads\\\/2025\\\/06\\\/1-1-scaled.jpg\",\"datePublished\":\"2025-06-09T08:19:45+00:00\",\"dateModified\":\"2025-06-09T08:24:40+00:00\",\"description\":\"Diposa Director Bojana Martinovi\u0107 and Deputy Director Ivana Milosavljevi\u0107 attended the central ceremony of the Ministry of Internal Affairs Day and Police Day\",\"breadcrumb\":{\"@id\":\"https:\\\/\\\/dipos.rs\\\/en\\\/news-cat\\\/day-of-the-ministry-of-interior-affairs-and-the-police-day-dipos-attended-the-central-ceremony\\\/#breadcrumb\"},\"inLanguage\":\"en-US\",\"potentialAction\":[{\"@type\":\"ReadAction\",\"target\":[\"https:\\\/\\\/dipos.rs\\\/en\\\/news-cat\\\/day-of-the-ministry-of-interior-affairs-and-the-police-day-dipos-attended-the-central-ceremony\\\/\"]}]},{\"@type\":\"ImageObject\",\"inLanguage\":\"en-US\",\"@id\":\"https:\\\/\\\/dipos.rs\\\/en\\\/news-cat\\\/day-of-the-ministry-of-interior-affairs-and-the-police-day-dipos-attended-the-central-ceremony\\\/#primaryimage\",\"url\":\"https:\\\/\\\/dipos.rs\\\/wp-content\\\/uploads\\\/2025\\\/06\\\/1-1-scaled.jpg\",\"contentUrl\":\"https:\\\/\\\/dipos.rs\\\/wp-content\\\/uploads\\\/2025\\\/06\\\/1-1-scaled.jpg\",\"width\":2560,\"height\":1703},{\"@type\":\"BreadcrumbList\",\"@id\":\"https:\\\/\\\/dipos.rs\\\/en\\\/news-cat\\\/day-of-the-ministry-of-interior-affairs-and-the-police-day-dipos-attended-the-central-ceremony\\\/#breadcrumb\",\"itemListElement\":[{\"@type\":\"ListItem\",\"position\":1,\"name\":\"Home\",\"item\":\"https:\\\/\\\/dipos.rs\\\/en\\\/\"},{\"@type\":\"ListItem\",\"position\":2,\"name\":\"Day of the Ministry of Interior Affairs and the Police Day: Dipos Attended the Central Ceremony\"}]},{\"@type\":\"WebSite\",\"@id\":\"https:\\\/\\\/dipos.rs\\\/en\\\/#website\",\"url\":\"https:\\\/\\\/dipos.rs\\\/en\\\/\",\"name\":\"\u0414\u0438\u043f\u043e\u0441\",\"description\":\"Privredno dru\u0161tvo koje se bavi upravljanjem, izdavanjem i odr\u017eavanjem nekretnina u vlasni\u0161tvu Republike Srbije\",\"publisher\":{\"@id\":\"https:\\\/\\\/dipos.rs\\\/en\\\/#organization\"},\"potentialAction\":[{\"@type\":\"SearchAction\",\"target\":{\"@type\":\"EntryPoint\",\"urlTemplate\":\"https:\\\/\\\/dipos.rs\\\/en\\\/?s={search_term_string}\"},\"query-input\":{\"@type\":\"PropertyValueSpecification\",\"valueRequired\":true,\"valueName\":\"search_term_string\"}}],\"inLanguage\":\"en-US\"},{\"@type\":\"Organization\",\"@id\":\"https:\\\/\\\/dipos.rs\\\/en\\\/#organization\",\"name\":\"\u0414\u0438\u043f\u043e\u0441\",\"url\":\"https:\\\/\\\/dipos.rs\\\/en\\\/\",\"logo\":{\"@type\":\"ImageObject\",\"inLanguage\":\"en-US\",\"@id\":\"https:\\\/\\\/dipos.rs\\\/en\\\/#\\\/schema\\\/logo\\\/image\\\/\",\"url\":\"https:\\\/\\\/dipos.rs\\\/wp-content\\\/uploads\\\/2022\\\/04\\\/logo-plavi.png\",\"contentUrl\":\"https:\\\/\\\/dipos.rs\\\/wp-content\\\/uploads\\\/2022\\\/04\\\/logo-plavi.png\",\"width\":380,\"height\":280,\"caption\":\"\u0414\u0438\u043f\u043e\u0441\"},\"image\":{\"@id\":\"https:\\\/\\\/dipos.rs\\\/en\\\/#\\\/schema\\\/logo\\\/image\\\/\"}},{\"@type\":\"Person\",\"@id\":\"https:\\\/\\\/dipos.rs\\\/en\\\/#\\\/schema\\\/person\\\/a1a675959b6e1b19ad9c5b2732ad3d22\",\"name\":\"Marija Savic\",\"image\":{\"@type\":\"ImageObject\",\"inLanguage\":\"en-US\",\"@id\":\"https:\\\/\\\/secure.gravatar.com\\\/avatar\\\/9577e12407d06a346e56333c02b4fb01c4c7f9ce53827406104da52968501f40?s=96&d=mm&r=g\",\"url\":\"https:\\\/\\\/secure.gravatar.com\\\/avatar\\\/9577e12407d06a346e56333c02b4fb01c4c7f9ce53827406104da52968501f40?s=96&d=mm&r=g\",\"contentUrl\":\"https:\\\/\\\/secure.gravatar.com\\\/avatar\\\/9577e12407d06a346e56333c02b4fb01c4c7f9ce53827406104da52968501f40?s=96&d=mm&r=g\",\"caption\":\"Marija Savic\"},\"url\":\"https:\\\/\\\/dipos.rs\\\/en\\\/author\\\/marija-savic\\\/\"}]}<\/script>\n<!-- \/ Yoast SEO Premium plugin. -->","yoast_head_json":{"title":"Day of the Ministry of Interior Affairs and the Police Day: Dipos Attended the Central Ceremony - Dipos","description":"Diposa Director Bojana Martinovi\u0107 and Deputy Director Ivana Milosavljevi\u0107 attended the central ceremony of the Ministry of Internal Affairs Day and Police Day","robots":{"index":"index","follow":"follow","max-snippet":"max-snippet:-1","max-image-preview":"max-image-preview:large","max-video-preview":"max-video-preview:-1"},"canonical":"https:\/\/dipos.rs\/en\/news-cat\/day-of-the-ministry-of-interior-affairs-and-the-police-day-dipos-attended-the-central-ceremony\/","og_locale":"en_US","og_type":"article","og_title":"Day of the Ministry of Interior Affairs and the Police Day: Dipos Attended the Central Ceremony","og_description":"Diposa Director Bojana Martinovi\u0107 and Deputy Director Ivana Milosavljevi\u0107 attended the central ceremony of the Ministry of Internal Affairs Day and Police Day","og_url":"https:\/\/dipos.rs\/en\/news-cat\/day-of-the-ministry-of-interior-affairs-and-the-police-day-dipos-attended-the-central-ceremony\/","og_site_name":"Dipos","article_published_time":"2025-06-09T08:19:45+00:00","article_modified_time":"2025-06-09T08:24:40+00:00","og_image":[{"width":2560,"height":1703,"url":"https:\/\/dipos.rs\/wp-content\/uploads\/2025\/06\/1-1-scaled.jpg","type":"image\/jpeg"}],"author":"Marija Savic","twitter_card":"summary_large_image","twitter_misc":{"Written by":"Marija Savic","Est. reading time":"1 minute"},"schema":{"@context":"https:\/\/schema.org","@graph":[{"@type":"Article","@id":"https:\/\/dipos.rs\/en\/news-cat\/day-of-the-ministry-of-interior-affairs-and-the-police-day-dipos-attended-the-central-ceremony\/#article","isPartOf":{"@id":"https:\/\/dipos.rs\/en\/news-cat\/day-of-the-ministry-of-interior-affairs-and-the-police-day-dipos-attended-the-central-ceremony\/"},"author":{"name":"Marija Savic","@id":"https:\/\/dipos.rs\/en\/#\/schema\/person\/a1a675959b6e1b19ad9c5b2732ad3d22"},"headline":"Day of the Ministry of Interior Affairs and the Police Day: Dipos Attended the Central Ceremony","datePublished":"2025-06-09T08:19:45+00:00","dateModified":"2025-06-09T08:24:40+00:00","mainEntityOfPage":{"@id":"https:\/\/dipos.rs\/en\/news-cat\/day-of-the-ministry-of-interior-affairs-and-the-police-day-dipos-attended-the-central-ceremony\/"},"wordCount":305,"publisher":{"@id":"https:\/\/dipos.rs\/en\/#organization"},"image":{"@id":"https:\/\/dipos.rs\/en\/news-cat\/day-of-the-ministry-of-interior-affairs-and-the-police-day-dipos-attended-the-central-ceremony\/#primaryimage"},"thumbnailUrl":"https:\/\/dipos.rs\/wp-content\/uploads\/2025\/06\/1-1-scaled.jpg","articleSection":["News","\u0412\u0435\u0441\u0442\u0438"],"inLanguage":"en-US"},{"@type":"WebPage","@id":"https:\/\/dipos.rs\/en\/news-cat\/day-of-the-ministry-of-interior-affairs-and-the-police-day-dipos-attended-the-central-ceremony\/","url":"https:\/\/dipos.rs\/en\/news-cat\/day-of-the-ministry-of-interior-affairs-and-the-police-day-dipos-attended-the-central-ceremony\/","name":"Day of the Ministry of Interior Affairs and the Police Day: Dipos Attended the Central Ceremony - Dipos","isPartOf":{"@id":"https:\/\/dipos.rs\/en\/#website"},"primaryImageOfPage":{"@id":"https:\/\/dipos.rs\/en\/news-cat\/day-of-the-ministry-of-interior-affairs-and-the-police-day-dipos-attended-the-central-ceremony\/#primaryimage"},"image":{"@id":"https:\/\/dipos.rs\/en\/news-cat\/day-of-the-ministry-of-interior-affairs-and-the-police-day-dipos-attended-the-central-ceremony\/#primaryimage"},"thumbnailUrl":"https:\/\/dipos.rs\/wp-content\/uploads\/2025\/06\/1-1-scaled.jpg","datePublished":"2025-06-09T08:19:45+00:00","dateModified":"2025-06-09T08:24:40+00:00","description":"Diposa Director Bojana Martinovi\u0107 and Deputy Director Ivana Milosavljevi\u0107 attended the central ceremony of the Ministry of Internal Affairs Day and Police Day","breadcrumb":{"@id":"https:\/\/dipos.rs\/en\/news-cat\/day-of-the-ministry-of-interior-affairs-and-the-police-day-dipos-attended-the-central-ceremony\/#breadcrumb"},"inLanguage":"en-US","potentialAction":[{"@type":"ReadAction","target":["https:\/\/dipos.rs\/en\/news-cat\/day-of-the-ministry-of-interior-affairs-and-the-police-day-dipos-attended-the-central-ceremony\/"]}]},{"@type":"ImageObject","inLanguage":"en-US","@id":"https:\/\/dipos.rs\/en\/news-cat\/day-of-the-ministry-of-interior-affairs-and-the-police-day-dipos-attended-the-central-ceremony\/#primaryimage","url":"https:\/\/dipos.rs\/wp-content\/uploads\/2025\/06\/1-1-scaled.jpg","contentUrl":"https:\/\/dipos.rs\/wp-content\/uploads\/2025\/06\/1-1-scaled.jpg","width":2560,"height":1703},{"@type":"BreadcrumbList","@id":"https:\/\/dipos.rs\/en\/news-cat\/day-of-the-ministry-of-interior-affairs-and-the-police-day-dipos-attended-the-central-ceremony\/#breadcrumb","itemListElement":[{"@type":"ListItem","position":1,"name":"Home","item":"https:\/\/dipos.rs\/en\/"},{"@type":"ListItem","position":2,"name":"Day of the Ministry of Interior Affairs and the Police Day: Dipos Attended the Central Ceremony"}]},{"@type":"WebSite","@id":"https:\/\/dipos.rs\/en\/#website","url":"https:\/\/dipos.rs\/en\/","name":"\u0414\u0438\u043f\u043e\u0441","description":"Privredno dru\u0161tvo koje se bavi upravljanjem, izdavanjem i odr\u017eavanjem nekretnina u vlasni\u0161tvu Republike Srbije","publisher":{"@id":"https:\/\/dipos.rs\/en\/#organization"},"potentialAction":[{"@type":"SearchAction","target":{"@type":"EntryPoint","urlTemplate":"https:\/\/dipos.rs\/en\/?s={search_term_string}"},"query-input":{"@type":"PropertyValueSpecification","valueRequired":true,"valueName":"search_term_string"}}],"inLanguage":"en-US"},{"@type":"Organization","@id":"https:\/\/dipos.rs\/en\/#organization","name":"\u0414\u0438\u043f\u043e\u0441","url":"https:\/\/dipos.rs\/en\/","logo":{"@type":"ImageObject","inLanguage":"en-US","@id":"https:\/\/dipos.rs\/en\/#\/schema\/logo\/image\/","url":"https:\/\/dipos.rs\/wp-content\/uploads\/2022\/04\/logo-plavi.png","contentUrl":"https:\/\/dipos.rs\/wp-content\/uploads\/2022\/04\/logo-plavi.png","width":380,"height":280,"caption":"\u0414\u0438\u043f\u043e\u0441"},"image":{"@id":"https:\/\/dipos.rs\/en\/#\/schema\/logo\/image\/"}},{"@type":"Person","@id":"https:\/\/dipos.rs\/en\/#\/schema\/person\/a1a675959b6e1b19ad9c5b2732ad3d22","name":"Marija Savic","image":{"@type":"ImageObject","inLanguage":"en-US","@id":"https:\/\/secure.gravatar.com\/avatar\/9577e12407d06a346e56333c02b4fb01c4c7f9ce53827406104da52968501f40?s=96&d=mm&r=g","url":"https:\/\/secure.gravatar.com\/avatar\/9577e12407d06a346e56333c02b4fb01c4c7f9ce53827406104da52968501f40?s=96&d=mm&r=g","contentUrl":"https:\/\/secure.gravatar.com\/avatar\/9577e12407d06a346e56333c02b4fb01c4c7f9ce53827406104da52968501f40?s=96&d=mm&r=g","caption":"Marija Savic"},"url":"https:\/\/dipos.rs\/en\/author\/marija-savic\/"}]}},"_links":{"self":[{"href":"https:\/\/dipos.rs\/en\/wp-json\/wp\/v2\/posts\/10584","targetHints":{"allow":["GET"]}}],"collection":[{"href":"https:\/\/dipos.rs\/en\/wp-json\/wp\/v2\/posts"}],"about":[{"href":"https:\/\/dipos.rs\/en\/wp-json\/wp\/v2\/types\/post"}],"author":[{"embeddable":true,"href":"https:\/\/dipos.rs\/en\/wp-json\/wp\/v2\/users\/14"}],"replies":[{"embeddable":true,"href":"https:\/\/dipos.rs\/en\/wp-json\/wp\/v2\/comments?post=10584"}],"version-history":[{"count":0,"href":"https:\/\/dipos.rs\/en\/wp-json\/wp\/v2\/posts\/10584\/revisions"}],"wp:featuredmedia":[{"embeddable":true,"href":"https:\/\/dipos.rs\/en\/wp-json\/wp\/v2\/media\/10575"}],"wp:attachment":[{"href":"https:\/\/dipos.rs\/en\/wp-json\/wp\/v2\/media?parent=10584"}],"wp:term":[{"taxonomy":"category","embeddable":true,"href":"https:\/\/dipos.rs\/en\/wp-json\/wp\/v2\/categories?post=10584"},{"taxonomy":"post_tag","embeddable":true,"href":"https:\/\/dipos.rs\/en\/wp-json\/wp\/v2\/tags?post=10584"}],"curies":[{"name":"wp","href":"https:\/\/api.w.org\/{rel}","templated":true}]}}