{"id":10806,"date":"2025-07-03T22:09:24","date_gmt":"2025-07-03T20:09:24","guid":{"rendered":"https:\/\/dipos.rs\/national-day-of-egypt-celebrated-dipos-attended-the-ceremony-celebrating-the-strong-historical-ties-between-our-two-countries\/"},"modified":"2025-07-15T15:09:31","modified_gmt":"2025-07-15T13:09:31","slug":"national-day-of-egypt-celebrated-dipos-attended-the-ceremony-celebrating-the-strong-historical-ties-between-our-two-countries","status":"publish","type":"post","link":"https:\/\/dipos.rs\/en\/vest\/national-day-of-egypt-celebrated-dipos-attended-the-ceremony-celebrating-the-strong-historical-ties-between-our-two-countries\/","title":{"rendered":"National Day of Egypt marked: Dipos attended the ceremony celebrating the strong historical ties between our two countries"},"content":{"rendered":"<p>[et_pb_section bb_built=&#8221;1&#8243;][et_pb_row][et_pb_column type=&#8221;4_4&#8243;][et_pb_text _builder_version=&#8221;4.4.5&#8243;]<\/p>\n<p>His Excellency Mr. Basel Salah, Ambassador of the Arab Republic of Egypt to Serbia, hosted a formal reception this evening on the occasion of Egypt&#8217;s National Day. Among the distinguished guests was Ms. Bojana Martinovi\u0107, director of Dipos and Ms. Ivana Milosavljevi\u0107, deputy director.<\/p>\n<p>[\/et_pb_text][et_pb_image _builder_version=&#8221;4.4.5&#8243; src=&#8221;https:\/\/dipos.rs\/wp-content\/uploads\/2025\/07\/Egipat-4-1-scaled.jpg&#8221; \/][et_pb_text _builder_version=&#8221;4.4.5&#8243;]<\/p>\n<p>The cooperation between Dipos and the Embassy of Egypt, which has been using two properties managed by our company for its needs, has lasted for more than 60 years. On this occasion, the Director congratulated the Ambassador and expressed her firm belief that this long-standing partnership is yet another confirmation of the traditionally strong and sincere friendship between the two countries, further reinforced by the personal relations between President Aleksandar Vu\u010di\u0107 and President Abdel Fattah El-Sisi.<\/p>\n<p>[\/et_pb_text][et_pb_image _builder_version=&#8221;4.4.5&#8243; src=&#8221;https:\/\/dipos.rs\/wp-content\/uploads\/2025\/07\/Egipat-42-scaled.jpg&#8221; \/][et_pb_text _builder_version=&#8221;4.4.5&#8243;]<\/p>\n<p>In addition to members of the diplomatic corps, the reception was attended by Serbia\u2019s First Lady Tamara Vu\u010di\u0107, Prime Minister \u0110uro Macut, and several government ministers, including Marko \u0110uri\u0107, Zoran Gaji\u0107, Jagoda Lazarevi\u0107, Usame Zukorli\u0107, Aleksandra Sofronijevi\u0107, Boris Bratina, and Bratislav Ga\u0161i\u0107, as well as representatives of cultural, religious, and public life.<\/p>\n<p>The Day of the Revolution is a national holiday in Egypt, commemorating the anniversary of the 1952 Egyptian revolution, which marked the end of the Kingdom and led to the establishment of the modern Arab Republic of Egypt.<\/p>\n<p>[\/et_pb_text][et_pb_image _builder_version=&#8221;4.4.5&#8243; src=&#8221;https:\/\/dipos.rs\/wp-content\/uploads\/2025\/07\/Egipat-35-scaled.jpg&#8221; \/][et_pb_image _builder_version=&#8221;4.4.5&#8243; src=&#8221;https:\/\/dipos.rs\/wp-content\/uploads\/2025\/07\/Egipat-46-scaled.jpg&#8221; \/][\/et_pb_column][\/et_pb_row][\/et_pb_section]<\/p>\n","protected":false},"excerpt":{"rendered":"<p><div class=\"et_pb_row et_pb_row_0 et_pb_row_empty\">\n\t\t\t\t\n\t\t\t\t\n\t\t\t\t\n\t\t\t\t\n\t\t\t\t\n\t\t\t<\/div> His Excellency Mr. Basel Salah, Ambassador of the Arab Republic of Egypt to Serbia, hosted a formal reception this evening on the occasion of Egypt&#8217;s National Day. Among the distinguished guests was Ms. Bojana Martinovi\u0107, director of Dipos and Ms. Ivana Milosavljevi\u0107, deputy director. The cooperation between Dipos and the Embassy of Egypt, which [&hellip;]<\/p>\n","protected":false},"author":14,"featured_media":10799,"comment_status":"closed","ping_status":"closed","sticky":false,"template":"","format":"standard","meta":{"_et_pb_use_builder":"o","_et_pb_old_content":"","_et_gb_content_width":"","inline_featured_image":false,"footnotes":""},"categories":[32],"tags":[],"class_list":["post-10806","post","type-post","status-publish","format-standard","has-post-thumbnail","hentry","category-vest"],"yoast_head":"<!-- This site is optimized with the Yoast SEO Premium plugin v22.2 (Yoast SEO v27.4) - https:\/\/yoast.com\/product\/yoast-seo-premium-wordpress\/ -->\n<title>National Day of Egypt marked: Dipos attended the ceremony celebrating the strong historical ties between our two countries - Dipos<\/title>\n<meta name=\"description\" content=\"Bojana Martinovi\u0107, director of Dipos, attended the formal reception on the occasion of the National Day of the Arab Republic of Egypt\" \/>\n<meta name=\"robots\" content=\"index, follow, max-snippet:-1, max-image-preview:large, max-video-preview:-1\" \/>\n<link rel=\"canonical\" href=\"https:\/\/dipos.rs\/en\/vest\/national-day-of-egypt-celebrated-dipos-attended-the-ceremony-celebrating-the-strong-historical-ties-between-our-two-countries\/\" \/>\n<meta property=\"og:locale\" content=\"en_US\" \/>\n<meta property=\"og:type\" content=\"article\" \/>\n<meta property=\"og:title\" content=\"National Day of Egypt marked: Dipos attended the ceremony celebrating the strong historical ties between our two countries\" \/>\n<meta property=\"og:description\" content=\"Bojana Martinovi\u0107, director of Dipos, attended the formal reception on the occasion of the National Day of the Arab Republic of Egypt\" \/>\n<meta property=\"og:url\" content=\"https:\/\/dipos.rs\/en\/vest\/national-day-of-egypt-celebrated-dipos-attended-the-ceremony-celebrating-the-strong-historical-ties-between-our-two-countries\/\" \/>\n<meta property=\"og:site_name\" content=\"Dipos\" \/>\n<meta property=\"article:published_time\" content=\"2025-07-03T20:09:24+00:00\" \/>\n<meta property=\"article:modified_time\" content=\"2025-07-15T13:09:31+00:00\" \/>\n<meta property=\"og:image\" content=\"https:\/\/dipos.rs\/wp-content\/uploads\/2025\/07\/Egipat-4-1-scaled.jpg\" \/>\n\t<meta property=\"og:image:width\" content=\"2048\" \/>\n\t<meta property=\"og:image:height\" content=\"2560\" \/>\n\t<meta property=\"og:image:type\" content=\"image\/jpeg\" \/>\n<meta name=\"author\" content=\"Marija Savic\" \/>\n<meta name=\"twitter:card\" content=\"summary_large_image\" \/>\n<meta name=\"twitter:label1\" content=\"Written by\" \/>\n\t<meta name=\"twitter:data1\" content=\"Marija Savic\" \/>\n\t<meta name=\"twitter:label2\" content=\"Est. reading time\" \/>\n\t<meta name=\"twitter:data2\" content=\"2 minutes\" \/>\n<script type=\"application\/ld+json\" class=\"yoast-schema-graph\">{\"@context\":\"https:\\\/\\\/schema.org\",\"@graph\":[{\"@type\":\"Article\",\"@id\":\"https:\\\/\\\/dipos.rs\\\/en\\\/vest\\\/national-day-of-egypt-celebrated-dipos-attended-the-ceremony-celebrating-the-strong-historical-ties-between-our-two-countries\\\/#article\",\"isPartOf\":{\"@id\":\"https:\\\/\\\/dipos.rs\\\/en\\\/vest\\\/national-day-of-egypt-celebrated-dipos-attended-the-ceremony-celebrating-the-strong-historical-ties-between-our-two-countries\\\/\"},\"author\":{\"name\":\"Marija Savic\",\"@id\":\"https:\\\/\\\/dipos.rs\\\/en\\\/#\\\/schema\\\/person\\\/a1a675959b6e1b19ad9c5b2732ad3d22\"},\"headline\":\"National Day of Egypt marked: Dipos attended the ceremony celebrating the strong historical ties between our two countries\",\"datePublished\":\"2025-07-03T20:09:24+00:00\",\"dateModified\":\"2025-07-15T13:09:31+00:00\",\"mainEntityOfPage\":{\"@id\":\"https:\\\/\\\/dipos.rs\\\/en\\\/vest\\\/national-day-of-egypt-celebrated-dipos-attended-the-ceremony-celebrating-the-strong-historical-ties-between-our-two-countries\\\/\"},\"wordCount\":332,\"publisher\":{\"@id\":\"https:\\\/\\\/dipos.rs\\\/en\\\/#organization\"},\"image\":{\"@id\":\"https:\\\/\\\/dipos.rs\\\/en\\\/vest\\\/national-day-of-egypt-celebrated-dipos-attended-the-ceremony-celebrating-the-strong-historical-ties-between-our-two-countries\\\/#primaryimage\"},\"thumbnailUrl\":\"https:\\\/\\\/dipos.rs\\\/wp-content\\\/uploads\\\/2025\\\/07\\\/Egipat-4-1-scaled.jpg\",\"articleSection\":[\"\u0412\u0435\u0441\u0442\u0438\"],\"inLanguage\":\"en-US\"},{\"@type\":\"WebPage\",\"@id\":\"https:\\\/\\\/dipos.rs\\\/en\\\/vest\\\/national-day-of-egypt-celebrated-dipos-attended-the-ceremony-celebrating-the-strong-historical-ties-between-our-two-countries\\\/\",\"url\":\"https:\\\/\\\/dipos.rs\\\/en\\\/vest\\\/national-day-of-egypt-celebrated-dipos-attended-the-ceremony-celebrating-the-strong-historical-ties-between-our-two-countries\\\/\",\"name\":\"National Day of Egypt marked: Dipos attended the ceremony celebrating the strong historical ties between our two countries - Dipos\",\"isPartOf\":{\"@id\":\"https:\\\/\\\/dipos.rs\\\/en\\\/#website\"},\"primaryImageOfPage\":{\"@id\":\"https:\\\/\\\/dipos.rs\\\/en\\\/vest\\\/national-day-of-egypt-celebrated-dipos-attended-the-ceremony-celebrating-the-strong-historical-ties-between-our-two-countries\\\/#primaryimage\"},\"image\":{\"@id\":\"https:\\\/\\\/dipos.rs\\\/en\\\/vest\\\/national-day-of-egypt-celebrated-dipos-attended-the-ceremony-celebrating-the-strong-historical-ties-between-our-two-countries\\\/#primaryimage\"},\"thumbnailUrl\":\"https:\\\/\\\/dipos.rs\\\/wp-content\\\/uploads\\\/2025\\\/07\\\/Egipat-4-1-scaled.jpg\",\"datePublished\":\"2025-07-03T20:09:24+00:00\",\"dateModified\":\"2025-07-15T13:09:31+00:00\",\"description\":\"Bojana Martinovi\u0107, director of Dipos, attended the formal reception on the occasion of the National Day of the Arab Republic of Egypt\",\"breadcrumb\":{\"@id\":\"https:\\\/\\\/dipos.rs\\\/en\\\/vest\\\/national-day-of-egypt-celebrated-dipos-attended-the-ceremony-celebrating-the-strong-historical-ties-between-our-two-countries\\\/#breadcrumb\"},\"inLanguage\":\"en-US\",\"potentialAction\":[{\"@type\":\"ReadAction\",\"target\":[\"https:\\\/\\\/dipos.rs\\\/en\\\/vest\\\/national-day-of-egypt-celebrated-dipos-attended-the-ceremony-celebrating-the-strong-historical-ties-between-our-two-countries\\\/\"]}]},{\"@type\":\"ImageObject\",\"inLanguage\":\"en-US\",\"@id\":\"https:\\\/\\\/dipos.rs\\\/en\\\/vest\\\/national-day-of-egypt-celebrated-dipos-attended-the-ceremony-celebrating-the-strong-historical-ties-between-our-two-countries\\\/#primaryimage\",\"url\":\"https:\\\/\\\/dipos.rs\\\/wp-content\\\/uploads\\\/2025\\\/07\\\/Egipat-4-1-scaled.jpg\",\"contentUrl\":\"https:\\\/\\\/dipos.rs\\\/wp-content\\\/uploads\\\/2025\\\/07\\\/Egipat-4-1-scaled.jpg\",\"width\":2048,\"height\":2560},{\"@type\":\"BreadcrumbList\",\"@id\":\"https:\\\/\\\/dipos.rs\\\/en\\\/vest\\\/national-day-of-egypt-celebrated-dipos-attended-the-ceremony-celebrating-the-strong-historical-ties-between-our-two-countries\\\/#breadcrumb\",\"itemListElement\":[{\"@type\":\"ListItem\",\"position\":1,\"name\":\"Home\",\"item\":\"https:\\\/\\\/dipos.rs\\\/en\\\/\"},{\"@type\":\"ListItem\",\"position\":2,\"name\":\"National Day of Egypt marked: Dipos attended the ceremony celebrating the strong historical ties between our two countries\"}]},{\"@type\":\"WebSite\",\"@id\":\"https:\\\/\\\/dipos.rs\\\/en\\\/#website\",\"url\":\"https:\\\/\\\/dipos.rs\\\/en\\\/\",\"name\":\"\u0414\u0438\u043f\u043e\u0441\",\"description\":\"Privredno dru\u0161tvo koje se bavi upravljanjem, izdavanjem i odr\u017eavanjem nekretnina u vlasni\u0161tvu Republike Srbije\",\"publisher\":{\"@id\":\"https:\\\/\\\/dipos.rs\\\/en\\\/#organization\"},\"potentialAction\":[{\"@type\":\"SearchAction\",\"target\":{\"@type\":\"EntryPoint\",\"urlTemplate\":\"https:\\\/\\\/dipos.rs\\\/en\\\/?s={search_term_string}\"},\"query-input\":{\"@type\":\"PropertyValueSpecification\",\"valueRequired\":true,\"valueName\":\"search_term_string\"}}],\"inLanguage\":\"en-US\"},{\"@type\":\"Organization\",\"@id\":\"https:\\\/\\\/dipos.rs\\\/en\\\/#organization\",\"name\":\"\u0414\u0438\u043f\u043e\u0441\",\"url\":\"https:\\\/\\\/dipos.rs\\\/en\\\/\",\"logo\":{\"@type\":\"ImageObject\",\"inLanguage\":\"en-US\",\"@id\":\"https:\\\/\\\/dipos.rs\\\/en\\\/#\\\/schema\\\/logo\\\/image\\\/\",\"url\":\"https:\\\/\\\/dipos.rs\\\/wp-content\\\/uploads\\\/2022\\\/04\\\/logo-plavi.png\",\"contentUrl\":\"https:\\\/\\\/dipos.rs\\\/wp-content\\\/uploads\\\/2022\\\/04\\\/logo-plavi.png\",\"width\":380,\"height\":280,\"caption\":\"\u0414\u0438\u043f\u043e\u0441\"},\"image\":{\"@id\":\"https:\\\/\\\/dipos.rs\\\/en\\\/#\\\/schema\\\/logo\\\/image\\\/\"}},{\"@type\":\"Person\",\"@id\":\"https:\\\/\\\/dipos.rs\\\/en\\\/#\\\/schema\\\/person\\\/a1a675959b6e1b19ad9c5b2732ad3d22\",\"name\":\"Marija Savic\",\"image\":{\"@type\":\"ImageObject\",\"inLanguage\":\"en-US\",\"@id\":\"https:\\\/\\\/secure.gravatar.com\\\/avatar\\\/9577e12407d06a346e56333c02b4fb01c4c7f9ce53827406104da52968501f40?s=96&d=mm&r=g\",\"url\":\"https:\\\/\\\/secure.gravatar.com\\\/avatar\\\/9577e12407d06a346e56333c02b4fb01c4c7f9ce53827406104da52968501f40?s=96&d=mm&r=g\",\"contentUrl\":\"https:\\\/\\\/secure.gravatar.com\\\/avatar\\\/9577e12407d06a346e56333c02b4fb01c4c7f9ce53827406104da52968501f40?s=96&d=mm&r=g\",\"caption\":\"Marija Savic\"},\"url\":\"https:\\\/\\\/dipos.rs\\\/en\\\/author\\\/marija-savic\\\/\"}]}<\/script>\n<!-- \/ Yoast SEO Premium plugin. -->","yoast_head_json":{"title":"National Day of Egypt marked: Dipos attended the ceremony celebrating the strong historical ties between our two countries - Dipos","description":"Bojana Martinovi\u0107, director of Dipos, attended the formal reception on the occasion of the National Day of the Arab Republic of Egypt","robots":{"index":"index","follow":"follow","max-snippet":"max-snippet:-1","max-image-preview":"max-image-preview:large","max-video-preview":"max-video-preview:-1"},"canonical":"https:\/\/dipos.rs\/en\/vest\/national-day-of-egypt-celebrated-dipos-attended-the-ceremony-celebrating-the-strong-historical-ties-between-our-two-countries\/","og_locale":"en_US","og_type":"article","og_title":"National Day of Egypt marked: Dipos attended the ceremony celebrating the strong historical ties between our two countries","og_description":"Bojana Martinovi\u0107, director of Dipos, attended the formal reception on the occasion of the National Day of the Arab Republic of Egypt","og_url":"https:\/\/dipos.rs\/en\/vest\/national-day-of-egypt-celebrated-dipos-attended-the-ceremony-celebrating-the-strong-historical-ties-between-our-two-countries\/","og_site_name":"Dipos","article_published_time":"2025-07-03T20:09:24+00:00","article_modified_time":"2025-07-15T13:09:31+00:00","og_image":[{"width":2048,"height":2560,"url":"https:\/\/dipos.rs\/wp-content\/uploads\/2025\/07\/Egipat-4-1-scaled.jpg","type":"image\/jpeg"}],"author":"Marija Savic","twitter_card":"summary_large_image","twitter_misc":{"Written by":"Marija Savic","Est. reading time":"2 minutes"},"schema":{"@context":"https:\/\/schema.org","@graph":[{"@type":"Article","@id":"https:\/\/dipos.rs\/en\/vest\/national-day-of-egypt-celebrated-dipos-attended-the-ceremony-celebrating-the-strong-historical-ties-between-our-two-countries\/#article","isPartOf":{"@id":"https:\/\/dipos.rs\/en\/vest\/national-day-of-egypt-celebrated-dipos-attended-the-ceremony-celebrating-the-strong-historical-ties-between-our-two-countries\/"},"author":{"name":"Marija Savic","@id":"https:\/\/dipos.rs\/en\/#\/schema\/person\/a1a675959b6e1b19ad9c5b2732ad3d22"},"headline":"National Day of Egypt marked: Dipos attended the ceremony celebrating the strong historical ties between our two countries","datePublished":"2025-07-03T20:09:24+00:00","dateModified":"2025-07-15T13:09:31+00:00","mainEntityOfPage":{"@id":"https:\/\/dipos.rs\/en\/vest\/national-day-of-egypt-celebrated-dipos-attended-the-ceremony-celebrating-the-strong-historical-ties-between-our-two-countries\/"},"wordCount":332,"publisher":{"@id":"https:\/\/dipos.rs\/en\/#organization"},"image":{"@id":"https:\/\/dipos.rs\/en\/vest\/national-day-of-egypt-celebrated-dipos-attended-the-ceremony-celebrating-the-strong-historical-ties-between-our-two-countries\/#primaryimage"},"thumbnailUrl":"https:\/\/dipos.rs\/wp-content\/uploads\/2025\/07\/Egipat-4-1-scaled.jpg","articleSection":["\u0412\u0435\u0441\u0442\u0438"],"inLanguage":"en-US"},{"@type":"WebPage","@id":"https:\/\/dipos.rs\/en\/vest\/national-day-of-egypt-celebrated-dipos-attended-the-ceremony-celebrating-the-strong-historical-ties-between-our-two-countries\/","url":"https:\/\/dipos.rs\/en\/vest\/national-day-of-egypt-celebrated-dipos-attended-the-ceremony-celebrating-the-strong-historical-ties-between-our-two-countries\/","name":"National Day of Egypt marked: Dipos attended the ceremony celebrating the strong historical ties between our two countries - Dipos","isPartOf":{"@id":"https:\/\/dipos.rs\/en\/#website"},"primaryImageOfPage":{"@id":"https:\/\/dipos.rs\/en\/vest\/national-day-of-egypt-celebrated-dipos-attended-the-ceremony-celebrating-the-strong-historical-ties-between-our-two-countries\/#primaryimage"},"image":{"@id":"https:\/\/dipos.rs\/en\/vest\/national-day-of-egypt-celebrated-dipos-attended-the-ceremony-celebrating-the-strong-historical-ties-between-our-two-countries\/#primaryimage"},"thumbnailUrl":"https:\/\/dipos.rs\/wp-content\/uploads\/2025\/07\/Egipat-4-1-scaled.jpg","datePublished":"2025-07-03T20:09:24+00:00","dateModified":"2025-07-15T13:09:31+00:00","description":"Bojana Martinovi\u0107, director of Dipos, attended the formal reception on the occasion of the National Day of the Arab Republic of Egypt","breadcrumb":{"@id":"https:\/\/dipos.rs\/en\/vest\/national-day-of-egypt-celebrated-dipos-attended-the-ceremony-celebrating-the-strong-historical-ties-between-our-two-countries\/#breadcrumb"},"inLanguage":"en-US","potentialAction":[{"@type":"ReadAction","target":["https:\/\/dipos.rs\/en\/vest\/national-day-of-egypt-celebrated-dipos-attended-the-ceremony-celebrating-the-strong-historical-ties-between-our-two-countries\/"]}]},{"@type":"ImageObject","inLanguage":"en-US","@id":"https:\/\/dipos.rs\/en\/vest\/national-day-of-egypt-celebrated-dipos-attended-the-ceremony-celebrating-the-strong-historical-ties-between-our-two-countries\/#primaryimage","url":"https:\/\/dipos.rs\/wp-content\/uploads\/2025\/07\/Egipat-4-1-scaled.jpg","contentUrl":"https:\/\/dipos.rs\/wp-content\/uploads\/2025\/07\/Egipat-4-1-scaled.jpg","width":2048,"height":2560},{"@type":"BreadcrumbList","@id":"https:\/\/dipos.rs\/en\/vest\/national-day-of-egypt-celebrated-dipos-attended-the-ceremony-celebrating-the-strong-historical-ties-between-our-two-countries\/#breadcrumb","itemListElement":[{"@type":"ListItem","position":1,"name":"Home","item":"https:\/\/dipos.rs\/en\/"},{"@type":"ListItem","position":2,"name":"National Day of Egypt marked: Dipos attended the ceremony celebrating the strong historical ties between our two countries"}]},{"@type":"WebSite","@id":"https:\/\/dipos.rs\/en\/#website","url":"https:\/\/dipos.rs\/en\/","name":"\u0414\u0438\u043f\u043e\u0441","description":"Privredno dru\u0161tvo koje se bavi upravljanjem, izdavanjem i odr\u017eavanjem nekretnina u vlasni\u0161tvu Republike Srbije","publisher":{"@id":"https:\/\/dipos.rs\/en\/#organization"},"potentialAction":[{"@type":"SearchAction","target":{"@type":"EntryPoint","urlTemplate":"https:\/\/dipos.rs\/en\/?s={search_term_string}"},"query-input":{"@type":"PropertyValueSpecification","valueRequired":true,"valueName":"search_term_string"}}],"inLanguage":"en-US"},{"@type":"Organization","@id":"https:\/\/dipos.rs\/en\/#organization","name":"\u0414\u0438\u043f\u043e\u0441","url":"https:\/\/dipos.rs\/en\/","logo":{"@type":"ImageObject","inLanguage":"en-US","@id":"https:\/\/dipos.rs\/en\/#\/schema\/logo\/image\/","url":"https:\/\/dipos.rs\/wp-content\/uploads\/2022\/04\/logo-plavi.png","contentUrl":"https:\/\/dipos.rs\/wp-content\/uploads\/2022\/04\/logo-plavi.png","width":380,"height":280,"caption":"\u0414\u0438\u043f\u043e\u0441"},"image":{"@id":"https:\/\/dipos.rs\/en\/#\/schema\/logo\/image\/"}},{"@type":"Person","@id":"https:\/\/dipos.rs\/en\/#\/schema\/person\/a1a675959b6e1b19ad9c5b2732ad3d22","name":"Marija Savic","image":{"@type":"ImageObject","inLanguage":"en-US","@id":"https:\/\/secure.gravatar.com\/avatar\/9577e12407d06a346e56333c02b4fb01c4c7f9ce53827406104da52968501f40?s=96&d=mm&r=g","url":"https:\/\/secure.gravatar.com\/avatar\/9577e12407d06a346e56333c02b4fb01c4c7f9ce53827406104da52968501f40?s=96&d=mm&r=g","contentUrl":"https:\/\/secure.gravatar.com\/avatar\/9577e12407d06a346e56333c02b4fb01c4c7f9ce53827406104da52968501f40?s=96&d=mm&r=g","caption":"Marija Savic"},"url":"https:\/\/dipos.rs\/en\/author\/marija-savic\/"}]}},"_links":{"self":[{"href":"https:\/\/dipos.rs\/en\/wp-json\/wp\/v2\/posts\/10806","targetHints":{"allow":["GET"]}}],"collection":[{"href":"https:\/\/dipos.rs\/en\/wp-json\/wp\/v2\/posts"}],"about":[{"href":"https:\/\/dipos.rs\/en\/wp-json\/wp\/v2\/types\/post"}],"author":[{"embeddable":true,"href":"https:\/\/dipos.rs\/en\/wp-json\/wp\/v2\/users\/14"}],"replies":[{"embeddable":true,"href":"https:\/\/dipos.rs\/en\/wp-json\/wp\/v2\/comments?post=10806"}],"version-history":[{"count":0,"href":"https:\/\/dipos.rs\/en\/wp-json\/wp\/v2\/posts\/10806\/revisions"}],"wp:featuredmedia":[{"embeddable":true,"href":"https:\/\/dipos.rs\/en\/wp-json\/wp\/v2\/media\/10799"}],"wp:attachment":[{"href":"https:\/\/dipos.rs\/en\/wp-json\/wp\/v2\/media?parent=10806"}],"wp:term":[{"taxonomy":"category","embeddable":true,"href":"https:\/\/dipos.rs\/en\/wp-json\/wp\/v2\/categories?post=10806"},{"taxonomy":"post_tag","embeddable":true,"href":"https:\/\/dipos.rs\/en\/wp-json\/wp\/v2\/tags?post=10806"}],"curies":[{"name":"wp","href":"https:\/\/api.w.org\/{rel}","templated":true}]}}