{"id":11051,"date":"2025-10-22T22:55:58","date_gmt":"2025-10-22T20:55:58","guid":{"rendered":"https:\/\/dipos.rs\/dipos-at-the-official-reception-of-the-embassy-of-the-republic-of-cyprus-on-the-occasion-of-the-65th-anniversary-of-independence\/"},"modified":"2025-10-22T23:09:37","modified_gmt":"2025-10-22T21:09:37","slug":"dipos-at-the-official-reception-of-the-embassy-of-the-republic-of-cyprus-on-the-occasion-of-the-65th-anniversary-of-independence","status":"publish","type":"post","link":"https:\/\/dipos.rs\/en\/news-cat\/dipos-at-the-official-reception-of-the-embassy-of-the-republic-of-cyprus-on-the-occasion-of-the-65th-anniversary-of-independence\/","title":{"rendered":"Dipos at the Official Reception of the Embassy of the Republic of Cyprus on the Occasion of the 65th Anniversary of Independence"},"content":{"rendered":"<p>[et_pb_section bb_built=&#8221;1&#8243;][et_pb_row][et_pb_column type=&#8221;4_4&#8243;][et_pb_image _builder_version=&#8221;4.4.5&#8243; src=&#8221;https:\/\/dipos.rs\/wp-content\/uploads\/2025\/10\/image00004-NASLOVNA-scaled.jpeg&#8221; \/][et_pb_text _builder_version=&#8221;4.4.5&#8243;]<\/p>\n<p>The Ambassador of the Republic of Cyprus to Serbia, H.E. Andreas Photiou, hosted an official reception on October 22, 2025, to mark the 65th anniversary of the independence of the Republic of Cyprus.<\/p>\n<p>[\/et_pb_text][et_pb_image _builder_version=&#8221;4.4.5&#8243; src=&#8221;https:\/\/dipos.rs\/wp-content\/uploads\/2025\/10\/1-scaled.jpeg&#8221; \/][et_pb_text _builder_version=&#8221;4.4.5&#8243;]<\/p>\n<p>&#8220;I extend my warmest congratulations to the brotherly people of the Republic of Cyprus on behalf of the company Dipos, as well as in my own name. The long and fruitful cooperation between our company and the Embassy of Cyprus in Belgrade, which has lasted for 51 years, is just one aspect of the exceptionally friendly relations between our two countries, their historical closeness, and the deep understanding between our peoples,&#8221; said Bojana Martinovi\u0107, Director of Dipos, who attended the reception together with her deputy, Ivana Milosavljevi\u0107.<\/p>\n<p>In addition to high-ranking members of the diplomatic corps, the event was also attended by representatives of Serbia\u2019s political and cultural elite, as well as members of the academic and business communities.<\/p>\n<p>Cyprus National Day is celebrated as the day of independence of the country, which was under British rule until 1960.<\/p>\n<p>[\/et_pb_text][\/et_pb_column][\/et_pb_row][et_pb_row][et_pb_column type=&#8221;1_2&#8243;][et_pb_image _builder_version=&#8221;4.4.5&#8243; src=&#8221;https:\/\/dipos.rs\/wp-content\/uploads\/2025\/10\/2-1-scaled.jpeg&#8221; \/][\/et_pb_column][et_pb_column type=&#8221;1_2&#8243;][et_pb_image _builder_version=&#8221;4.4.5&#8243; src=&#8221;https:\/\/dipos.rs\/wp-content\/uploads\/2025\/10\/4.png&#8221; \/][\/et_pb_column][\/et_pb_row][et_pb_row][et_pb_column type=&#8221;1_2&#8243;][et_pb_image _builder_version=&#8221;4.4.5&#8243; src=&#8221;https:\/\/dipos.rs\/wp-content\/uploads\/2025\/10\/2.png&#8221; \/][\/et_pb_column][et_pb_column type=&#8221;1_2&#8243;][et_pb_image _builder_version=&#8221;4.4.5&#8243; src=&#8221;https:\/\/dipos.rs\/wp-content\/uploads\/2025\/10\/5.png&#8221; \/][\/et_pb_column][\/et_pb_row][et_pb_row][et_pb_column type=&#8221;1_2&#8243;][et_pb_image _builder_version=&#8221;4.4.5&#8243; src=&#8221;https:\/\/dipos.rs\/wp-content\/uploads\/2025\/10\/Untitled-design-1.png&#8221; \/][\/et_pb_column][et_pb_column type=&#8221;1_2&#8243;][et_pb_image _builder_version=&#8221;4.4.5&#8243; src=&#8221;https:\/\/dipos.rs\/wp-content\/uploads\/2025\/10\/3.png&#8221; \/][\/et_pb_column][\/et_pb_row][\/et_pb_section]<\/p>\n","protected":false},"excerpt":{"rendered":"<p><div class=\"et_pb_row et_pb_row_0 et_pb_row_empty\">\n\t\t\t\t\n\t\t\t\t\n\t\t\t\t\n\t\t\t\t\n\t\t\t\t\n\t\t\t<\/div> The Ambassador of the Republic of Cyprus to Serbia, H.E. Andreas Photiou, hosted an official reception on October 22, 2025, to mark the 65th anniversary of the independence of the Republic of Cyprus. &#8220;I extend my warmest congratulations to the brotherly people of the Republic of Cyprus on behalf of the company Dipos, as [&hellip;]<\/p>\n","protected":false},"author":14,"featured_media":11022,"comment_status":"closed","ping_status":"closed","sticky":false,"template":"","format":"standard","meta":{"_et_pb_use_builder":"o","_et_pb_old_content":"","_et_gb_content_width":"","inline_featured_image":false,"footnotes":""},"categories":[34,32],"tags":[],"class_list":["post-11051","post","type-post","status-publish","format-standard","has-post-thumbnail","hentry","category-news-cat","category-vest"],"yoast_head":"<!-- This site is optimized with the Yoast SEO Premium plugin v22.2 (Yoast SEO v27.4) - https:\/\/yoast.com\/product\/yoast-seo-premium-wordpress\/ -->\n<title>Dipos at the Official Reception of the Embassy of the Republic of Cyprus on the Occasion of the 65th Anniversary of Independence - Dipos<\/title>\n<meta name=\"description\" content=\"The Director of Dipos, Bojana Martinovi\u0107, together with the Deputy Director, Ivana Milosavljevi\u0107, attended the official reception hosted by the Embassy of the Republic of Cyprus.\" \/>\n<meta name=\"robots\" content=\"index, follow, max-snippet:-1, max-image-preview:large, max-video-preview:-1\" \/>\n<link rel=\"canonical\" href=\"https:\/\/dipos.rs\/en\/news-cat\/dipos-at-the-official-reception-of-the-embassy-of-the-republic-of-cyprus-on-the-occasion-of-the-65th-anniversary-of-independence\/\" \/>\n<meta property=\"og:locale\" content=\"en_US\" \/>\n<meta property=\"og:type\" content=\"article\" \/>\n<meta property=\"og:title\" content=\"Dipos at the Official Reception of the Embassy of the Republic of Cyprus on the Occasion of the 65th Anniversary of Independence\" \/>\n<meta property=\"og:description\" content=\"The Director of Dipos, Bojana Martinovi\u0107, together with the Deputy Director, Ivana Milosavljevi\u0107, attended the official reception hosted by the Embassy of the Republic of Cyprus.\" \/>\n<meta property=\"og:url\" content=\"https:\/\/dipos.rs\/en\/news-cat\/dipos-at-the-official-reception-of-the-embassy-of-the-republic-of-cyprus-on-the-occasion-of-the-65th-anniversary-of-independence\/\" \/>\n<meta property=\"og:site_name\" content=\"Dipos\" \/>\n<meta property=\"article:published_time\" content=\"2025-10-22T20:55:58+00:00\" \/>\n<meta property=\"article:modified_time\" content=\"2025-10-22T21:09:37+00:00\" \/>\n<meta property=\"og:image\" content=\"https:\/\/dipos.rs\/wp-content\/uploads\/2025\/10\/image00004-NASLOVNA-scaled.jpeg\" \/>\n\t<meta property=\"og:image:width\" content=\"2560\" \/>\n\t<meta property=\"og:image:height\" content=\"2048\" \/>\n\t<meta property=\"og:image:type\" content=\"image\/jpeg\" \/>\n<meta name=\"author\" content=\"Marija Savic\" \/>\n<meta name=\"twitter:card\" content=\"summary_large_image\" \/>\n<meta name=\"twitter:label1\" content=\"Written by\" \/>\n\t<meta name=\"twitter:data1\" content=\"Marija Savic\" \/>\n\t<meta name=\"twitter:label2\" content=\"Est. reading time\" \/>\n\t<meta name=\"twitter:data2\" content=\"2 minutes\" \/>\n<script type=\"application\/ld+json\" class=\"yoast-schema-graph\">{\"@context\":\"https:\\\/\\\/schema.org\",\"@graph\":[{\"@type\":\"Article\",\"@id\":\"https:\\\/\\\/dipos.rs\\\/en\\\/news-cat\\\/dipos-at-the-official-reception-of-the-embassy-of-the-republic-of-cyprus-on-the-occasion-of-the-65th-anniversary-of-independence\\\/#article\",\"isPartOf\":{\"@id\":\"https:\\\/\\\/dipos.rs\\\/en\\\/news-cat\\\/dipos-at-the-official-reception-of-the-embassy-of-the-republic-of-cyprus-on-the-occasion-of-the-65th-anniversary-of-independence\\\/\"},\"author\":{\"name\":\"Marija Savic\",\"@id\":\"https:\\\/\\\/dipos.rs\\\/en\\\/#\\\/schema\\\/person\\\/a1a675959b6e1b19ad9c5b2732ad3d22\"},\"headline\":\"Dipos at the Official Reception of the Embassy of the Republic of Cyprus on the Occasion of the 65th Anniversary of Independence\",\"datePublished\":\"2025-10-22T20:55:58+00:00\",\"dateModified\":\"2025-10-22T21:09:37+00:00\",\"mainEntityOfPage\":{\"@id\":\"https:\\\/\\\/dipos.rs\\\/en\\\/news-cat\\\/dipos-at-the-official-reception-of-the-embassy-of-the-republic-of-cyprus-on-the-occasion-of-the-65th-anniversary-of-independence\\\/\"},\"wordCount\":391,\"publisher\":{\"@id\":\"https:\\\/\\\/dipos.rs\\\/en\\\/#organization\"},\"image\":{\"@id\":\"https:\\\/\\\/dipos.rs\\\/en\\\/news-cat\\\/dipos-at-the-official-reception-of-the-embassy-of-the-republic-of-cyprus-on-the-occasion-of-the-65th-anniversary-of-independence\\\/#primaryimage\"},\"thumbnailUrl\":\"https:\\\/\\\/dipos.rs\\\/wp-content\\\/uploads\\\/2025\\\/10\\\/image00004-NASLOVNA-scaled.jpeg\",\"articleSection\":[\"News\",\"\u0412\u0435\u0441\u0442\u0438\"],\"inLanguage\":\"en-US\"},{\"@type\":\"WebPage\",\"@id\":\"https:\\\/\\\/dipos.rs\\\/en\\\/news-cat\\\/dipos-at-the-official-reception-of-the-embassy-of-the-republic-of-cyprus-on-the-occasion-of-the-65th-anniversary-of-independence\\\/\",\"url\":\"https:\\\/\\\/dipos.rs\\\/en\\\/news-cat\\\/dipos-at-the-official-reception-of-the-embassy-of-the-republic-of-cyprus-on-the-occasion-of-the-65th-anniversary-of-independence\\\/\",\"name\":\"Dipos at the Official Reception of the Embassy of the Republic of Cyprus on the Occasion of the 65th Anniversary of Independence - Dipos\",\"isPartOf\":{\"@id\":\"https:\\\/\\\/dipos.rs\\\/en\\\/#website\"},\"primaryImageOfPage\":{\"@id\":\"https:\\\/\\\/dipos.rs\\\/en\\\/news-cat\\\/dipos-at-the-official-reception-of-the-embassy-of-the-republic-of-cyprus-on-the-occasion-of-the-65th-anniversary-of-independence\\\/#primaryimage\"},\"image\":{\"@id\":\"https:\\\/\\\/dipos.rs\\\/en\\\/news-cat\\\/dipos-at-the-official-reception-of-the-embassy-of-the-republic-of-cyprus-on-the-occasion-of-the-65th-anniversary-of-independence\\\/#primaryimage\"},\"thumbnailUrl\":\"https:\\\/\\\/dipos.rs\\\/wp-content\\\/uploads\\\/2025\\\/10\\\/image00004-NASLOVNA-scaled.jpeg\",\"datePublished\":\"2025-10-22T20:55:58+00:00\",\"dateModified\":\"2025-10-22T21:09:37+00:00\",\"description\":\"The Director of Dipos, Bojana Martinovi\u0107, together with the Deputy Director, Ivana Milosavljevi\u0107, attended the official reception hosted by the Embassy of the Republic of Cyprus.\",\"breadcrumb\":{\"@id\":\"https:\\\/\\\/dipos.rs\\\/en\\\/news-cat\\\/dipos-at-the-official-reception-of-the-embassy-of-the-republic-of-cyprus-on-the-occasion-of-the-65th-anniversary-of-independence\\\/#breadcrumb\"},\"inLanguage\":\"en-US\",\"potentialAction\":[{\"@type\":\"ReadAction\",\"target\":[\"https:\\\/\\\/dipos.rs\\\/en\\\/news-cat\\\/dipos-at-the-official-reception-of-the-embassy-of-the-republic-of-cyprus-on-the-occasion-of-the-65th-anniversary-of-independence\\\/\"]}]},{\"@type\":\"ImageObject\",\"inLanguage\":\"en-US\",\"@id\":\"https:\\\/\\\/dipos.rs\\\/en\\\/news-cat\\\/dipos-at-the-official-reception-of-the-embassy-of-the-republic-of-cyprus-on-the-occasion-of-the-65th-anniversary-of-independence\\\/#primaryimage\",\"url\":\"https:\\\/\\\/dipos.rs\\\/wp-content\\\/uploads\\\/2025\\\/10\\\/image00004-NASLOVNA-scaled.jpeg\",\"contentUrl\":\"https:\\\/\\\/dipos.rs\\\/wp-content\\\/uploads\\\/2025\\\/10\\\/image00004-NASLOVNA-scaled.jpeg\",\"width\":2560,\"height\":2048},{\"@type\":\"BreadcrumbList\",\"@id\":\"https:\\\/\\\/dipos.rs\\\/en\\\/news-cat\\\/dipos-at-the-official-reception-of-the-embassy-of-the-republic-of-cyprus-on-the-occasion-of-the-65th-anniversary-of-independence\\\/#breadcrumb\",\"itemListElement\":[{\"@type\":\"ListItem\",\"position\":1,\"name\":\"Home\",\"item\":\"https:\\\/\\\/dipos.rs\\\/en\\\/\"},{\"@type\":\"ListItem\",\"position\":2,\"name\":\"Dipos at the Official Reception of the Embassy of the Republic of Cyprus on the Occasion of the 65th Anniversary of Independence\"}]},{\"@type\":\"WebSite\",\"@id\":\"https:\\\/\\\/dipos.rs\\\/en\\\/#website\",\"url\":\"https:\\\/\\\/dipos.rs\\\/en\\\/\",\"name\":\"\u0414\u0438\u043f\u043e\u0441\",\"description\":\"Privredno dru\u0161tvo koje se bavi upravljanjem, izdavanjem i odr\u017eavanjem nekretnina u vlasni\u0161tvu Republike Srbije\",\"publisher\":{\"@id\":\"https:\\\/\\\/dipos.rs\\\/en\\\/#organization\"},\"potentialAction\":[{\"@type\":\"SearchAction\",\"target\":{\"@type\":\"EntryPoint\",\"urlTemplate\":\"https:\\\/\\\/dipos.rs\\\/en\\\/?s={search_term_string}\"},\"query-input\":{\"@type\":\"PropertyValueSpecification\",\"valueRequired\":true,\"valueName\":\"search_term_string\"}}],\"inLanguage\":\"en-US\"},{\"@type\":\"Organization\",\"@id\":\"https:\\\/\\\/dipos.rs\\\/en\\\/#organization\",\"name\":\"\u0414\u0438\u043f\u043e\u0441\",\"url\":\"https:\\\/\\\/dipos.rs\\\/en\\\/\",\"logo\":{\"@type\":\"ImageObject\",\"inLanguage\":\"en-US\",\"@id\":\"https:\\\/\\\/dipos.rs\\\/en\\\/#\\\/schema\\\/logo\\\/image\\\/\",\"url\":\"https:\\\/\\\/dipos.rs\\\/wp-content\\\/uploads\\\/2022\\\/04\\\/logo-plavi.png\",\"contentUrl\":\"https:\\\/\\\/dipos.rs\\\/wp-content\\\/uploads\\\/2022\\\/04\\\/logo-plavi.png\",\"width\":380,\"height\":280,\"caption\":\"\u0414\u0438\u043f\u043e\u0441\"},\"image\":{\"@id\":\"https:\\\/\\\/dipos.rs\\\/en\\\/#\\\/schema\\\/logo\\\/image\\\/\"}},{\"@type\":\"Person\",\"@id\":\"https:\\\/\\\/dipos.rs\\\/en\\\/#\\\/schema\\\/person\\\/a1a675959b6e1b19ad9c5b2732ad3d22\",\"name\":\"Marija Savic\",\"image\":{\"@type\":\"ImageObject\",\"inLanguage\":\"en-US\",\"@id\":\"https:\\\/\\\/secure.gravatar.com\\\/avatar\\\/9577e12407d06a346e56333c02b4fb01c4c7f9ce53827406104da52968501f40?s=96&d=mm&r=g\",\"url\":\"https:\\\/\\\/secure.gravatar.com\\\/avatar\\\/9577e12407d06a346e56333c02b4fb01c4c7f9ce53827406104da52968501f40?s=96&d=mm&r=g\",\"contentUrl\":\"https:\\\/\\\/secure.gravatar.com\\\/avatar\\\/9577e12407d06a346e56333c02b4fb01c4c7f9ce53827406104da52968501f40?s=96&d=mm&r=g\",\"caption\":\"Marija Savic\"},\"url\":\"https:\\\/\\\/dipos.rs\\\/en\\\/author\\\/marija-savic\\\/\"}]}<\/script>\n<!-- \/ Yoast SEO Premium plugin. -->","yoast_head_json":{"title":"Dipos at the Official Reception of the Embassy of the Republic of Cyprus on the Occasion of the 65th Anniversary of Independence - Dipos","description":"The Director of Dipos, Bojana Martinovi\u0107, together with the Deputy Director, Ivana Milosavljevi\u0107, attended the official reception hosted by the Embassy of the Republic of Cyprus.","robots":{"index":"index","follow":"follow","max-snippet":"max-snippet:-1","max-image-preview":"max-image-preview:large","max-video-preview":"max-video-preview:-1"},"canonical":"https:\/\/dipos.rs\/en\/news-cat\/dipos-at-the-official-reception-of-the-embassy-of-the-republic-of-cyprus-on-the-occasion-of-the-65th-anniversary-of-independence\/","og_locale":"en_US","og_type":"article","og_title":"Dipos at the Official Reception of the Embassy of the Republic of Cyprus on the Occasion of the 65th Anniversary of Independence","og_description":"The Director of Dipos, Bojana Martinovi\u0107, together with the Deputy Director, Ivana Milosavljevi\u0107, attended the official reception hosted by the Embassy of the Republic of Cyprus.","og_url":"https:\/\/dipos.rs\/en\/news-cat\/dipos-at-the-official-reception-of-the-embassy-of-the-republic-of-cyprus-on-the-occasion-of-the-65th-anniversary-of-independence\/","og_site_name":"Dipos","article_published_time":"2025-10-22T20:55:58+00:00","article_modified_time":"2025-10-22T21:09:37+00:00","og_image":[{"width":2560,"height":2048,"url":"https:\/\/dipos.rs\/wp-content\/uploads\/2025\/10\/image00004-NASLOVNA-scaled.jpeg","type":"image\/jpeg"}],"author":"Marija Savic","twitter_card":"summary_large_image","twitter_misc":{"Written by":"Marija Savic","Est. reading time":"2 minutes"},"schema":{"@context":"https:\/\/schema.org","@graph":[{"@type":"Article","@id":"https:\/\/dipos.rs\/en\/news-cat\/dipos-at-the-official-reception-of-the-embassy-of-the-republic-of-cyprus-on-the-occasion-of-the-65th-anniversary-of-independence\/#article","isPartOf":{"@id":"https:\/\/dipos.rs\/en\/news-cat\/dipos-at-the-official-reception-of-the-embassy-of-the-republic-of-cyprus-on-the-occasion-of-the-65th-anniversary-of-independence\/"},"author":{"name":"Marija Savic","@id":"https:\/\/dipos.rs\/en\/#\/schema\/person\/a1a675959b6e1b19ad9c5b2732ad3d22"},"headline":"Dipos at the Official Reception of the Embassy of the Republic of Cyprus on the Occasion of the 65th Anniversary of Independence","datePublished":"2025-10-22T20:55:58+00:00","dateModified":"2025-10-22T21:09:37+00:00","mainEntityOfPage":{"@id":"https:\/\/dipos.rs\/en\/news-cat\/dipos-at-the-official-reception-of-the-embassy-of-the-republic-of-cyprus-on-the-occasion-of-the-65th-anniversary-of-independence\/"},"wordCount":391,"publisher":{"@id":"https:\/\/dipos.rs\/en\/#organization"},"image":{"@id":"https:\/\/dipos.rs\/en\/news-cat\/dipos-at-the-official-reception-of-the-embassy-of-the-republic-of-cyprus-on-the-occasion-of-the-65th-anniversary-of-independence\/#primaryimage"},"thumbnailUrl":"https:\/\/dipos.rs\/wp-content\/uploads\/2025\/10\/image00004-NASLOVNA-scaled.jpeg","articleSection":["News","\u0412\u0435\u0441\u0442\u0438"],"inLanguage":"en-US"},{"@type":"WebPage","@id":"https:\/\/dipos.rs\/en\/news-cat\/dipos-at-the-official-reception-of-the-embassy-of-the-republic-of-cyprus-on-the-occasion-of-the-65th-anniversary-of-independence\/","url":"https:\/\/dipos.rs\/en\/news-cat\/dipos-at-the-official-reception-of-the-embassy-of-the-republic-of-cyprus-on-the-occasion-of-the-65th-anniversary-of-independence\/","name":"Dipos at the Official Reception of the Embassy of the Republic of Cyprus on the Occasion of the 65th Anniversary of Independence - Dipos","isPartOf":{"@id":"https:\/\/dipos.rs\/en\/#website"},"primaryImageOfPage":{"@id":"https:\/\/dipos.rs\/en\/news-cat\/dipos-at-the-official-reception-of-the-embassy-of-the-republic-of-cyprus-on-the-occasion-of-the-65th-anniversary-of-independence\/#primaryimage"},"image":{"@id":"https:\/\/dipos.rs\/en\/news-cat\/dipos-at-the-official-reception-of-the-embassy-of-the-republic-of-cyprus-on-the-occasion-of-the-65th-anniversary-of-independence\/#primaryimage"},"thumbnailUrl":"https:\/\/dipos.rs\/wp-content\/uploads\/2025\/10\/image00004-NASLOVNA-scaled.jpeg","datePublished":"2025-10-22T20:55:58+00:00","dateModified":"2025-10-22T21:09:37+00:00","description":"The Director of Dipos, Bojana Martinovi\u0107, together with the Deputy Director, Ivana Milosavljevi\u0107, attended the official reception hosted by the Embassy of the Republic of Cyprus.","breadcrumb":{"@id":"https:\/\/dipos.rs\/en\/news-cat\/dipos-at-the-official-reception-of-the-embassy-of-the-republic-of-cyprus-on-the-occasion-of-the-65th-anniversary-of-independence\/#breadcrumb"},"inLanguage":"en-US","potentialAction":[{"@type":"ReadAction","target":["https:\/\/dipos.rs\/en\/news-cat\/dipos-at-the-official-reception-of-the-embassy-of-the-republic-of-cyprus-on-the-occasion-of-the-65th-anniversary-of-independence\/"]}]},{"@type":"ImageObject","inLanguage":"en-US","@id":"https:\/\/dipos.rs\/en\/news-cat\/dipos-at-the-official-reception-of-the-embassy-of-the-republic-of-cyprus-on-the-occasion-of-the-65th-anniversary-of-independence\/#primaryimage","url":"https:\/\/dipos.rs\/wp-content\/uploads\/2025\/10\/image00004-NASLOVNA-scaled.jpeg","contentUrl":"https:\/\/dipos.rs\/wp-content\/uploads\/2025\/10\/image00004-NASLOVNA-scaled.jpeg","width":2560,"height":2048},{"@type":"BreadcrumbList","@id":"https:\/\/dipos.rs\/en\/news-cat\/dipos-at-the-official-reception-of-the-embassy-of-the-republic-of-cyprus-on-the-occasion-of-the-65th-anniversary-of-independence\/#breadcrumb","itemListElement":[{"@type":"ListItem","position":1,"name":"Home","item":"https:\/\/dipos.rs\/en\/"},{"@type":"ListItem","position":2,"name":"Dipos at the Official Reception of the Embassy of the Republic of Cyprus on the Occasion of the 65th Anniversary of Independence"}]},{"@type":"WebSite","@id":"https:\/\/dipos.rs\/en\/#website","url":"https:\/\/dipos.rs\/en\/","name":"\u0414\u0438\u043f\u043e\u0441","description":"Privredno dru\u0161tvo koje se bavi upravljanjem, izdavanjem i odr\u017eavanjem nekretnina u vlasni\u0161tvu Republike Srbije","publisher":{"@id":"https:\/\/dipos.rs\/en\/#organization"},"potentialAction":[{"@type":"SearchAction","target":{"@type":"EntryPoint","urlTemplate":"https:\/\/dipos.rs\/en\/?s={search_term_string}"},"query-input":{"@type":"PropertyValueSpecification","valueRequired":true,"valueName":"search_term_string"}}],"inLanguage":"en-US"},{"@type":"Organization","@id":"https:\/\/dipos.rs\/en\/#organization","name":"\u0414\u0438\u043f\u043e\u0441","url":"https:\/\/dipos.rs\/en\/","logo":{"@type":"ImageObject","inLanguage":"en-US","@id":"https:\/\/dipos.rs\/en\/#\/schema\/logo\/image\/","url":"https:\/\/dipos.rs\/wp-content\/uploads\/2022\/04\/logo-plavi.png","contentUrl":"https:\/\/dipos.rs\/wp-content\/uploads\/2022\/04\/logo-plavi.png","width":380,"height":280,"caption":"\u0414\u0438\u043f\u043e\u0441"},"image":{"@id":"https:\/\/dipos.rs\/en\/#\/schema\/logo\/image\/"}},{"@type":"Person","@id":"https:\/\/dipos.rs\/en\/#\/schema\/person\/a1a675959b6e1b19ad9c5b2732ad3d22","name":"Marija Savic","image":{"@type":"ImageObject","inLanguage":"en-US","@id":"https:\/\/secure.gravatar.com\/avatar\/9577e12407d06a346e56333c02b4fb01c4c7f9ce53827406104da52968501f40?s=96&d=mm&r=g","url":"https:\/\/secure.gravatar.com\/avatar\/9577e12407d06a346e56333c02b4fb01c4c7f9ce53827406104da52968501f40?s=96&d=mm&r=g","contentUrl":"https:\/\/secure.gravatar.com\/avatar\/9577e12407d06a346e56333c02b4fb01c4c7f9ce53827406104da52968501f40?s=96&d=mm&r=g","caption":"Marija Savic"},"url":"https:\/\/dipos.rs\/en\/author\/marija-savic\/"}]}},"_links":{"self":[{"href":"https:\/\/dipos.rs\/en\/wp-json\/wp\/v2\/posts\/11051","targetHints":{"allow":["GET"]}}],"collection":[{"href":"https:\/\/dipos.rs\/en\/wp-json\/wp\/v2\/posts"}],"about":[{"href":"https:\/\/dipos.rs\/en\/wp-json\/wp\/v2\/types\/post"}],"author":[{"embeddable":true,"href":"https:\/\/dipos.rs\/en\/wp-json\/wp\/v2\/users\/14"}],"replies":[{"embeddable":true,"href":"https:\/\/dipos.rs\/en\/wp-json\/wp\/v2\/comments?post=11051"}],"version-history":[{"count":0,"href":"https:\/\/dipos.rs\/en\/wp-json\/wp\/v2\/posts\/11051\/revisions"}],"wp:featuredmedia":[{"embeddable":true,"href":"https:\/\/dipos.rs\/en\/wp-json\/wp\/v2\/media\/11022"}],"wp:attachment":[{"href":"https:\/\/dipos.rs\/en\/wp-json\/wp\/v2\/media?parent=11051"}],"wp:term":[{"taxonomy":"category","embeddable":true,"href":"https:\/\/dipos.rs\/en\/wp-json\/wp\/v2\/categories?post=11051"},{"taxonomy":"post_tag","embeddable":true,"href":"https:\/\/dipos.rs\/en\/wp-json\/wp\/v2\/tags?post=11051"}],"curies":[{"name":"wp","href":"https:\/\/api.w.org\/{rel}","templated":true}]}}