{"id":11327,"date":"2025-11-20T15:52:37","date_gmt":"2025-11-20T14:52:37","guid":{"rendered":"https:\/\/dipos.rs\/?p=11327"},"modified":"2026-02-02T20:29:24","modified_gmt":"2026-02-02T19:29:24","slug":"international-childrens-day-a-special-event-for-the-youngest-members-of-our-dipos-family","status":"publish","type":"post","link":"https:\/\/dipos.rs\/en\/news-cat\/international-childrens-day-a-special-event-for-the-youngest-members-of-our-dipos-family\/","title":{"rendered":"International Children\u2019s Day: a special event for the youngest members of our Dipos family"},"content":{"rendered":"<p>[et_pb_section bb_built=&#8221;1&#8243; inner_width=&#8221;auto&#8221; inner_max_width=&#8221;1100px&#8221;][et_pb_row][et_pb_column type=&#8221;4_4&#8243; custom_padding__hover=&#8221;|||&#8221; custom_padding=&#8221;|||&#8221;][et_pb_image _builder_version=&#8221;4.27.4&#8243; src=&#8221;https:\/\/dipos.rs\/wp-content\/uploads\/2025\/11\/IMG_3681-scaled.jpg&#8221; \/][et_pb_text _builder_version=&#8221;4.27.4&#8243;]<\/p>\n<p>On the occasion of the International Children\u2019s Rights Day, in the fairytale-like venue from our company\u2019s portfolio, located at 17 Andre Nikoli\u0107a Street, we organized on 15. november 2025. a special event for the youngest members of our DIPOS family.<\/p>\n<p><\/p>\n<p>Through play, socializing, lots of laughter, and creative workshops, the children had the opportunity to learn more about their rights, as well as about the importance of family, love, tolerance, and respect in every person\u2019s upbringing.<\/p>\n<p><\/p>\n<p>In addition to their parents, the event was attended by our Company\u2019s Director, Ms. Bojana Martinovi\u0107, and her Deputy, Ms. Ivana Milosavljevi\u0107.<\/p>\n<p><\/p>\n<p>\u201cWith great pride and care, we organized this event to remind everyone that children are the most valuable part of our Company and the greatest inspiration for creating a better and fairer world. May every day be dedicated to their right to a<br \/>healthy, safe, and happy childhood,\u201d the Director emphasized on this occasion.<\/p>\n<p>[\/et_pb_text][\/et_pb_column][\/et_pb_row][et_pb_row][et_pb_column type=&#8221;1_2&#8243; custom_padding__hover=&#8221;|||&#8221; custom_padding=&#8221;|||&#8221;][et_pb_image _builder_version=&#8221;4.27.4&#8243; src=&#8221;https:\/\/dipos.rs\/wp-content\/uploads\/2025\/11\/Dani-decijih-prava-103-scaled.jpg&#8221; \/][\/et_pb_column][et_pb_column type=&#8221;1_2&#8243; custom_padding__hover=&#8221;|||&#8221; custom_padding=&#8221;|||&#8221;][et_pb_image _builder_version=&#8221;4.27.4&#8243; src=&#8221;https:\/\/dipos.rs\/wp-content\/uploads\/2025\/11\/Dani-decijih-prava-112-scaled.jpg&#8221; \/][\/et_pb_column][\/et_pb_row][et_pb_row][et_pb_column type=&#8221;1_2&#8243; custom_padding__hover=&#8221;|||&#8221; custom_padding=&#8221;|||&#8221;][et_pb_image _builder_version=&#8221;4.27.4&#8243; src=&#8221;https:\/\/dipos.rs\/wp-content\/uploads\/2025\/11\/Dani-decijih-prava-20-scaled.jpg&#8221; \/][\/et_pb_column][et_pb_column type=&#8221;1_2&#8243; custom_padding__hover=&#8221;|||&#8221; custom_padding=&#8221;|||&#8221;][et_pb_image _builder_version=&#8221;4.27.4&#8243; src=&#8221;https:\/\/dipos.rs\/wp-content\/uploads\/2025\/11\/Dani-decijih-prava-30-scaled.jpg&#8221; \/][\/et_pb_column][\/et_pb_row][et_pb_row][et_pb_column type=&#8221;1_2&#8243; custom_padding__hover=&#8221;|||&#8221; custom_padding=&#8221;|||&#8221;][et_pb_image _builder_version=&#8221;4.27.4&#8243; src=&#8221;https:\/\/dipos.rs\/wp-content\/uploads\/2025\/11\/Dani-decijih-prava-084-scaled.jpg&#8221; \/][\/et_pb_column][et_pb_column type=&#8221;1_2&#8243; custom_padding__hover=&#8221;|||&#8221; custom_padding=&#8221;|||&#8221;][et_pb_image _builder_version=&#8221;4.27.4&#8243; src=&#8221;https:\/\/dipos.rs\/wp-content\/uploads\/2025\/11\/Dani-decijih-prava-59-scaled.jpg&#8221; \/][\/et_pb_column][\/et_pb_row][et_pb_row][et_pb_column type=&#8221;1_2&#8243; custom_padding__hover=&#8221;|||&#8221; custom_padding=&#8221;|||&#8221;][et_pb_image _builder_version=&#8221;4.27.4&#8243; src=&#8221;https:\/\/dipos.rs\/wp-content\/uploads\/2025\/11\/Dani-decijih-prava-123-scaled.jpg&#8221; \/][\/et_pb_column][et_pb_column type=&#8221;1_2&#8243; custom_padding__hover=&#8221;|||&#8221; custom_padding=&#8221;|||&#8221;][et_pb_image _builder_version=&#8221;4.27.4&#8243; src=&#8221;https:\/\/dipos.rs\/wp-content\/uploads\/2025\/11\/Dani-decijih-prava-125-scaled.jpg&#8221; \/][\/et_pb_column][\/et_pb_row][et_pb_row][et_pb_column type=&#8221;1_2&#8243; custom_padding__hover=&#8221;|||&#8221; custom_padding=&#8221;|||&#8221;][et_pb_image _builder_version=&#8221;4.27.4&#8243; \/][\/et_pb_column][et_pb_column type=&#8221;1_2&#8243; custom_padding__hover=&#8221;|||&#8221; custom_padding=&#8221;|||&#8221;][et_pb_image _builder_version=&#8221;4.27.4&#8243; \/][\/et_pb_column][\/et_pb_row][et_pb_row][et_pb_column type=&#8221;1_2&#8243; custom_padding__hover=&#8221;|||&#8221; custom_padding=&#8221;|||&#8221;][et_pb_image _builder_version=&#8221;4.27.4&#8243; src=&#8221;https:\/\/dipos.rs\/wp-content\/uploads\/2025\/11\/Dani-decijih-prava-68-scaled.jpg&#8221; \/][\/et_pb_column][et_pb_column type=&#8221;1_2&#8243; custom_padding__hover=&#8221;|||&#8221; custom_padding=&#8221;|||&#8221;][et_pb_image _builder_version=&#8221;4.27.4&#8243; src=&#8221;https:\/\/dipos.rs\/wp-content\/uploads\/2025\/11\/Dani-decijih-prava-104-scaled.jpg&#8221; \/][\/et_pb_column][\/et_pb_row][et_pb_row][et_pb_column type=&#8221;1_2&#8243; custom_padding__hover=&#8221;|||&#8221; custom_padding=&#8221;|||&#8221;][et_pb_image _builder_version=&#8221;4.27.4&#8243; src=&#8221;https:\/\/dipos.rs\/wp-content\/uploads\/2025\/11\/IMG_3668-scaled.jpg&#8221; \/][\/et_pb_column][et_pb_column type=&#8221;1_2&#8243; custom_padding__hover=&#8221;|||&#8221; custom_padding=&#8221;|||&#8221;][et_pb_image _builder_version=&#8221;4.27.4&#8243; src=&#8221;https:\/\/dipos.rs\/wp-content\/uploads\/2025\/11\/Dani-decijih-prava-097-scaled.jpg&#8221; \/][\/et_pb_column][\/et_pb_row][et_pb_row][et_pb_column type=&#8221;1_2&#8243; custom_padding__hover=&#8221;|||&#8221; custom_padding=&#8221;|||&#8221;][et_pb_image _builder_version=&#8221;4.27.4&#8243; src=&#8221;https:\/\/dipos.rs\/wp-content\/uploads\/2025\/11\/IMG_3663-scaled.jpg&#8221; \/][\/et_pb_column][et_pb_column type=&#8221;1_2&#8243; custom_padding__hover=&#8221;|||&#8221; custom_padding=&#8221;|||&#8221;][et_pb_image _builder_version=&#8221;4.27.4&#8243; src=&#8221;https:\/\/dipos.rs\/wp-content\/uploads\/2025\/11\/Dani-decijih-prava-145-scaled.jpg&#8221; \/][\/et_pb_column][\/et_pb_row][et_pb_row][et_pb_column type=&#8221;1_2&#8243; custom_padding__hover=&#8221;|||&#8221; custom_padding=&#8221;|||&#8221;][et_pb_image _builder_version=&#8221;4.27.4&#8243; src=&#8221;https:\/\/dipos.rs\/wp-content\/uploads\/2025\/11\/Dani-decijih-prava-24-scaled.jpg&#8221; \/][\/et_pb_column][et_pb_column type=&#8221;1_2&#8243; custom_padding__hover=&#8221;|||&#8221; custom_padding=&#8221;|||&#8221;][et_pb_image _builder_version=&#8221;4.27.4&#8243; src=&#8221;https:\/\/dipos.rs\/wp-content\/uploads\/2025\/11\/Untitled-design-13.png&#8221; \/][\/et_pb_column][\/et_pb_row][et_pb_row][et_pb_column type=&#8221;4_4&#8243; custom_padding__hover=&#8221;|||&#8221; custom_padding=&#8221;|||&#8221;][et_pb_image _builder_version=&#8221;4.27.4&#8243; src=&#8221;https:\/\/dipos.rs\/wp-content\/uploads\/2025\/11\/Dani-decijih-prava-195-scaled.jpg&#8221; \/][\/et_pb_column][\/et_pb_row][\/et_pb_section]<\/p>\n","protected":false},"excerpt":{"rendered":"<p><div class=\"et_pb_row et_pb_row_0 et_pb_row_empty\">\n\t\t\t\t\n\t\t\t\t\n\t\t\t\t\n\t\t\t\t\n\t\t\t\t\n\t\t\t<\/div> On the occasion of the International Children\u2019s Rights Day, in the fairytale-like venue from our company\u2019s portfolio, located at 17 Andre Nikoli\u0107a Street, we organized on 15. november 2025. a special event for the youngest members of our DIPOS family.Through play, socializing, lots of laughter, and creative workshops, the children had the opportunity to [&hellip;]<\/p>\n","protected":false},"author":14,"featured_media":0,"comment_status":"closed","ping_status":"closed","sticky":false,"template":"","format":"standard","meta":{"_et_pb_use_builder":"o","_et_pb_old_content":"<p>[et_pb_section bb_built=\"1\"][et_pb_row][et_pb_column type=\"4_4\"][et_pb_image _builder_version=\"4.27.4\" src=\"https:\/\/dipos.rs\/wp-content\/uploads\/2025\/11\/IMG_3681-scaled.jpg\" \/][et_pb_text _builder_version=\"4.27.4\"]<\/p><p>\u041f\u043e\u0432\u043e\u0434\u043e\u043c \u043e\u0431\u0435\u043b\u0435\u0436\u0430\u0432\u0430\u045a\u0430 \u041c\u0435\u0452\u0443\u043d\u0430\u0440\u043e\u0434\u043d\u043e\u0433 \u0434\u0430\u043d\u0430 \u0434\u0435\u0447\u0438\u0458\u0438\u0445 \u043f\u0440\u0430\u0432\u0430, \u0443 \u0431\u0430\u0458\u043a\u043e\u0432\u0438\u0442\u043e\u043c \u043e\u0431\u0458\u0435\u043a\u0442\u0443 \u0438\u0437 \u043f\u043e\u0440\u0442\u0444\u043e\u043b\u0438\u0458\u0430 \u043d\u0430\u0448\u0435\u0433 \u0434\u0440\u0443\u0448\u0442\u0432\u0430, \u0443<br \/>\u0443\u043b\u0438\u0446\u0438 \u0410\u043d\u0434\u0440\u0435 \u041d\u0438\u043a\u043e\u043b\u0438\u045b\u0430 17, \u0434\u0430\u043d\u0430 15.\u043d\u043e\u0432\u0435\u043c\u0431\u0440\u0430 2025. \u0433\u043e\u0434\u0438\u043d\u0435\u00a0 \u043e\u0440\u0433\u0430\u043d\u0438\u0437\u043e\u0432\u0430\u043b\u0438 \u0441\u043c\u043e \u043f\u043e\u0441\u0435\u0431\u0430\u043d \u0434\u043e\u0433\u0430\u0452\u0430\u0458 \u0437\u0430 \u043d\u0430\u0458\u043c\u043b\u0430\u0452\u0435 \u0447\u043b\u0430\u043d\u043e\u0432\u0435 \u043d\u0430\u0448\u0435 \u0414\u0438\u043f\u043e\u0441 \u043f\u043e\u0440\u043e\u0434\u0438\u0446\u0435.<\/p><p>\u041a\u0440\u043e\u0437 \u0438\u0433\u0440\u0443, \u0434\u0440\u0443\u0436\u0435\u045a\u0435, \u0443\u0437 \u043f\u0443\u043d\u043e \u0441\u043c\u0435\u0445\u0430 \u0438 \u043a\u0440\u0435\u0430\u0442\u0438\u0432\u043d\u0438\u0445 \u0440\u0430\u0434\u0438\u043e\u043d\u0438\u0446\u0430, \u043c\u0430\u043b\u0438\u0448\u0430\u043d\u0438 \u0441\u0443 \u0438\u043c\u0430\u043b\u0438 \u043f\u0440\u0438\u043b\u0438\u043a\u0443 \u0434\u0430 \u043d\u0430\u0443\u0447\u0435 \u0432\u0438\u0448\u0435 \u043e<br \/>\u0441\u0432\u043e\u0458\u0438\u043c \u043f\u0440\u0430\u0432\u0438\u043c\u0430, \u0430\u043b\u0438 \u0438 \u043e \u0437\u043d\u0430\u0447\u0430\u0458\u0443 \u043f\u043e\u0440\u043e\u0434\u0438\u0446\u0435, \u0459\u0443\u0431\u0430\u0432\u0438, \u0442\u043e\u043b\u0435\u0440\u0430\u043d\u0446\u0438\u0458\u0435 \u0438 \u043f\u043e\u0448\u0442\u043e\u0432\u0430\u045a\u0430 \u0443 \u043e\u0434\u0440\u0430\u0441\u0442\u0430\u045a\u0443 \u0441\u0432\u0430\u043a\u043e\u0433 \u0447\u043e\u0432\u0435\u043a\u0430.<\/p><p>\u041f\u043e\u0440\u0435\u0434 \u0440\u043e\u0434\u0438\u0442\u0435\u0459\u0430 \u043f\u0440\u0438\u0434\u0440\u0443\u0436\u0438\u043b\u0430 \u0438\u043c \u0441\u0435 \u0438 \u0434\u0438\u0440\u0435\u043a\u0442\u043e\u0440\u043a\u0430 \u043d\u0430\u0448\u0435\u0433 \u0414\u0440\u0443\u0448\u0442\u0432\u0430 \u0411\u043e\u0458\u0430\u043d\u0430 \u041c\u0430\u0440\u0442\u0438\u043d\u043e\u0432\u0438\u045b \u043a\u0430\u043e \u0438 \u045a\u0435\u043d\u0430 \u0437\u0430\u043c\u0435\u043d\u0438\u0446\u0430<br \/>\u0418\u0432\u0430\u043d\u0430 \u041c\u0438\u043b\u043e\u0441\u0430\u0432\u0459\u0435\u0432\u0438\u045b.<\/p><p>\u201c\u0421\u0430 \u043f\u043e\u043d\u043e\u0441\u043e\u043c \u0438 \u0432\u0435\u043b\u0438\u043a\u043e\u043c \u043f\u0430\u0436\u045a\u043e\u043c \u0441\u043c\u043e \u0440\u0435\u0430\u043b\u0438\u0437\u043e\u0432\u0430\u043b\u0438 \u043e\u0432\u0430\u0458 \u0434\u043e\u0433\u0430\u0452\u0430\u0458 \u0436\u0435\u043b\u0435\u045b\u0438 \u0434\u0430 \u043f\u043e\u0434\u0441\u0435\u0442\u0438\u043c\u043e \u0434\u0430 \u0441\u0443 \u0434\u0435\u0446\u0430 \u043d\u0430\u0458\u0432\u0440\u0435\u0434\u043d\u0438\u0458\u0438 \u0434\u0435\u043e<br \/>\u043d\u0430\u0448\u0435\u0433 \u0414\u0440\u0443\u0448\u0442\u0432\u0430 \u0438 \u043d\u0430\u0458\u043b\u0435\u043f\u0448\u0430 \u0438\u043d\u0441\u043f\u0438\u0440\u0430\u0446\u0438\u0458\u0430 \u0437\u0430 \u0441\u0442\u0432\u0430\u0440\u0430\u045a\u0435 \u0458\u0435\u0434\u043d\u043e\u0433 \u0431\u043e\u0459\u0435\u0433 \u0438 \u043f\u0440\u0430\u0432\u0435\u0434\u043d\u0438\u0458\u0435\u0433 \u0441\u0432\u0435\u0442\u0430. \u041d\u0435\u043a\u0430 \u0441\u0432\u0430\u043a\u0438 \u0434\u0430\u043d \u0431\u0443\u0434\u0435<br \/>\u043f\u043e\u0441\u0432\u0435\u045b\u0435\u043d \u045a\u0438\u0445\u043e\u0432\u043e\u043c \u043f\u0440\u0430\u0432\u0443 \u043d\u0430 \u0437\u0434\u0440\u0430\u0432\u043e, \u0441\u0438\u0433\u0443\u0440\u043d\u043e \u0438 \u0441\u0440\u0435\u045b\u043d\u043e \u0434\u0435\u0442\u0438\u045a\u0441\u0442\u0432\u043e\u201d -\u0438\u0441\u0442\u0430\u043a\u043b\u0430 \u0458\u0435 \u0434\u0438\u0440\u0435\u043a\u0442\u043e\u0440\u043a\u0430 \u043e\u0432\u0438\u043c \u043f\u043e\u0432\u043e\u0434\u043e\u043c.<\/p><p>[\/et_pb_text][\/et_pb_column][\/et_pb_row][et_pb_row][et_pb_column type=\"1_3\"][et_pb_image _builder_version=\"4.27.4\" \/][\/et_pb_column][et_pb_column type=\"1_3\"][\/et_pb_column][et_pb_column type=\"1_3\"][\/et_pb_column][\/et_pb_row][\/et_pb_section]<\/p>","_et_gb_content_width":"","inline_featured_image":false,"footnotes":""},"categories":[34,32],"tags":[],"class_list":["post-11327","post","type-post","status-publish","format-standard","hentry","category-news-cat","category-vest"],"yoast_head":"<!-- This site is optimized with the Yoast SEO Premium plugin v22.2 (Yoast SEO v27.4) - https:\/\/yoast.com\/product\/yoast-seo-premium-wordpress\/ -->\n<title>International Children\u2019s Day: a special event for the youngest members of our Dipos family - Dipos<\/title>\n<meta name=\"description\" content=\"On the occasion of the International Children\u2019s Rights Day, in the fairytale-like venue from our company\u2019s portfolio, located at 17 Andre Nikoli\u0107a Street, we organized on 15. november 2025. a special event for the youngest members of our DIPOS family.\" \/>\n<meta name=\"robots\" content=\"index, follow, max-snippet:-1, max-image-preview:large, max-video-preview:-1\" \/>\n<link rel=\"canonical\" href=\"https:\/\/dipos.rs\/en\/news-cat\/international-childrens-day-a-special-event-for-the-youngest-members-of-our-dipos-family\/\" \/>\n<meta property=\"og:locale\" content=\"en_US\" \/>\n<meta property=\"og:type\" content=\"article\" \/>\n<meta property=\"og:title\" content=\"International Children\u2019s Day: a special event for the youngest members of our Dipos family\" \/>\n<meta property=\"og:description\" content=\"On the occasion of the International Children\u2019s Rights Day, in the fairytale-like venue from our company\u2019s portfolio, located at 17 Andre Nikoli\u0107a Street, we organized on 15. november 2025. a special event for the youngest members of our DIPOS family.\" \/>\n<meta property=\"og:url\" content=\"https:\/\/dipos.rs\/en\/news-cat\/international-childrens-day-a-special-event-for-the-youngest-members-of-our-dipos-family\/\" \/>\n<meta property=\"og:site_name\" content=\"Dipos\" \/>\n<meta property=\"article:published_time\" content=\"2025-11-20T14:52:37+00:00\" \/>\n<meta property=\"article:modified_time\" content=\"2026-02-02T19:29:24+00:00\" \/>\n<meta property=\"og:image\" content=\"https:\/\/dipos.rs\/wp-content\/uploads\/2025\/11\/IMG_3681-scaled.jpg\" \/>\n\t<meta property=\"og:image:width\" content=\"2560\" \/>\n\t<meta property=\"og:image:height\" content=\"1707\" \/>\n\t<meta property=\"og:image:type\" content=\"image\/jpeg\" \/>\n<meta name=\"author\" content=\"Marija Savic\" \/>\n<meta name=\"twitter:card\" content=\"summary_large_image\" \/>\n<meta name=\"twitter:label1\" content=\"Written by\" \/>\n\t<meta name=\"twitter:data1\" content=\"Marija Savic\" \/>\n\t<meta name=\"twitter:label2\" content=\"Est. reading time\" \/>\n\t<meta name=\"twitter:data2\" content=\"4 minutes\" \/>\n<script type=\"application\/ld+json\" class=\"yoast-schema-graph\">{\"@context\":\"https:\\\/\\\/schema.org\",\"@graph\":[{\"@type\":\"Article\",\"@id\":\"https:\\\/\\\/dipos.rs\\\/en\\\/news-cat\\\/international-childrens-day-a-special-event-for-the-youngest-members-of-our-dipos-family\\\/#article\",\"isPartOf\":{\"@id\":\"https:\\\/\\\/dipos.rs\\\/en\\\/news-cat\\\/international-childrens-day-a-special-event-for-the-youngest-members-of-our-dipos-family\\\/\"},\"author\":{\"name\":\"Marija Savic\",\"@id\":\"https:\\\/\\\/dipos.rs\\\/en\\\/#\\\/schema\\\/person\\\/a1a675959b6e1b19ad9c5b2732ad3d22\"},\"headline\":\"International Children\u2019s Day: a special event for the youngest members of our Dipos family\",\"datePublished\":\"2025-11-20T14:52:37+00:00\",\"dateModified\":\"2026-02-02T19:29:24+00:00\",\"mainEntityOfPage\":{\"@id\":\"https:\\\/\\\/dipos.rs\\\/en\\\/news-cat\\\/international-childrens-day-a-special-event-for-the-youngest-members-of-our-dipos-family\\\/\"},\"wordCount\":758,\"publisher\":{\"@id\":\"https:\\\/\\\/dipos.rs\\\/en\\\/#organization\"},\"articleSection\":[\"News\",\"\u0412\u0435\u0441\u0442\u0438\"],\"inLanguage\":\"en-US\"},{\"@type\":\"WebPage\",\"@id\":\"https:\\\/\\\/dipos.rs\\\/en\\\/news-cat\\\/international-childrens-day-a-special-event-for-the-youngest-members-of-our-dipos-family\\\/\",\"url\":\"https:\\\/\\\/dipos.rs\\\/en\\\/news-cat\\\/international-childrens-day-a-special-event-for-the-youngest-members-of-our-dipos-family\\\/\",\"name\":\"International Children\u2019s Day: a special event for the youngest members of our Dipos family - Dipos\",\"isPartOf\":{\"@id\":\"https:\\\/\\\/dipos.rs\\\/en\\\/#website\"},\"datePublished\":\"2025-11-20T14:52:37+00:00\",\"dateModified\":\"2026-02-02T19:29:24+00:00\",\"description\":\"On the occasion of the International Children\u2019s Rights Day, in the fairytale-like venue from our company\u2019s portfolio, located at 17 Andre Nikoli\u0107a Street, we organized on 15. november 2025. a special event for the youngest members of our DIPOS family.\",\"breadcrumb\":{\"@id\":\"https:\\\/\\\/dipos.rs\\\/en\\\/news-cat\\\/international-childrens-day-a-special-event-for-the-youngest-members-of-our-dipos-family\\\/#breadcrumb\"},\"inLanguage\":\"en-US\",\"potentialAction\":[{\"@type\":\"ReadAction\",\"target\":[\"https:\\\/\\\/dipos.rs\\\/en\\\/news-cat\\\/international-childrens-day-a-special-event-for-the-youngest-members-of-our-dipos-family\\\/\"]}]},{\"@type\":\"BreadcrumbList\",\"@id\":\"https:\\\/\\\/dipos.rs\\\/en\\\/news-cat\\\/international-childrens-day-a-special-event-for-the-youngest-members-of-our-dipos-family\\\/#breadcrumb\",\"itemListElement\":[{\"@type\":\"ListItem\",\"position\":1,\"name\":\"Home\",\"item\":\"https:\\\/\\\/dipos.rs\\\/en\\\/\"},{\"@type\":\"ListItem\",\"position\":2,\"name\":\"International Children\u2019s Day: a special event for the youngest members of our Dipos family\"}]},{\"@type\":\"WebSite\",\"@id\":\"https:\\\/\\\/dipos.rs\\\/en\\\/#website\",\"url\":\"https:\\\/\\\/dipos.rs\\\/en\\\/\",\"name\":\"\u0414\u0438\u043f\u043e\u0441\",\"description\":\"Privredno dru\u0161tvo koje se bavi upravljanjem, izdavanjem i odr\u017eavanjem nekretnina u vlasni\u0161tvu Republike Srbije\",\"publisher\":{\"@id\":\"https:\\\/\\\/dipos.rs\\\/en\\\/#organization\"},\"potentialAction\":[{\"@type\":\"SearchAction\",\"target\":{\"@type\":\"EntryPoint\",\"urlTemplate\":\"https:\\\/\\\/dipos.rs\\\/en\\\/?s={search_term_string}\"},\"query-input\":{\"@type\":\"PropertyValueSpecification\",\"valueRequired\":true,\"valueName\":\"search_term_string\"}}],\"inLanguage\":\"en-US\"},{\"@type\":\"Organization\",\"@id\":\"https:\\\/\\\/dipos.rs\\\/en\\\/#organization\",\"name\":\"\u0414\u0438\u043f\u043e\u0441\",\"url\":\"https:\\\/\\\/dipos.rs\\\/en\\\/\",\"logo\":{\"@type\":\"ImageObject\",\"inLanguage\":\"en-US\",\"@id\":\"https:\\\/\\\/dipos.rs\\\/en\\\/#\\\/schema\\\/logo\\\/image\\\/\",\"url\":\"https:\\\/\\\/dipos.rs\\\/wp-content\\\/uploads\\\/2022\\\/04\\\/logo-plavi.png\",\"contentUrl\":\"https:\\\/\\\/dipos.rs\\\/wp-content\\\/uploads\\\/2022\\\/04\\\/logo-plavi.png\",\"width\":380,\"height\":280,\"caption\":\"\u0414\u0438\u043f\u043e\u0441\"},\"image\":{\"@id\":\"https:\\\/\\\/dipos.rs\\\/en\\\/#\\\/schema\\\/logo\\\/image\\\/\"}},{\"@type\":\"Person\",\"@id\":\"https:\\\/\\\/dipos.rs\\\/en\\\/#\\\/schema\\\/person\\\/a1a675959b6e1b19ad9c5b2732ad3d22\",\"name\":\"Marija Savic\",\"image\":{\"@type\":\"ImageObject\",\"inLanguage\":\"en-US\",\"@id\":\"https:\\\/\\\/secure.gravatar.com\\\/avatar\\\/9577e12407d06a346e56333c02b4fb01c4c7f9ce53827406104da52968501f40?s=96&d=mm&r=g\",\"url\":\"https:\\\/\\\/secure.gravatar.com\\\/avatar\\\/9577e12407d06a346e56333c02b4fb01c4c7f9ce53827406104da52968501f40?s=96&d=mm&r=g\",\"contentUrl\":\"https:\\\/\\\/secure.gravatar.com\\\/avatar\\\/9577e12407d06a346e56333c02b4fb01c4c7f9ce53827406104da52968501f40?s=96&d=mm&r=g\",\"caption\":\"Marija Savic\"},\"url\":\"https:\\\/\\\/dipos.rs\\\/en\\\/author\\\/marija-savic\\\/\"}]}<\/script>\n<!-- \/ Yoast SEO Premium plugin. -->","yoast_head_json":{"title":"International Children\u2019s Day: a special event for the youngest members of our Dipos family - Dipos","description":"On the occasion of the International Children\u2019s Rights Day, in the fairytale-like venue from our company\u2019s portfolio, located at 17 Andre Nikoli\u0107a Street, we organized on 15. november 2025. a special event for the youngest members of our DIPOS family.","robots":{"index":"index","follow":"follow","max-snippet":"max-snippet:-1","max-image-preview":"max-image-preview:large","max-video-preview":"max-video-preview:-1"},"canonical":"https:\/\/dipos.rs\/en\/news-cat\/international-childrens-day-a-special-event-for-the-youngest-members-of-our-dipos-family\/","og_locale":"en_US","og_type":"article","og_title":"International Children\u2019s Day: a special event for the youngest members of our Dipos family","og_description":"On the occasion of the International Children\u2019s Rights Day, in the fairytale-like venue from our company\u2019s portfolio, located at 17 Andre Nikoli\u0107a Street, we organized on 15. november 2025. a special event for the youngest members of our DIPOS family.","og_url":"https:\/\/dipos.rs\/en\/news-cat\/international-childrens-day-a-special-event-for-the-youngest-members-of-our-dipos-family\/","og_site_name":"Dipos","article_published_time":"2025-11-20T14:52:37+00:00","article_modified_time":"2026-02-02T19:29:24+00:00","og_image":[{"width":2560,"height":1707,"url":"https:\/\/dipos.rs\/wp-content\/uploads\/2025\/11\/IMG_3681-scaled.jpg","type":"image\/jpeg"}],"author":"Marija Savic","twitter_card":"summary_large_image","twitter_misc":{"Written by":"Marija Savic","Est. reading time":"4 minutes"},"schema":{"@context":"https:\/\/schema.org","@graph":[{"@type":"Article","@id":"https:\/\/dipos.rs\/en\/news-cat\/international-childrens-day-a-special-event-for-the-youngest-members-of-our-dipos-family\/#article","isPartOf":{"@id":"https:\/\/dipos.rs\/en\/news-cat\/international-childrens-day-a-special-event-for-the-youngest-members-of-our-dipos-family\/"},"author":{"name":"Marija Savic","@id":"https:\/\/dipos.rs\/en\/#\/schema\/person\/a1a675959b6e1b19ad9c5b2732ad3d22"},"headline":"International Children\u2019s Day: a special event for the youngest members of our Dipos family","datePublished":"2025-11-20T14:52:37+00:00","dateModified":"2026-02-02T19:29:24+00:00","mainEntityOfPage":{"@id":"https:\/\/dipos.rs\/en\/news-cat\/international-childrens-day-a-special-event-for-the-youngest-members-of-our-dipos-family\/"},"wordCount":758,"publisher":{"@id":"https:\/\/dipos.rs\/en\/#organization"},"articleSection":["News","\u0412\u0435\u0441\u0442\u0438"],"inLanguage":"en-US"},{"@type":"WebPage","@id":"https:\/\/dipos.rs\/en\/news-cat\/international-childrens-day-a-special-event-for-the-youngest-members-of-our-dipos-family\/","url":"https:\/\/dipos.rs\/en\/news-cat\/international-childrens-day-a-special-event-for-the-youngest-members-of-our-dipos-family\/","name":"International Children\u2019s Day: a special event for the youngest members of our Dipos family - Dipos","isPartOf":{"@id":"https:\/\/dipos.rs\/en\/#website"},"datePublished":"2025-11-20T14:52:37+00:00","dateModified":"2026-02-02T19:29:24+00:00","description":"On the occasion of the International Children\u2019s Rights Day, in the fairytale-like venue from our company\u2019s portfolio, located at 17 Andre Nikoli\u0107a Street, we organized on 15. november 2025. a special event for the youngest members of our DIPOS family.","breadcrumb":{"@id":"https:\/\/dipos.rs\/en\/news-cat\/international-childrens-day-a-special-event-for-the-youngest-members-of-our-dipos-family\/#breadcrumb"},"inLanguage":"en-US","potentialAction":[{"@type":"ReadAction","target":["https:\/\/dipos.rs\/en\/news-cat\/international-childrens-day-a-special-event-for-the-youngest-members-of-our-dipos-family\/"]}]},{"@type":"BreadcrumbList","@id":"https:\/\/dipos.rs\/en\/news-cat\/international-childrens-day-a-special-event-for-the-youngest-members-of-our-dipos-family\/#breadcrumb","itemListElement":[{"@type":"ListItem","position":1,"name":"Home","item":"https:\/\/dipos.rs\/en\/"},{"@type":"ListItem","position":2,"name":"International Children\u2019s Day: a special event for the youngest members of our Dipos family"}]},{"@type":"WebSite","@id":"https:\/\/dipos.rs\/en\/#website","url":"https:\/\/dipos.rs\/en\/","name":"\u0414\u0438\u043f\u043e\u0441","description":"Privredno dru\u0161tvo koje se bavi upravljanjem, izdavanjem i odr\u017eavanjem nekretnina u vlasni\u0161tvu Republike Srbije","publisher":{"@id":"https:\/\/dipos.rs\/en\/#organization"},"potentialAction":[{"@type":"SearchAction","target":{"@type":"EntryPoint","urlTemplate":"https:\/\/dipos.rs\/en\/?s={search_term_string}"},"query-input":{"@type":"PropertyValueSpecification","valueRequired":true,"valueName":"search_term_string"}}],"inLanguage":"en-US"},{"@type":"Organization","@id":"https:\/\/dipos.rs\/en\/#organization","name":"\u0414\u0438\u043f\u043e\u0441","url":"https:\/\/dipos.rs\/en\/","logo":{"@type":"ImageObject","inLanguage":"en-US","@id":"https:\/\/dipos.rs\/en\/#\/schema\/logo\/image\/","url":"https:\/\/dipos.rs\/wp-content\/uploads\/2022\/04\/logo-plavi.png","contentUrl":"https:\/\/dipos.rs\/wp-content\/uploads\/2022\/04\/logo-plavi.png","width":380,"height":280,"caption":"\u0414\u0438\u043f\u043e\u0441"},"image":{"@id":"https:\/\/dipos.rs\/en\/#\/schema\/logo\/image\/"}},{"@type":"Person","@id":"https:\/\/dipos.rs\/en\/#\/schema\/person\/a1a675959b6e1b19ad9c5b2732ad3d22","name":"Marija Savic","image":{"@type":"ImageObject","inLanguage":"en-US","@id":"https:\/\/secure.gravatar.com\/avatar\/9577e12407d06a346e56333c02b4fb01c4c7f9ce53827406104da52968501f40?s=96&d=mm&r=g","url":"https:\/\/secure.gravatar.com\/avatar\/9577e12407d06a346e56333c02b4fb01c4c7f9ce53827406104da52968501f40?s=96&d=mm&r=g","contentUrl":"https:\/\/secure.gravatar.com\/avatar\/9577e12407d06a346e56333c02b4fb01c4c7f9ce53827406104da52968501f40?s=96&d=mm&r=g","caption":"Marija Savic"},"url":"https:\/\/dipos.rs\/en\/author\/marija-savic\/"}]}},"_links":{"self":[{"href":"https:\/\/dipos.rs\/en\/wp-json\/wp\/v2\/posts\/11327","targetHints":{"allow":["GET"]}}],"collection":[{"href":"https:\/\/dipos.rs\/en\/wp-json\/wp\/v2\/posts"}],"about":[{"href":"https:\/\/dipos.rs\/en\/wp-json\/wp\/v2\/types\/post"}],"author":[{"embeddable":true,"href":"https:\/\/dipos.rs\/en\/wp-json\/wp\/v2\/users\/14"}],"replies":[{"embeddable":true,"href":"https:\/\/dipos.rs\/en\/wp-json\/wp\/v2\/comments?post=11327"}],"version-history":[{"count":0,"href":"https:\/\/dipos.rs\/en\/wp-json\/wp\/v2\/posts\/11327\/revisions"}],"wp:attachment":[{"href":"https:\/\/dipos.rs\/en\/wp-json\/wp\/v2\/media?parent=11327"}],"wp:term":[{"taxonomy":"category","embeddable":true,"href":"https:\/\/dipos.rs\/en\/wp-json\/wp\/v2\/categories?post=11327"},{"taxonomy":"post_tag","embeddable":true,"href":"https:\/\/dipos.rs\/en\/wp-json\/wp\/v2\/tags?post=11327"}],"curies":[{"name":"wp","href":"https:\/\/api.w.org\/{rel}","templated":true}]}}