{"id":11601,"date":"2025-12-10T13:40:06","date_gmt":"2025-12-10T12:40:06","guid":{"rendered":"https:\/\/dipos.rs\/?p=11601"},"modified":"2025-12-10T13:50:56","modified_gmt":"2025-12-10T12:50:56","slug":"cordial-visit-of-the-dipos-management-to-the-embassy-of-albania","status":"publish","type":"post","link":"https:\/\/dipos.rs\/en\/news-cat\/cordial-visit-of-the-dipos-management-to-the-embassy-of-albania\/","title":{"rendered":"Cordial Visit of the Dipos Management to the Embassy of Albania"},"content":{"rendered":"<p>[et_pb_section bb_built=&#8221;1&#8243; inner_width=&#8221;auto&#8221; inner_max_width=&#8221;1100px&#8221; _builder_version=&#8221;4.27.4&#8243;][et_pb_row][et_pb_column type=&#8221;4_4&#8243; custom_padding__hover=&#8221;|||&#8221; custom_padding=&#8221;|||&#8221;][et_pb_text _builder_version=&#8221;4.27.4&#8243;]<\/p>\n<p>At the representative premises of the Embassy of the Republic of Albania, managed by our Company and located at 25a Bulevar kneza Aleksandra Kara\u0111or\u0111evi\u0107a, a cordial meeting was held on 10 December 2025 between the Director of Dipos, Ms. Bojana Martinovi\u0107, her Deputy, Ms. Ivana Milosavljevi\u0107, and the Ambassador of the Republic of Albania, H.E. Bardhyl Canaj.<\/p>\n<p>[\/et_pb_text][et_pb_image _builder_version=&#8221;4.27.4&#8243; src=&#8221;https:\/\/dipos.rs\/wp-content\/uploads\/2025\/12\/Ambasada-Albanije-07-scaled.jpg&#8221; \/][et_pb_text _builder_version=&#8221;4.27.4&#8243;]<\/p>\n<p>\u201cToday\u2019s meeting was an opportunity to reflect on the joint achievements we have attained so far and to further strengthen our longstanding partnership,\u201d stated the Director of Dipos, Ms. Bojana Martinovi\u0107. As a gesture of gratitude and respect toward the Embassy of Albania, the Director presented His Excellency with a special symbolic gift \u2014 the \u201cKey of Trust.\u201d Addressing the Ambassador, Ms. Martinovi\u0107 emphasized that the gift represents not only trust, but also a key that opens the door to new joint projects and opportunities.<\/p>\n<p>[\/et_pb_text][et_pb_image _builder_version=&#8221;4.27.4&#8243; src=&#8221;https:\/\/dipos.rs\/wp-content\/uploads\/2025\/12\/Ambasada-Albanije-12-scaled.jpg&#8221; \/][et_pb_text _builder_version=&#8221;4.27.4&#8243;]<\/p>\n<p>\u0421\u0430\u0440\u0430\u0434\u045a\u0430 \u0438\u0437\u043c\u0435\u0452\u0443 \u0414\u0438\u043f\u043e\u0441\u0430 \u0438 \u0410\u043c\u0431\u0430\u0441\u0430\u0434\u0435 \u0420\u0435\u043f\u0443\u0431\u043b\u0438\u043a\u0435 \u0410\u043b\u0431\u0430\u043d\u0438\u0458\u0435 \u0434\u0430\u0442\u0438\u0440\u0430 \u0438\u0437 1956. \u0433\u043e\u0434\u0438\u043d\u0435, \u043a\u0430\u0434\u0430 \u0458\u0435 \u043f\u043e\u0442\u043f\u0438\u0441\u0430\u043d \u043f\u0440\u0432\u0438 \u0423\u0433\u043e\u0432\u043e\u0440 \u043e \u0437\u0430\u043a\u0443\u043f\u0443, \u0430 \u043f\u043e\u0441\u0435\u0442\u0430 \u043d\u0430\u0448\u0435 \u0434\u0435\u043b\u0435\u0433\u0430\u0446\u0438\u0458\u0435 \u0443\u043f\u0440\u0438\u043b\u0438\u0447\u0435\u043d\u0430 \u0458\u0435 \u0443 \u0441\u0443\u0441\u0440\u0435\u0442 \u043f\u0440\u0435\u0434\u0441\u0442\u043e\u0458\u0435\u045b\u0438\u043c \u043d\u043e\u0432\u043e\u0433\u043e\u0434\u0438\u0448\u045a\u0438\u043c \u043f\u0440\u0430\u0437\u043d\u0438\u0446\u0438\u043c\u0430 \u0438 \u0458\u0443\u0431\u0438\u043b\u0435\u0458\u0443 \u0443 2026.\u0433\u043e\u0434\u0438\u043d\u0438 \u043a\u0430\u0434\u0430 \u045b\u0435\u043c\u043e \u043e\u0431\u0435\u043b\u0435\u0436\u0438\u0442\u0438 70 \u0433\u043e\u0434\u0438\u043d\u0430 \u0443\u0441\u043f\u0435\u0448\u043d\u0435 \u0441\u0430\u0440\u0430\u0434\u045a\u0435.<\/p>\n<p>[\/et_pb_text][\/et_pb_column][\/et_pb_row][et_pb_row][et_pb_column type=&#8221;1_2&#8243;][et_pb_image _builder_version=&#8221;4.27.4&#8243; src=&#8221;https:\/\/dipos.rs\/wp-content\/uploads\/2025\/12\/Ambasada-Albanije-08-scaled.jpg&#8221; \/][\/et_pb_column][et_pb_column type=&#8221;1_2&#8243;][et_pb_image _builder_version=&#8221;4.27.4&#8243; src=&#8221;https:\/\/dipos.rs\/wp-content\/uploads\/2025\/12\/Ambasada-Albanije-17-scaled.jpg&#8221; \/][\/et_pb_column][\/et_pb_row][et_pb_row][et_pb_column type=&#8221;1_2&#8243;][et_pb_image _builder_version=&#8221;4.27.4&#8243; src=&#8221;https:\/\/dipos.rs\/wp-content\/uploads\/2025\/12\/Ambasada-Albanije-15-scaled.jpg&#8221; \/][\/et_pb_column][et_pb_column type=&#8221;1_2&#8243;][et_pb_image _builder_version=&#8221;4.27.4&#8243; src=&#8221;https:\/\/dipos.rs\/wp-content\/uploads\/2025\/12\/Ambasada-Albanije-01-scaled.jpg&#8221; \/][\/et_pb_column][\/et_pb_row][\/et_pb_section]<\/p>\n","protected":false},"excerpt":{"rendered":"<p><div class=\"et_pb_row et_pb_row_0 et_pb_row_empty\">\n\t\t\t\t\n\t\t\t\t\n\t\t\t\t\n\t\t\t\t\n\t\t\t\t\n\t\t\t<\/div> At the representative premises of the Embassy of the Republic of Albania, managed by our Company and located at 25a Bulevar kneza Aleksandra Kara\u0111or\u0111evi\u0107a, a cordial meeting was held on 10 December 2025 between the Director of Dipos, Ms. Bojana Martinovi\u0107, her Deputy, Ms. Ivana Milosavljevi\u0107, and the Ambassador of the Republic of Albania, [&hellip;]<\/p>\n","protected":false},"author":14,"featured_media":11649,"comment_status":"closed","ping_status":"closed","sticky":false,"template":"","format":"standard","meta":{"_et_pb_use_builder":"o","_et_pb_old_content":"","_et_gb_content_width":"","inline_featured_image":false,"footnotes":""},"categories":[34,32],"tags":[],"class_list":["post-11601","post","type-post","status-publish","format-standard","has-post-thumbnail","hentry","category-news-cat","category-vest"],"yoast_head":"<!-- This site is optimized with the Yoast SEO Premium plugin v22.2 (Yoast SEO v27.4) - https:\/\/yoast.com\/product\/yoast-seo-premium-wordpress\/ -->\n<title>Cordial Visit of the Dipos Management to the Embassy of Albania - Dipos<\/title>\n<meta name=\"description\" content=\"At the representative premises of the Embassy of the Republic of Albania, managed by our Company and located at 25a Bulevar kneza Aleksandra Kara\u0111or\u0111evi\u0107a, a cordial meeting was held on 10 December 2025 between the Director of Dipos, Ms. Bojana Martinovi\u0107, her Deputy, Ms. Ivana Milosavljevi\u0107, and the Ambassador of the Republic of Albania, H.E. Bardhyl Canaj.\" \/>\n<meta name=\"robots\" content=\"index, follow, max-snippet:-1, max-image-preview:large, max-video-preview:-1\" \/>\n<link rel=\"canonical\" href=\"https:\/\/dipos.rs\/en\/news-cat\/cordial-visit-of-the-dipos-management-to-the-embassy-of-albania\/\" \/>\n<meta property=\"og:locale\" content=\"en_US\" \/>\n<meta property=\"og:type\" content=\"article\" \/>\n<meta property=\"og:title\" content=\"Cordial Visit of the Dipos Management to the Embassy of Albania\" \/>\n<meta property=\"og:description\" content=\"At the representative premises of the Embassy of the Republic of Albania, managed by our Company and located at 25a Bulevar kneza Aleksandra Kara\u0111or\u0111evi\u0107a, a cordial meeting was held on 10 December 2025 between the Director of Dipos, Ms. Bojana Martinovi\u0107, her Deputy, Ms. Ivana Milosavljevi\u0107, and the Ambassador of the Republic of Albania, H.E. Bardhyl Canaj.\" \/>\n<meta property=\"og:url\" content=\"https:\/\/dipos.rs\/en\/news-cat\/cordial-visit-of-the-dipos-management-to-the-embassy-of-albania\/\" \/>\n<meta property=\"og:site_name\" content=\"Dipos\" \/>\n<meta property=\"article:published_time\" content=\"2025-12-10T12:40:06+00:00\" \/>\n<meta property=\"article:modified_time\" content=\"2025-12-10T12:50:56+00:00\" \/>\n<meta property=\"og:image\" content=\"https:\/\/dipos.rs\/wp-content\/uploads\/2025\/12\/KRO-Ambasada-Albanije-07-1-scaled.jpg\" \/>\n\t<meta property=\"og:image:width\" content=\"2560\" \/>\n\t<meta property=\"og:image:height\" content=\"1505\" \/>\n\t<meta property=\"og:image:type\" content=\"image\/jpeg\" \/>\n<meta name=\"author\" content=\"Marija Savic\" \/>\n<meta name=\"twitter:card\" content=\"summary_large_image\" \/>\n<meta name=\"twitter:label1\" content=\"Written by\" \/>\n\t<meta name=\"twitter:data1\" content=\"Marija Savic\" \/>\n\t<meta name=\"twitter:label2\" content=\"Est. reading time\" \/>\n\t<meta name=\"twitter:data2\" content=\"2 minutes\" \/>\n<script type=\"application\/ld+json\" class=\"yoast-schema-graph\">{\"@context\":\"https:\\\/\\\/schema.org\",\"@graph\":[{\"@type\":\"Article\",\"@id\":\"https:\\\/\\\/dipos.rs\\\/en\\\/news-cat\\\/cordial-visit-of-the-dipos-management-to-the-embassy-of-albania\\\/#article\",\"isPartOf\":{\"@id\":\"https:\\\/\\\/dipos.rs\\\/en\\\/news-cat\\\/cordial-visit-of-the-dipos-management-to-the-embassy-of-albania\\\/\"},\"author\":{\"name\":\"Marija Savic\",\"@id\":\"https:\\\/\\\/dipos.rs\\\/en\\\/#\\\/schema\\\/person\\\/a1a675959b6e1b19ad9c5b2732ad3d22\"},\"headline\":\"Cordial Visit of the Dipos Management to the Embassy of Albania\",\"datePublished\":\"2025-12-10T12:40:06+00:00\",\"dateModified\":\"2025-12-10T12:50:56+00:00\",\"mainEntityOfPage\":{\"@id\":\"https:\\\/\\\/dipos.rs\\\/en\\\/news-cat\\\/cordial-visit-of-the-dipos-management-to-the-embassy-of-albania\\\/\"},\"wordCount\":380,\"publisher\":{\"@id\":\"https:\\\/\\\/dipos.rs\\\/en\\\/#organization\"},\"image\":{\"@id\":\"https:\\\/\\\/dipos.rs\\\/en\\\/news-cat\\\/cordial-visit-of-the-dipos-management-to-the-embassy-of-albania\\\/#primaryimage\"},\"thumbnailUrl\":\"https:\\\/\\\/dipos.rs\\\/wp-content\\\/uploads\\\/2025\\\/12\\\/KRO-Ambasada-Albanije-07-1-scaled.jpg\",\"articleSection\":[\"News\",\"\u0412\u0435\u0441\u0442\u0438\"],\"inLanguage\":\"en-US\"},{\"@type\":\"WebPage\",\"@id\":\"https:\\\/\\\/dipos.rs\\\/en\\\/news-cat\\\/cordial-visit-of-the-dipos-management-to-the-embassy-of-albania\\\/\",\"url\":\"https:\\\/\\\/dipos.rs\\\/en\\\/news-cat\\\/cordial-visit-of-the-dipos-management-to-the-embassy-of-albania\\\/\",\"name\":\"Cordial Visit of the Dipos Management to the Embassy of Albania - Dipos\",\"isPartOf\":{\"@id\":\"https:\\\/\\\/dipos.rs\\\/en\\\/#website\"},\"primaryImageOfPage\":{\"@id\":\"https:\\\/\\\/dipos.rs\\\/en\\\/news-cat\\\/cordial-visit-of-the-dipos-management-to-the-embassy-of-albania\\\/#primaryimage\"},\"image\":{\"@id\":\"https:\\\/\\\/dipos.rs\\\/en\\\/news-cat\\\/cordial-visit-of-the-dipos-management-to-the-embassy-of-albania\\\/#primaryimage\"},\"thumbnailUrl\":\"https:\\\/\\\/dipos.rs\\\/wp-content\\\/uploads\\\/2025\\\/12\\\/KRO-Ambasada-Albanije-07-1-scaled.jpg\",\"datePublished\":\"2025-12-10T12:40:06+00:00\",\"dateModified\":\"2025-12-10T12:50:56+00:00\",\"description\":\"At the representative premises of the Embassy of the Republic of Albania, managed by our Company and located at 25a Bulevar kneza Aleksandra Kara\u0111or\u0111evi\u0107a, a cordial meeting was held on 10 December 2025 between the Director of Dipos, Ms. Bojana Martinovi\u0107, her Deputy, Ms. Ivana Milosavljevi\u0107, and the Ambassador of the Republic of Albania, H.E. Bardhyl Canaj.\",\"breadcrumb\":{\"@id\":\"https:\\\/\\\/dipos.rs\\\/en\\\/news-cat\\\/cordial-visit-of-the-dipos-management-to-the-embassy-of-albania\\\/#breadcrumb\"},\"inLanguage\":\"en-US\",\"potentialAction\":[{\"@type\":\"ReadAction\",\"target\":[\"https:\\\/\\\/dipos.rs\\\/en\\\/news-cat\\\/cordial-visit-of-the-dipos-management-to-the-embassy-of-albania\\\/\"]}]},{\"@type\":\"ImageObject\",\"inLanguage\":\"en-US\",\"@id\":\"https:\\\/\\\/dipos.rs\\\/en\\\/news-cat\\\/cordial-visit-of-the-dipos-management-to-the-embassy-of-albania\\\/#primaryimage\",\"url\":\"https:\\\/\\\/dipos.rs\\\/wp-content\\\/uploads\\\/2025\\\/12\\\/KRO-Ambasada-Albanije-07-1-scaled.jpg\",\"contentUrl\":\"https:\\\/\\\/dipos.rs\\\/wp-content\\\/uploads\\\/2025\\\/12\\\/KRO-Ambasada-Albanije-07-1-scaled.jpg\",\"width\":2560,\"height\":1505},{\"@type\":\"BreadcrumbList\",\"@id\":\"https:\\\/\\\/dipos.rs\\\/en\\\/news-cat\\\/cordial-visit-of-the-dipos-management-to-the-embassy-of-albania\\\/#breadcrumb\",\"itemListElement\":[{\"@type\":\"ListItem\",\"position\":1,\"name\":\"Home\",\"item\":\"https:\\\/\\\/dipos.rs\\\/en\\\/\"},{\"@type\":\"ListItem\",\"position\":2,\"name\":\"Cordial Visit of the Dipos Management to the Embassy of Albania\"}]},{\"@type\":\"WebSite\",\"@id\":\"https:\\\/\\\/dipos.rs\\\/en\\\/#website\",\"url\":\"https:\\\/\\\/dipos.rs\\\/en\\\/\",\"name\":\"\u0414\u0438\u043f\u043e\u0441\",\"description\":\"Privredno dru\u0161tvo koje se bavi upravljanjem, izdavanjem i odr\u017eavanjem nekretnina u vlasni\u0161tvu Republike Srbije\",\"publisher\":{\"@id\":\"https:\\\/\\\/dipos.rs\\\/en\\\/#organization\"},\"potentialAction\":[{\"@type\":\"SearchAction\",\"target\":{\"@type\":\"EntryPoint\",\"urlTemplate\":\"https:\\\/\\\/dipos.rs\\\/en\\\/?s={search_term_string}\"},\"query-input\":{\"@type\":\"PropertyValueSpecification\",\"valueRequired\":true,\"valueName\":\"search_term_string\"}}],\"inLanguage\":\"en-US\"},{\"@type\":\"Organization\",\"@id\":\"https:\\\/\\\/dipos.rs\\\/en\\\/#organization\",\"name\":\"\u0414\u0438\u043f\u043e\u0441\",\"url\":\"https:\\\/\\\/dipos.rs\\\/en\\\/\",\"logo\":{\"@type\":\"ImageObject\",\"inLanguage\":\"en-US\",\"@id\":\"https:\\\/\\\/dipos.rs\\\/en\\\/#\\\/schema\\\/logo\\\/image\\\/\",\"url\":\"https:\\\/\\\/dipos.rs\\\/wp-content\\\/uploads\\\/2022\\\/04\\\/logo-plavi.png\",\"contentUrl\":\"https:\\\/\\\/dipos.rs\\\/wp-content\\\/uploads\\\/2022\\\/04\\\/logo-plavi.png\",\"width\":380,\"height\":280,\"caption\":\"\u0414\u0438\u043f\u043e\u0441\"},\"image\":{\"@id\":\"https:\\\/\\\/dipos.rs\\\/en\\\/#\\\/schema\\\/logo\\\/image\\\/\"}},{\"@type\":\"Person\",\"@id\":\"https:\\\/\\\/dipos.rs\\\/en\\\/#\\\/schema\\\/person\\\/a1a675959b6e1b19ad9c5b2732ad3d22\",\"name\":\"Marija Savic\",\"image\":{\"@type\":\"ImageObject\",\"inLanguage\":\"en-US\",\"@id\":\"https:\\\/\\\/secure.gravatar.com\\\/avatar\\\/9577e12407d06a346e56333c02b4fb01c4c7f9ce53827406104da52968501f40?s=96&d=mm&r=g\",\"url\":\"https:\\\/\\\/secure.gravatar.com\\\/avatar\\\/9577e12407d06a346e56333c02b4fb01c4c7f9ce53827406104da52968501f40?s=96&d=mm&r=g\",\"contentUrl\":\"https:\\\/\\\/secure.gravatar.com\\\/avatar\\\/9577e12407d06a346e56333c02b4fb01c4c7f9ce53827406104da52968501f40?s=96&d=mm&r=g\",\"caption\":\"Marija Savic\"},\"url\":\"https:\\\/\\\/dipos.rs\\\/en\\\/author\\\/marija-savic\\\/\"}]}<\/script>\n<!-- \/ Yoast SEO Premium plugin. -->","yoast_head_json":{"title":"Cordial Visit of the Dipos Management to the Embassy of Albania - Dipos","description":"At the representative premises of the Embassy of the Republic of Albania, managed by our Company and located at 25a Bulevar kneza Aleksandra Kara\u0111or\u0111evi\u0107a, a cordial meeting was held on 10 December 2025 between the Director of Dipos, Ms. Bojana Martinovi\u0107, her Deputy, Ms. Ivana Milosavljevi\u0107, and the Ambassador of the Republic of Albania, H.E. Bardhyl Canaj.","robots":{"index":"index","follow":"follow","max-snippet":"max-snippet:-1","max-image-preview":"max-image-preview:large","max-video-preview":"max-video-preview:-1"},"canonical":"https:\/\/dipos.rs\/en\/news-cat\/cordial-visit-of-the-dipos-management-to-the-embassy-of-albania\/","og_locale":"en_US","og_type":"article","og_title":"Cordial Visit of the Dipos Management to the Embassy of Albania","og_description":"At the representative premises of the Embassy of the Republic of Albania, managed by our Company and located at 25a Bulevar kneza Aleksandra Kara\u0111or\u0111evi\u0107a, a cordial meeting was held on 10 December 2025 between the Director of Dipos, Ms. Bojana Martinovi\u0107, her Deputy, Ms. Ivana Milosavljevi\u0107, and the Ambassador of the Republic of Albania, H.E. Bardhyl Canaj.","og_url":"https:\/\/dipos.rs\/en\/news-cat\/cordial-visit-of-the-dipos-management-to-the-embassy-of-albania\/","og_site_name":"Dipos","article_published_time":"2025-12-10T12:40:06+00:00","article_modified_time":"2025-12-10T12:50:56+00:00","og_image":[{"width":2560,"height":1505,"url":"https:\/\/dipos.rs\/wp-content\/uploads\/2025\/12\/KRO-Ambasada-Albanije-07-1-scaled.jpg","type":"image\/jpeg"}],"author":"Marija Savic","twitter_card":"summary_large_image","twitter_misc":{"Written by":"Marija Savic","Est. reading time":"2 minutes"},"schema":{"@context":"https:\/\/schema.org","@graph":[{"@type":"Article","@id":"https:\/\/dipos.rs\/en\/news-cat\/cordial-visit-of-the-dipos-management-to-the-embassy-of-albania\/#article","isPartOf":{"@id":"https:\/\/dipos.rs\/en\/news-cat\/cordial-visit-of-the-dipos-management-to-the-embassy-of-albania\/"},"author":{"name":"Marija Savic","@id":"https:\/\/dipos.rs\/en\/#\/schema\/person\/a1a675959b6e1b19ad9c5b2732ad3d22"},"headline":"Cordial Visit of the Dipos Management to the Embassy of Albania","datePublished":"2025-12-10T12:40:06+00:00","dateModified":"2025-12-10T12:50:56+00:00","mainEntityOfPage":{"@id":"https:\/\/dipos.rs\/en\/news-cat\/cordial-visit-of-the-dipos-management-to-the-embassy-of-albania\/"},"wordCount":380,"publisher":{"@id":"https:\/\/dipos.rs\/en\/#organization"},"image":{"@id":"https:\/\/dipos.rs\/en\/news-cat\/cordial-visit-of-the-dipos-management-to-the-embassy-of-albania\/#primaryimage"},"thumbnailUrl":"https:\/\/dipos.rs\/wp-content\/uploads\/2025\/12\/KRO-Ambasada-Albanije-07-1-scaled.jpg","articleSection":["News","\u0412\u0435\u0441\u0442\u0438"],"inLanguage":"en-US"},{"@type":"WebPage","@id":"https:\/\/dipos.rs\/en\/news-cat\/cordial-visit-of-the-dipos-management-to-the-embassy-of-albania\/","url":"https:\/\/dipos.rs\/en\/news-cat\/cordial-visit-of-the-dipos-management-to-the-embassy-of-albania\/","name":"Cordial Visit of the Dipos Management to the Embassy of Albania - Dipos","isPartOf":{"@id":"https:\/\/dipos.rs\/en\/#website"},"primaryImageOfPage":{"@id":"https:\/\/dipos.rs\/en\/news-cat\/cordial-visit-of-the-dipos-management-to-the-embassy-of-albania\/#primaryimage"},"image":{"@id":"https:\/\/dipos.rs\/en\/news-cat\/cordial-visit-of-the-dipos-management-to-the-embassy-of-albania\/#primaryimage"},"thumbnailUrl":"https:\/\/dipos.rs\/wp-content\/uploads\/2025\/12\/KRO-Ambasada-Albanije-07-1-scaled.jpg","datePublished":"2025-12-10T12:40:06+00:00","dateModified":"2025-12-10T12:50:56+00:00","description":"At the representative premises of the Embassy of the Republic of Albania, managed by our Company and located at 25a Bulevar kneza Aleksandra Kara\u0111or\u0111evi\u0107a, a cordial meeting was held on 10 December 2025 between the Director of Dipos, Ms. Bojana Martinovi\u0107, her Deputy, Ms. Ivana Milosavljevi\u0107, and the Ambassador of the Republic of Albania, H.E. Bardhyl Canaj.","breadcrumb":{"@id":"https:\/\/dipos.rs\/en\/news-cat\/cordial-visit-of-the-dipos-management-to-the-embassy-of-albania\/#breadcrumb"},"inLanguage":"en-US","potentialAction":[{"@type":"ReadAction","target":["https:\/\/dipos.rs\/en\/news-cat\/cordial-visit-of-the-dipos-management-to-the-embassy-of-albania\/"]}]},{"@type":"ImageObject","inLanguage":"en-US","@id":"https:\/\/dipos.rs\/en\/news-cat\/cordial-visit-of-the-dipos-management-to-the-embassy-of-albania\/#primaryimage","url":"https:\/\/dipos.rs\/wp-content\/uploads\/2025\/12\/KRO-Ambasada-Albanije-07-1-scaled.jpg","contentUrl":"https:\/\/dipos.rs\/wp-content\/uploads\/2025\/12\/KRO-Ambasada-Albanije-07-1-scaled.jpg","width":2560,"height":1505},{"@type":"BreadcrumbList","@id":"https:\/\/dipos.rs\/en\/news-cat\/cordial-visit-of-the-dipos-management-to-the-embassy-of-albania\/#breadcrumb","itemListElement":[{"@type":"ListItem","position":1,"name":"Home","item":"https:\/\/dipos.rs\/en\/"},{"@type":"ListItem","position":2,"name":"Cordial Visit of the Dipos Management to the Embassy of Albania"}]},{"@type":"WebSite","@id":"https:\/\/dipos.rs\/en\/#website","url":"https:\/\/dipos.rs\/en\/","name":"\u0414\u0438\u043f\u043e\u0441","description":"Privredno dru\u0161tvo koje se bavi upravljanjem, izdavanjem i odr\u017eavanjem nekretnina u vlasni\u0161tvu Republike Srbije","publisher":{"@id":"https:\/\/dipos.rs\/en\/#organization"},"potentialAction":[{"@type":"SearchAction","target":{"@type":"EntryPoint","urlTemplate":"https:\/\/dipos.rs\/en\/?s={search_term_string}"},"query-input":{"@type":"PropertyValueSpecification","valueRequired":true,"valueName":"search_term_string"}}],"inLanguage":"en-US"},{"@type":"Organization","@id":"https:\/\/dipos.rs\/en\/#organization","name":"\u0414\u0438\u043f\u043e\u0441","url":"https:\/\/dipos.rs\/en\/","logo":{"@type":"ImageObject","inLanguage":"en-US","@id":"https:\/\/dipos.rs\/en\/#\/schema\/logo\/image\/","url":"https:\/\/dipos.rs\/wp-content\/uploads\/2022\/04\/logo-plavi.png","contentUrl":"https:\/\/dipos.rs\/wp-content\/uploads\/2022\/04\/logo-plavi.png","width":380,"height":280,"caption":"\u0414\u0438\u043f\u043e\u0441"},"image":{"@id":"https:\/\/dipos.rs\/en\/#\/schema\/logo\/image\/"}},{"@type":"Person","@id":"https:\/\/dipos.rs\/en\/#\/schema\/person\/a1a675959b6e1b19ad9c5b2732ad3d22","name":"Marija Savic","image":{"@type":"ImageObject","inLanguage":"en-US","@id":"https:\/\/secure.gravatar.com\/avatar\/9577e12407d06a346e56333c02b4fb01c4c7f9ce53827406104da52968501f40?s=96&d=mm&r=g","url":"https:\/\/secure.gravatar.com\/avatar\/9577e12407d06a346e56333c02b4fb01c4c7f9ce53827406104da52968501f40?s=96&d=mm&r=g","contentUrl":"https:\/\/secure.gravatar.com\/avatar\/9577e12407d06a346e56333c02b4fb01c4c7f9ce53827406104da52968501f40?s=96&d=mm&r=g","caption":"Marija Savic"},"url":"https:\/\/dipos.rs\/en\/author\/marija-savic\/"}]}},"_links":{"self":[{"href":"https:\/\/dipos.rs\/en\/wp-json\/wp\/v2\/posts\/11601","targetHints":{"allow":["GET"]}}],"collection":[{"href":"https:\/\/dipos.rs\/en\/wp-json\/wp\/v2\/posts"}],"about":[{"href":"https:\/\/dipos.rs\/en\/wp-json\/wp\/v2\/types\/post"}],"author":[{"embeddable":true,"href":"https:\/\/dipos.rs\/en\/wp-json\/wp\/v2\/users\/14"}],"replies":[{"embeddable":true,"href":"https:\/\/dipos.rs\/en\/wp-json\/wp\/v2\/comments?post=11601"}],"version-history":[{"count":0,"href":"https:\/\/dipos.rs\/en\/wp-json\/wp\/v2\/posts\/11601\/revisions"}],"wp:featuredmedia":[{"embeddable":true,"href":"https:\/\/dipos.rs\/en\/wp-json\/wp\/v2\/media\/11649"}],"wp:attachment":[{"href":"https:\/\/dipos.rs\/en\/wp-json\/wp\/v2\/media?parent=11601"}],"wp:term":[{"taxonomy":"category","embeddable":true,"href":"https:\/\/dipos.rs\/en\/wp-json\/wp\/v2\/categories?post=11601"},{"taxonomy":"post_tag","embeddable":true,"href":"https:\/\/dipos.rs\/en\/wp-json\/wp\/v2\/tags?post=11601"}],"curies":[{"name":"wp","href":"https:\/\/api.w.org\/{rel}","templated":true}]}}