{"id":11824,"date":"2026-01-21T16:18:07","date_gmt":"2026-01-21T15:18:07","guid":{"rendered":"https:\/\/dipos.rs\/?p=11824"},"modified":"2026-02-02T20:34:04","modified_gmt":"2026-02-02T19:34:04","slug":"a-warm-welcome-by-dipos-to-the-newly-appointed-ambassador-of-cuba","status":"publish","type":"post","link":"https:\/\/dipos.rs\/en\/news-cat\/a-warm-welcome-by-dipos-to-the-newly-appointed-ambassador-of-cuba\/","title":{"rendered":"A Warm Welcome by DIPOS to the Newly Appointed Ambassador of Cuba"},"content":{"rendered":"<p>[et_pb_section bb_built=&#8221;1&#8243; inner_width=&#8221;auto&#8221; inner_max_width=&#8221;1100px&#8221;][et_pb_row][et_pb_column type=&#8221;4_4&#8243; custom_padding__hover=&#8221;|||&#8221; custom_padding=&#8221;|||&#8221;][et_pb_image _builder_version=&#8221;4.27.4&#8243; src=&#8221;https:\/\/dipos.rs\/wp-content\/uploads\/2026\/01\/Kubanski-ambasador-u-poseti-Dopisu-10-scaled.jpg&#8221; \/][et_pb_text _builder_version=&#8221;4.27.4&#8243;]<\/p>\n<p>During the cordial and friendly meeting, the Director of DIPOS, Bojana Martinovi\u0107, and her Deputy, Ivana Milosavljevi\u0107, introduced the Ambassador to the work and operations of DIPOS and reflected on the decades-long cooperation between DIPOS and the Embassy of the Republic of Cuba in Belgrade.<\/p>\n<p><\/p>\n<p>\u201cThe first lease agreement concluded between the Embassy of Cuba and DIPOS dates back to 1963. From then until today, our cooperation has been carefully nurtured. Therefore, it is with great pleasure that we emphasize today the fact that this cooperation has grown into a sincere and reliable friendship, just like the bilateral relations between our two countries. We will do everything to ensure that our company is a reliable and credible host during your term of office,\u201d stated Director Martinovi\u0107, wishing His Excellency a successful diplomatic mission in our country.<\/p>\n<p><\/p>\n<p>For its needs, the Embassy of the Republic of Cuba uses a property from our portfolio located at 4 Domentijanova Street in Belgrade.<\/p>\n<p>[\/et_pb_text][\/et_pb_column][\/et_pb_row][et_pb_row][et_pb_column type=&#8221;1_3&#8243;][et_pb_image _builder_version=&#8221;4.27.4&#8243; src=&#8221;https:\/\/dipos.rs\/wp-content\/uploads\/2026\/01\/Kubanski-ambasador-u-poseti-Dopisu-05-scaled.jpg&#8221; \/][\/et_pb_column][et_pb_column type=&#8221;1_3&#8243;][et_pb_image _builder_version=&#8221;4.27.4&#8243; src=&#8221;https:\/\/dipos.rs\/wp-content\/uploads\/2026\/01\/Kubanski-ambasador-u-poseti-Dopisu-02-scaled.jpg&#8221; \/][\/et_pb_column][et_pb_column type=&#8221;1_3&#8243;][et_pb_image _builder_version=&#8221;4.27.4&#8243; src=&#8221;https:\/\/dipos.rs\/wp-content\/uploads\/2026\/01\/Kubanski-ambasador-u-poseti-Dopisu-14-scaled.jpg&#8221; \/][\/et_pb_column][\/et_pb_row][et_pb_row][et_pb_column type=&#8221;4_4&#8243; custom_padding__hover=&#8221;|||&#8221; custom_padding=&#8221;|||&#8221;][et_pb_image _builder_version=&#8221;4.27.4&#8243; src=&#8221;https:\/\/dipos.rs\/wp-content\/uploads\/2026\/01\/Kubanski-ambasador-u-poseti-Dopisu-05-scaled.jpg&#8221; \/][\/et_pb_column][\/et_pb_row][\/et_pb_section]<\/p>\n","protected":false},"excerpt":{"rendered":"<p><div class=\"et_pb_row et_pb_row_0 et_pb_row_empty\">\n\t\t\t\t\n\t\t\t\t\n\t\t\t\t\n\t\t\t\t\n\t\t\t\t\n\t\t\t<\/div> During the cordial and friendly meeting, the Director of DIPOS, Bojana Martinovi\u0107, and her Deputy, Ivana Milosavljevi\u0107, introduced the Ambassador to the work and operations of DIPOS and reflected on the decades-long cooperation between DIPOS and the Embassy of the Republic of Cuba in Belgrade.\u201cThe first lease agreement concluded between the Embassy of Cuba [&hellip;]<\/p>\n","protected":false},"author":14,"featured_media":0,"comment_status":"closed","ping_status":"closed","sticky":false,"template":"","format":"standard","meta":{"_et_pb_use_builder":"o","_et_pb_old_content":"","_et_gb_content_width":"","inline_featured_image":false,"footnotes":""},"categories":[34],"tags":[],"class_list":["post-11824","post","type-post","status-publish","format-standard","hentry","category-news-cat"],"yoast_head":"<!-- This site is optimized with the Yoast SEO Premium plugin v22.2 (Yoast SEO v27.4) - https:\/\/yoast.com\/product\/yoast-seo-premium-wordpress\/ -->\n<title>A Warm Welcome by DIPOS to the Newly Appointed Ambassador of Cuba - Dipos<\/title>\n<meta name=\"description\" content=\"At the premises of our company, on January 21, 2026, we had the great pleasure of hosting the newly appointed Ambassador of Cuba to Serbia, H.E. Pavel Orencio D\u00edaz Hern\u00e1ndez.\" \/>\n<meta name=\"robots\" content=\"index, follow, max-snippet:-1, max-image-preview:large, max-video-preview:-1\" \/>\n<link rel=\"canonical\" href=\"https:\/\/dipos.rs\/en\/news-cat\/a-warm-welcome-by-dipos-to-the-newly-appointed-ambassador-of-cuba\/\" \/>\n<meta property=\"og:locale\" content=\"en_US\" \/>\n<meta property=\"og:type\" content=\"article\" \/>\n<meta property=\"og:title\" content=\"A Warm Welcome by DIPOS to the Newly Appointed Ambassador of Cuba\" \/>\n<meta property=\"og:description\" content=\"At the premises of our company, on January 21, 2026, we had the great pleasure of hosting the newly appointed Ambassador of Cuba to Serbia, H.E. Pavel Orencio D\u00edaz Hern\u00e1ndez.\" \/>\n<meta property=\"og:url\" content=\"https:\/\/dipos.rs\/en\/news-cat\/a-warm-welcome-by-dipos-to-the-newly-appointed-ambassador-of-cuba\/\" \/>\n<meta property=\"og:site_name\" content=\"Dipos\" \/>\n<meta property=\"article:published_time\" content=\"2026-01-21T15:18:07+00:00\" \/>\n<meta property=\"article:modified_time\" content=\"2026-02-02T19:34:04+00:00\" \/>\n<meta property=\"og:image\" content=\"https:\/\/dipos.rs\/wp-content\/uploads\/2026\/01\/Kubanski-ambasador-u-poseti-Dopisu-10-scaled.jpg\" \/>\n\t<meta property=\"og:image:width\" content=\"2560\" \/>\n\t<meta property=\"og:image:height\" content=\"1706\" \/>\n\t<meta property=\"og:image:type\" content=\"image\/jpeg\" \/>\n<meta name=\"author\" content=\"Marija Savic\" \/>\n<meta name=\"twitter:card\" content=\"summary_large_image\" \/>\n<meta name=\"twitter:label1\" content=\"Written by\" \/>\n\t<meta name=\"twitter:data1\" content=\"Marija Savic\" \/>\n\t<meta name=\"twitter:label2\" content=\"Est. reading time\" \/>\n\t<meta name=\"twitter:data2\" content=\"2 minutes\" \/>\n<script type=\"application\/ld+json\" class=\"yoast-schema-graph\">{\"@context\":\"https:\\\/\\\/schema.org\",\"@graph\":[{\"@type\":\"Article\",\"@id\":\"https:\\\/\\\/dipos.rs\\\/en\\\/news-cat\\\/a-warm-welcome-by-dipos-to-the-newly-appointed-ambassador-of-cuba\\\/#article\",\"isPartOf\":{\"@id\":\"https:\\\/\\\/dipos.rs\\\/en\\\/news-cat\\\/a-warm-welcome-by-dipos-to-the-newly-appointed-ambassador-of-cuba\\\/\"},\"author\":{\"name\":\"Marija Savic\",\"@id\":\"https:\\\/\\\/dipos.rs\\\/en\\\/#\\\/schema\\\/person\\\/a1a675959b6e1b19ad9c5b2732ad3d22\"},\"headline\":\"A Warm Welcome by DIPOS to the Newly Appointed Ambassador of Cuba\",\"datePublished\":\"2026-01-21T15:18:07+00:00\",\"dateModified\":\"2026-02-02T19:34:04+00:00\",\"mainEntityOfPage\":{\"@id\":\"https:\\\/\\\/dipos.rs\\\/en\\\/news-cat\\\/a-warm-welcome-by-dipos-to-the-newly-appointed-ambassador-of-cuba\\\/\"},\"wordCount\":325,\"publisher\":{\"@id\":\"https:\\\/\\\/dipos.rs\\\/en\\\/#organization\"},\"articleSection\":[\"News\"],\"inLanguage\":\"en-US\"},{\"@type\":\"WebPage\",\"@id\":\"https:\\\/\\\/dipos.rs\\\/en\\\/news-cat\\\/a-warm-welcome-by-dipos-to-the-newly-appointed-ambassador-of-cuba\\\/\",\"url\":\"https:\\\/\\\/dipos.rs\\\/en\\\/news-cat\\\/a-warm-welcome-by-dipos-to-the-newly-appointed-ambassador-of-cuba\\\/\",\"name\":\"A Warm Welcome by DIPOS to the Newly Appointed Ambassador of Cuba - Dipos\",\"isPartOf\":{\"@id\":\"https:\\\/\\\/dipos.rs\\\/en\\\/#website\"},\"datePublished\":\"2026-01-21T15:18:07+00:00\",\"dateModified\":\"2026-02-02T19:34:04+00:00\",\"description\":\"At the premises of our company, on January 21, 2026, we had the great pleasure of hosting the newly appointed Ambassador of Cuba to Serbia, H.E. Pavel Orencio D\u00edaz Hern\u00e1ndez.\",\"breadcrumb\":{\"@id\":\"https:\\\/\\\/dipos.rs\\\/en\\\/news-cat\\\/a-warm-welcome-by-dipos-to-the-newly-appointed-ambassador-of-cuba\\\/#breadcrumb\"},\"inLanguage\":\"en-US\",\"potentialAction\":[{\"@type\":\"ReadAction\",\"target\":[\"https:\\\/\\\/dipos.rs\\\/en\\\/news-cat\\\/a-warm-welcome-by-dipos-to-the-newly-appointed-ambassador-of-cuba\\\/\"]}]},{\"@type\":\"BreadcrumbList\",\"@id\":\"https:\\\/\\\/dipos.rs\\\/en\\\/news-cat\\\/a-warm-welcome-by-dipos-to-the-newly-appointed-ambassador-of-cuba\\\/#breadcrumb\",\"itemListElement\":[{\"@type\":\"ListItem\",\"position\":1,\"name\":\"Home\",\"item\":\"https:\\\/\\\/dipos.rs\\\/en\\\/\"},{\"@type\":\"ListItem\",\"position\":2,\"name\":\"A Warm Welcome by DIPOS to the Newly Appointed Ambassador of Cuba\"}]},{\"@type\":\"WebSite\",\"@id\":\"https:\\\/\\\/dipos.rs\\\/en\\\/#website\",\"url\":\"https:\\\/\\\/dipos.rs\\\/en\\\/\",\"name\":\"\u0414\u0438\u043f\u043e\u0441\",\"description\":\"Privredno dru\u0161tvo koje se bavi upravljanjem, izdavanjem i odr\u017eavanjem nekretnina u vlasni\u0161tvu Republike Srbije\",\"publisher\":{\"@id\":\"https:\\\/\\\/dipos.rs\\\/en\\\/#organization\"},\"potentialAction\":[{\"@type\":\"SearchAction\",\"target\":{\"@type\":\"EntryPoint\",\"urlTemplate\":\"https:\\\/\\\/dipos.rs\\\/en\\\/?s={search_term_string}\"},\"query-input\":{\"@type\":\"PropertyValueSpecification\",\"valueRequired\":true,\"valueName\":\"search_term_string\"}}],\"inLanguage\":\"en-US\"},{\"@type\":\"Organization\",\"@id\":\"https:\\\/\\\/dipos.rs\\\/en\\\/#organization\",\"name\":\"\u0414\u0438\u043f\u043e\u0441\",\"url\":\"https:\\\/\\\/dipos.rs\\\/en\\\/\",\"logo\":{\"@type\":\"ImageObject\",\"inLanguage\":\"en-US\",\"@id\":\"https:\\\/\\\/dipos.rs\\\/en\\\/#\\\/schema\\\/logo\\\/image\\\/\",\"url\":\"https:\\\/\\\/dipos.rs\\\/wp-content\\\/uploads\\\/2022\\\/04\\\/logo-plavi.png\",\"contentUrl\":\"https:\\\/\\\/dipos.rs\\\/wp-content\\\/uploads\\\/2022\\\/04\\\/logo-plavi.png\",\"width\":380,\"height\":280,\"caption\":\"\u0414\u0438\u043f\u043e\u0441\"},\"image\":{\"@id\":\"https:\\\/\\\/dipos.rs\\\/en\\\/#\\\/schema\\\/logo\\\/image\\\/\"}},{\"@type\":\"Person\",\"@id\":\"https:\\\/\\\/dipos.rs\\\/en\\\/#\\\/schema\\\/person\\\/a1a675959b6e1b19ad9c5b2732ad3d22\",\"name\":\"Marija Savic\",\"image\":{\"@type\":\"ImageObject\",\"inLanguage\":\"en-US\",\"@id\":\"https:\\\/\\\/secure.gravatar.com\\\/avatar\\\/9577e12407d06a346e56333c02b4fb01c4c7f9ce53827406104da52968501f40?s=96&d=mm&r=g\",\"url\":\"https:\\\/\\\/secure.gravatar.com\\\/avatar\\\/9577e12407d06a346e56333c02b4fb01c4c7f9ce53827406104da52968501f40?s=96&d=mm&r=g\",\"contentUrl\":\"https:\\\/\\\/secure.gravatar.com\\\/avatar\\\/9577e12407d06a346e56333c02b4fb01c4c7f9ce53827406104da52968501f40?s=96&d=mm&r=g\",\"caption\":\"Marija Savic\"},\"url\":\"https:\\\/\\\/dipos.rs\\\/en\\\/author\\\/marija-savic\\\/\"}]}<\/script>\n<!-- \/ Yoast SEO Premium plugin. -->","yoast_head_json":{"title":"A Warm Welcome by DIPOS to the Newly Appointed Ambassador of Cuba - Dipos","description":"At the premises of our company, on January 21, 2026, we had the great pleasure of hosting the newly appointed Ambassador of Cuba to Serbia, H.E. Pavel Orencio D\u00edaz Hern\u00e1ndez.","robots":{"index":"index","follow":"follow","max-snippet":"max-snippet:-1","max-image-preview":"max-image-preview:large","max-video-preview":"max-video-preview:-1"},"canonical":"https:\/\/dipos.rs\/en\/news-cat\/a-warm-welcome-by-dipos-to-the-newly-appointed-ambassador-of-cuba\/","og_locale":"en_US","og_type":"article","og_title":"A Warm Welcome by DIPOS to the Newly Appointed Ambassador of Cuba","og_description":"At the premises of our company, on January 21, 2026, we had the great pleasure of hosting the newly appointed Ambassador of Cuba to Serbia, H.E. Pavel Orencio D\u00edaz Hern\u00e1ndez.","og_url":"https:\/\/dipos.rs\/en\/news-cat\/a-warm-welcome-by-dipos-to-the-newly-appointed-ambassador-of-cuba\/","og_site_name":"Dipos","article_published_time":"2026-01-21T15:18:07+00:00","article_modified_time":"2026-02-02T19:34:04+00:00","og_image":[{"width":2560,"height":1706,"url":"https:\/\/dipos.rs\/wp-content\/uploads\/2026\/01\/Kubanski-ambasador-u-poseti-Dopisu-10-scaled.jpg","type":"image\/jpeg"}],"author":"Marija Savic","twitter_card":"summary_large_image","twitter_misc":{"Written by":"Marija Savic","Est. reading time":"2 minutes"},"schema":{"@context":"https:\/\/schema.org","@graph":[{"@type":"Article","@id":"https:\/\/dipos.rs\/en\/news-cat\/a-warm-welcome-by-dipos-to-the-newly-appointed-ambassador-of-cuba\/#article","isPartOf":{"@id":"https:\/\/dipos.rs\/en\/news-cat\/a-warm-welcome-by-dipos-to-the-newly-appointed-ambassador-of-cuba\/"},"author":{"name":"Marija Savic","@id":"https:\/\/dipos.rs\/en\/#\/schema\/person\/a1a675959b6e1b19ad9c5b2732ad3d22"},"headline":"A Warm Welcome by DIPOS to the Newly Appointed Ambassador of Cuba","datePublished":"2026-01-21T15:18:07+00:00","dateModified":"2026-02-02T19:34:04+00:00","mainEntityOfPage":{"@id":"https:\/\/dipos.rs\/en\/news-cat\/a-warm-welcome-by-dipos-to-the-newly-appointed-ambassador-of-cuba\/"},"wordCount":325,"publisher":{"@id":"https:\/\/dipos.rs\/en\/#organization"},"articleSection":["News"],"inLanguage":"en-US"},{"@type":"WebPage","@id":"https:\/\/dipos.rs\/en\/news-cat\/a-warm-welcome-by-dipos-to-the-newly-appointed-ambassador-of-cuba\/","url":"https:\/\/dipos.rs\/en\/news-cat\/a-warm-welcome-by-dipos-to-the-newly-appointed-ambassador-of-cuba\/","name":"A Warm Welcome by DIPOS to the Newly Appointed Ambassador of Cuba - Dipos","isPartOf":{"@id":"https:\/\/dipos.rs\/en\/#website"},"datePublished":"2026-01-21T15:18:07+00:00","dateModified":"2026-02-02T19:34:04+00:00","description":"At the premises of our company, on January 21, 2026, we had the great pleasure of hosting the newly appointed Ambassador of Cuba to Serbia, H.E. Pavel Orencio D\u00edaz Hern\u00e1ndez.","breadcrumb":{"@id":"https:\/\/dipos.rs\/en\/news-cat\/a-warm-welcome-by-dipos-to-the-newly-appointed-ambassador-of-cuba\/#breadcrumb"},"inLanguage":"en-US","potentialAction":[{"@type":"ReadAction","target":["https:\/\/dipos.rs\/en\/news-cat\/a-warm-welcome-by-dipos-to-the-newly-appointed-ambassador-of-cuba\/"]}]},{"@type":"BreadcrumbList","@id":"https:\/\/dipos.rs\/en\/news-cat\/a-warm-welcome-by-dipos-to-the-newly-appointed-ambassador-of-cuba\/#breadcrumb","itemListElement":[{"@type":"ListItem","position":1,"name":"Home","item":"https:\/\/dipos.rs\/en\/"},{"@type":"ListItem","position":2,"name":"A Warm Welcome by DIPOS to the Newly Appointed Ambassador of Cuba"}]},{"@type":"WebSite","@id":"https:\/\/dipos.rs\/en\/#website","url":"https:\/\/dipos.rs\/en\/","name":"\u0414\u0438\u043f\u043e\u0441","description":"Privredno dru\u0161tvo koje se bavi upravljanjem, izdavanjem i odr\u017eavanjem nekretnina u vlasni\u0161tvu Republike Srbije","publisher":{"@id":"https:\/\/dipos.rs\/en\/#organization"},"potentialAction":[{"@type":"SearchAction","target":{"@type":"EntryPoint","urlTemplate":"https:\/\/dipos.rs\/en\/?s={search_term_string}"},"query-input":{"@type":"PropertyValueSpecification","valueRequired":true,"valueName":"search_term_string"}}],"inLanguage":"en-US"},{"@type":"Organization","@id":"https:\/\/dipos.rs\/en\/#organization","name":"\u0414\u0438\u043f\u043e\u0441","url":"https:\/\/dipos.rs\/en\/","logo":{"@type":"ImageObject","inLanguage":"en-US","@id":"https:\/\/dipos.rs\/en\/#\/schema\/logo\/image\/","url":"https:\/\/dipos.rs\/wp-content\/uploads\/2022\/04\/logo-plavi.png","contentUrl":"https:\/\/dipos.rs\/wp-content\/uploads\/2022\/04\/logo-plavi.png","width":380,"height":280,"caption":"\u0414\u0438\u043f\u043e\u0441"},"image":{"@id":"https:\/\/dipos.rs\/en\/#\/schema\/logo\/image\/"}},{"@type":"Person","@id":"https:\/\/dipos.rs\/en\/#\/schema\/person\/a1a675959b6e1b19ad9c5b2732ad3d22","name":"Marija Savic","image":{"@type":"ImageObject","inLanguage":"en-US","@id":"https:\/\/secure.gravatar.com\/avatar\/9577e12407d06a346e56333c02b4fb01c4c7f9ce53827406104da52968501f40?s=96&d=mm&r=g","url":"https:\/\/secure.gravatar.com\/avatar\/9577e12407d06a346e56333c02b4fb01c4c7f9ce53827406104da52968501f40?s=96&d=mm&r=g","contentUrl":"https:\/\/secure.gravatar.com\/avatar\/9577e12407d06a346e56333c02b4fb01c4c7f9ce53827406104da52968501f40?s=96&d=mm&r=g","caption":"Marija Savic"},"url":"https:\/\/dipos.rs\/en\/author\/marija-savic\/"}]}},"_links":{"self":[{"href":"https:\/\/dipos.rs\/en\/wp-json\/wp\/v2\/posts\/11824","targetHints":{"allow":["GET"]}}],"collection":[{"href":"https:\/\/dipos.rs\/en\/wp-json\/wp\/v2\/posts"}],"about":[{"href":"https:\/\/dipos.rs\/en\/wp-json\/wp\/v2\/types\/post"}],"author":[{"embeddable":true,"href":"https:\/\/dipos.rs\/en\/wp-json\/wp\/v2\/users\/14"}],"replies":[{"embeddable":true,"href":"https:\/\/dipos.rs\/en\/wp-json\/wp\/v2\/comments?post=11824"}],"version-history":[{"count":0,"href":"https:\/\/dipos.rs\/en\/wp-json\/wp\/v2\/posts\/11824\/revisions"}],"wp:attachment":[{"href":"https:\/\/dipos.rs\/en\/wp-json\/wp\/v2\/media?parent=11824"}],"wp:term":[{"taxonomy":"category","embeddable":true,"href":"https:\/\/dipos.rs\/en\/wp-json\/wp\/v2\/categories?post=11824"},{"taxonomy":"post_tag","embeddable":true,"href":"https:\/\/dipos.rs\/en\/wp-json\/wp\/v2\/tags?post=11824"}],"curies":[{"name":"wp","href":"https:\/\/api.w.org\/{rel}","templated":true}]}}