{"id":1280,"date":"2018-10-19T18:08:37","date_gmt":"2018-10-19T16:08:37","guid":{"rendered":"https:\/\/B2E274D9-15A6-4988-AE82-23986F6CE6A9"},"modified":"2025-11-19T08:26:46","modified_gmt":"2025-11-19T07:26:46","slug":"visit-of-the-ambassador-of-the-republic-of-belarus-in-belgrade-to-dipos-ltd-belgrade","status":"publish","type":"post","link":"https:\/\/dipos.rs\/en\/events\/visit-of-the-ambassador-of-the-republic-of-belarus-in-belgrade-to-dipos-ltd-belgrade\/","title":{"rendered":"Visit of the Ambassador of the Republic of Belarus in Belgrade to Dipos d.o.o. Belgrade"},"content":{"rendered":"<p>[et_pb_section bb_built=&#8217;1&#8242;][et_pb_row background_position=&#8217;top_left&#8217; background_repeat=&#8217;repeat&#8217; background_size=&#8217;initial&#8217;][et_pb_column type=&#8217;4_4&#8242;][et_pb_text _builder_version=&#8217;3.17.1&#8242;]<\/p>\n<p>On 18 October 2018 Property management and rental company &#8220;Dipos&#8221; d.o.o. Belgrade had the honor to host in its premises H.E. the Ambassador of the Republic of Belarus in Belgrade, Mr. Valeriy Brilov.<\/p>\n<p>The honorable guest, H.E. the Ambassador of the Republic of Belarus, was welcomed by the General Manager of &#8220;Dipos&#8221; d.o.o. Belgrade, Mr. \u0110oko Krivokapi\u0107.<\/p>\n<p>During talks that were held on the subject of the promotion of business cooperation between the company &#8220;Dipos&#8221; d.o.o. Belgrade and the Embassy of the Republic of Belarus in Belgrade,  the possibility of cooperation between the Belarusian state-owned company &#8220;Dipservis&#8221; and &#8220;Dipos&#8221; d.o.o. Belgrade were discussed since both companies are primarily engaged in the same activity, the accommodation and care of foreign diplomatic missions and their members.<\/p>\n<p>Both sides expressed great satisfaction with the cooperation so far. The General Manager of &#8220;Dipos&#8221; d.o.o. Belgrade, Mr. \u0110oko Krivokapi\u0107 at the end of talks, took the opportunity to be photographed together with H.E. the Ambassador of Belarus Mr. Valeriy Brilov,  in front of the flags of the Republic of Serbia and the company &#8220;Dipos&#8221; d.o.o. Belgrade.<\/p>\n<p>[\/et_pb_text][et_pb_image _builder_version=&#8217;3.17.1&#8242; src=&#8217;https:\/\/dipos.rs\/wp-content\/uploads\/2018\/12\/vest40.jpg&#8217; \/][et_pb_image _builder_version=&#8217;3.17.1&#8242; src=&#8217;https:\/\/dipos.rs\/wp-content\/uploads\/2018\/12\/vest41.jpg&#8217; \/][et_pb_image _builder_version=&#8217;3.17.1&#8242; src=&#8217;https:\/\/dipos.rs\/wp-content\/uploads\/2018\/12\/vest42.jpg&#8217; \/][\/et_pb_column][\/et_pb_row][\/et_pb_section]<\/p>\n","protected":false},"excerpt":{"rendered":"<p>On 18 October 2018 Property management and rental company &#8220;Dipos&#8221; d.o.o. Belgrade had the honor to host in its premises H.E. the Ambassador of the Republic of Belarus in Belgrade, Mr. Valeriy Brilov. The honorable guest, H.E. the Ambassador of the Republic of Belarus, was welcomed by the General Manager of &#8220;Dipos&#8221; d.o.o. Belgrade, Mr. [&hellip;]<\/p>\n","protected":false},"author":8,"featured_media":1897,"comment_status":"closed","ping_status":"closed","sticky":false,"template":"","format":"standard","meta":{"_et_pb_use_builder":"o","_et_pb_old_content":"","_et_gb_content_width":"","inline_featured_image":false,"footnotes":""},"categories":[9],"tags":[],"class_list":["post-1280","post","type-post","status-publish","format-standard","has-post-thumbnail","hentry","category-events"],"yoast_head":"<!-- This site is optimized with the Yoast SEO Premium plugin v22.2 (Yoast SEO v27.4) - https:\/\/yoast.com\/product\/yoast-seo-premium-wordpress\/ -->\n<title>Visit of the Ambassador of the Republic of Belarus in Belgrade to Dipos d.o.o. Belgrade - Dipos<\/title>\n<meta name=\"description\" content=\"dipos, dipos direktor, dipos beograd, dipos zakup, dipos doo, diplomatsko naselje, diplomatski klub, diplomatska kolonija\" \/>\n<meta name=\"robots\" content=\"index, follow, max-snippet:-1, max-image-preview:large, max-video-preview:-1\" \/>\n<link rel=\"canonical\" href=\"https:\/\/dipos.rs\/en\/events\/visit-of-the-ambassador-of-the-republic-of-belarus-in-belgrade-to-dipos-ltd-belgrade\/\" \/>\n<meta property=\"og:locale\" content=\"en_US\" \/>\n<meta property=\"og:type\" content=\"article\" \/>\n<meta property=\"og:title\" content=\"Visit of the Ambassador of the Republic of Belarus in Belgrade to Dipos d.o.o. Belgrade\" \/>\n<meta property=\"og:description\" content=\"dipos, dipos direktor, dipos beograd, dipos zakup, dipos doo, diplomatsko naselje, diplomatski klub, diplomatska kolonija\" \/>\n<meta property=\"og:url\" content=\"https:\/\/dipos.rs\/en\/events\/visit-of-the-ambassador-of-the-republic-of-belarus-in-belgrade-to-dipos-ltd-belgrade\/\" \/>\n<meta property=\"og:site_name\" content=\"Dipos\" \/>\n<meta property=\"article:published_time\" content=\"2018-10-19T16:08:37+00:00\" \/>\n<meta property=\"article:modified_time\" content=\"2025-11-19T07:26:46+00:00\" \/>\n<meta property=\"og:image\" content=\"https:\/\/dipos.rs\/wp-content\/uploads\/2018\/12\/vest42.jpg\" \/>\n\t<meta property=\"og:image:width\" content=\"720\" \/>\n\t<meta property=\"og:image:height\" content=\"542\" \/>\n\t<meta property=\"og:image:type\" content=\"image\/jpeg\" \/>\n<meta name=\"author\" content=\"obi\" \/>\n<meta name=\"twitter:card\" content=\"summary_large_image\" \/>\n<meta name=\"twitter:label1\" content=\"Written by\" \/>\n\t<meta name=\"twitter:data1\" content=\"obi\" \/>\n\t<meta name=\"twitter:label2\" content=\"Est. reading time\" \/>\n\t<meta name=\"twitter:data2\" content=\"1 minute\" \/>\n<script type=\"application\/ld+json\" class=\"yoast-schema-graph\">{\"@context\":\"https:\\\/\\\/schema.org\",\"@graph\":[{\"@type\":\"Article\",\"@id\":\"https:\\\/\\\/dipos.rs\\\/en\\\/events\\\/visit-of-the-ambassador-of-the-republic-of-belarus-in-belgrade-to-dipos-ltd-belgrade\\\/#article\",\"isPartOf\":{\"@id\":\"https:\\\/\\\/dipos.rs\\\/en\\\/events\\\/visit-of-the-ambassador-of-the-republic-of-belarus-in-belgrade-to-dipos-ltd-belgrade\\\/\"},\"author\":{\"name\":\"obi\",\"@id\":\"https:\\\/\\\/dipos.rs\\\/en\\\/#\\\/schema\\\/person\\\/ef0a1e2cd72fcaa1513d7e0eeb90333e\"},\"headline\":\"Visit of the Ambassador of the Republic of Belarus in Belgrade to Dipos d.o.o. Belgrade\",\"datePublished\":\"2018-10-19T16:08:37+00:00\",\"dateModified\":\"2025-11-19T07:26:46+00:00\",\"mainEntityOfPage\":{\"@id\":\"https:\\\/\\\/dipos.rs\\\/en\\\/events\\\/visit-of-the-ambassador-of-the-republic-of-belarus-in-belgrade-to-dipos-ltd-belgrade\\\/\"},\"wordCount\":301,\"publisher\":{\"@id\":\"https:\\\/\\\/dipos.rs\\\/en\\\/#organization\"},\"image\":{\"@id\":\"https:\\\/\\\/dipos.rs\\\/en\\\/events\\\/visit-of-the-ambassador-of-the-republic-of-belarus-in-belgrade-to-dipos-ltd-belgrade\\\/#primaryimage\"},\"thumbnailUrl\":\"https:\\\/\\\/dipos.rs\\\/wp-content\\\/uploads\\\/2018\\\/12\\\/vest42.jpg\",\"articleSection\":[\"Events\"],\"inLanguage\":\"en-US\"},{\"@type\":\"WebPage\",\"@id\":\"https:\\\/\\\/dipos.rs\\\/en\\\/events\\\/visit-of-the-ambassador-of-the-republic-of-belarus-in-belgrade-to-dipos-ltd-belgrade\\\/\",\"url\":\"https:\\\/\\\/dipos.rs\\\/en\\\/events\\\/visit-of-the-ambassador-of-the-republic-of-belarus-in-belgrade-to-dipos-ltd-belgrade\\\/\",\"name\":\"Visit of the Ambassador of the Republic of Belarus in Belgrade to Dipos d.o.o. Belgrade - Dipos\",\"isPartOf\":{\"@id\":\"https:\\\/\\\/dipos.rs\\\/en\\\/#website\"},\"primaryImageOfPage\":{\"@id\":\"https:\\\/\\\/dipos.rs\\\/en\\\/events\\\/visit-of-the-ambassador-of-the-republic-of-belarus-in-belgrade-to-dipos-ltd-belgrade\\\/#primaryimage\"},\"image\":{\"@id\":\"https:\\\/\\\/dipos.rs\\\/en\\\/events\\\/visit-of-the-ambassador-of-the-republic-of-belarus-in-belgrade-to-dipos-ltd-belgrade\\\/#primaryimage\"},\"thumbnailUrl\":\"https:\\\/\\\/dipos.rs\\\/wp-content\\\/uploads\\\/2018\\\/12\\\/vest42.jpg\",\"datePublished\":\"2018-10-19T16:08:37+00:00\",\"dateModified\":\"2025-11-19T07:26:46+00:00\",\"description\":\"dipos, dipos direktor, dipos beograd, dipos zakup, dipos doo, diplomatsko naselje, diplomatski klub, diplomatska kolonija\",\"breadcrumb\":{\"@id\":\"https:\\\/\\\/dipos.rs\\\/en\\\/events\\\/visit-of-the-ambassador-of-the-republic-of-belarus-in-belgrade-to-dipos-ltd-belgrade\\\/#breadcrumb\"},\"inLanguage\":\"en-US\",\"potentialAction\":[{\"@type\":\"ReadAction\",\"target\":[\"https:\\\/\\\/dipos.rs\\\/en\\\/events\\\/visit-of-the-ambassador-of-the-republic-of-belarus-in-belgrade-to-dipos-ltd-belgrade\\\/\"]}]},{\"@type\":\"ImageObject\",\"inLanguage\":\"en-US\",\"@id\":\"https:\\\/\\\/dipos.rs\\\/en\\\/events\\\/visit-of-the-ambassador-of-the-republic-of-belarus-in-belgrade-to-dipos-ltd-belgrade\\\/#primaryimage\",\"url\":\"https:\\\/\\\/dipos.rs\\\/wp-content\\\/uploads\\\/2018\\\/12\\\/vest42.jpg\",\"contentUrl\":\"https:\\\/\\\/dipos.rs\\\/wp-content\\\/uploads\\\/2018\\\/12\\\/vest42.jpg\",\"width\":720,\"height\":542},{\"@type\":\"BreadcrumbList\",\"@id\":\"https:\\\/\\\/dipos.rs\\\/en\\\/events\\\/visit-of-the-ambassador-of-the-republic-of-belarus-in-belgrade-to-dipos-ltd-belgrade\\\/#breadcrumb\",\"itemListElement\":[{\"@type\":\"ListItem\",\"position\":1,\"name\":\"Home\",\"item\":\"https:\\\/\\\/dipos.rs\\\/en\\\/\"},{\"@type\":\"ListItem\",\"position\":2,\"name\":\"Visit of the Ambassador of the Republic of Belarus in Belgrade to Dipos d.o.o. Belgrade\"}]},{\"@type\":\"WebSite\",\"@id\":\"https:\\\/\\\/dipos.rs\\\/en\\\/#website\",\"url\":\"https:\\\/\\\/dipos.rs\\\/en\\\/\",\"name\":\"\u0414\u0438\u043f\u043e\u0441\",\"description\":\"Privredno dru\u0161tvo koje se bavi upravljanjem, izdavanjem i odr\u017eavanjem nekretnina u vlasni\u0161tvu Republike Srbije\",\"publisher\":{\"@id\":\"https:\\\/\\\/dipos.rs\\\/en\\\/#organization\"},\"potentialAction\":[{\"@type\":\"SearchAction\",\"target\":{\"@type\":\"EntryPoint\",\"urlTemplate\":\"https:\\\/\\\/dipos.rs\\\/en\\\/?s={search_term_string}\"},\"query-input\":{\"@type\":\"PropertyValueSpecification\",\"valueRequired\":true,\"valueName\":\"search_term_string\"}}],\"inLanguage\":\"en-US\"},{\"@type\":\"Organization\",\"@id\":\"https:\\\/\\\/dipos.rs\\\/en\\\/#organization\",\"name\":\"\u0414\u0438\u043f\u043e\u0441\",\"url\":\"https:\\\/\\\/dipos.rs\\\/en\\\/\",\"logo\":{\"@type\":\"ImageObject\",\"inLanguage\":\"en-US\",\"@id\":\"https:\\\/\\\/dipos.rs\\\/en\\\/#\\\/schema\\\/logo\\\/image\\\/\",\"url\":\"https:\\\/\\\/dipos.rs\\\/wp-content\\\/uploads\\\/2022\\\/04\\\/logo-plavi.png\",\"contentUrl\":\"https:\\\/\\\/dipos.rs\\\/wp-content\\\/uploads\\\/2022\\\/04\\\/logo-plavi.png\",\"width\":380,\"height\":280,\"caption\":\"\u0414\u0438\u043f\u043e\u0441\"},\"image\":{\"@id\":\"https:\\\/\\\/dipos.rs\\\/en\\\/#\\\/schema\\\/logo\\\/image\\\/\"}},{\"@type\":\"Person\",\"@id\":\"https:\\\/\\\/dipos.rs\\\/en\\\/#\\\/schema\\\/person\\\/ef0a1e2cd72fcaa1513d7e0eeb90333e\",\"name\":\"obi\",\"image\":{\"@type\":\"ImageObject\",\"inLanguage\":\"en-US\",\"@id\":\"https:\\\/\\\/secure.gravatar.com\\\/avatar\\\/0a3d20358857d983bcc69368f56bd816e1ba6a2f8ff92d7d7490507d3b5cbed6?s=96&d=mm&r=g\",\"url\":\"https:\\\/\\\/secure.gravatar.com\\\/avatar\\\/0a3d20358857d983bcc69368f56bd816e1ba6a2f8ff92d7d7490507d3b5cbed6?s=96&d=mm&r=g\",\"contentUrl\":\"https:\\\/\\\/secure.gravatar.com\\\/avatar\\\/0a3d20358857d983bcc69368f56bd816e1ba6a2f8ff92d7d7490507d3b5cbed6?s=96&d=mm&r=g\",\"caption\":\"obi\"},\"url\":\"https:\\\/\\\/dipos.rs\\\/en\\\/author\\\/obi\\\/\"}]}<\/script>\n<!-- \/ Yoast SEO Premium plugin. -->","yoast_head_json":{"title":"Visit of the Ambassador of the Republic of Belarus in Belgrade to Dipos d.o.o. Belgrade - Dipos","description":"dipos, dipos direktor, dipos beograd, dipos zakup, dipos doo, diplomatsko naselje, diplomatski klub, diplomatska kolonija","robots":{"index":"index","follow":"follow","max-snippet":"max-snippet:-1","max-image-preview":"max-image-preview:large","max-video-preview":"max-video-preview:-1"},"canonical":"https:\/\/dipos.rs\/en\/events\/visit-of-the-ambassador-of-the-republic-of-belarus-in-belgrade-to-dipos-ltd-belgrade\/","og_locale":"en_US","og_type":"article","og_title":"Visit of the Ambassador of the Republic of Belarus in Belgrade to Dipos d.o.o. Belgrade","og_description":"dipos, dipos direktor, dipos beograd, dipos zakup, dipos doo, diplomatsko naselje, diplomatski klub, diplomatska kolonija","og_url":"https:\/\/dipos.rs\/en\/events\/visit-of-the-ambassador-of-the-republic-of-belarus-in-belgrade-to-dipos-ltd-belgrade\/","og_site_name":"Dipos","article_published_time":"2018-10-19T16:08:37+00:00","article_modified_time":"2025-11-19T07:26:46+00:00","og_image":[{"width":720,"height":542,"url":"https:\/\/dipos.rs\/wp-content\/uploads\/2018\/12\/vest42.jpg","type":"image\/jpeg"}],"author":"obi","twitter_card":"summary_large_image","twitter_misc":{"Written by":"obi","Est. reading time":"1 minute"},"schema":{"@context":"https:\/\/schema.org","@graph":[{"@type":"Article","@id":"https:\/\/dipos.rs\/en\/events\/visit-of-the-ambassador-of-the-republic-of-belarus-in-belgrade-to-dipos-ltd-belgrade\/#article","isPartOf":{"@id":"https:\/\/dipos.rs\/en\/events\/visit-of-the-ambassador-of-the-republic-of-belarus-in-belgrade-to-dipos-ltd-belgrade\/"},"author":{"name":"obi","@id":"https:\/\/dipos.rs\/en\/#\/schema\/person\/ef0a1e2cd72fcaa1513d7e0eeb90333e"},"headline":"Visit of the Ambassador of the Republic of Belarus in Belgrade to Dipos d.o.o. Belgrade","datePublished":"2018-10-19T16:08:37+00:00","dateModified":"2025-11-19T07:26:46+00:00","mainEntityOfPage":{"@id":"https:\/\/dipos.rs\/en\/events\/visit-of-the-ambassador-of-the-republic-of-belarus-in-belgrade-to-dipos-ltd-belgrade\/"},"wordCount":301,"publisher":{"@id":"https:\/\/dipos.rs\/en\/#organization"},"image":{"@id":"https:\/\/dipos.rs\/en\/events\/visit-of-the-ambassador-of-the-republic-of-belarus-in-belgrade-to-dipos-ltd-belgrade\/#primaryimage"},"thumbnailUrl":"https:\/\/dipos.rs\/wp-content\/uploads\/2018\/12\/vest42.jpg","articleSection":["Events"],"inLanguage":"en-US"},{"@type":"WebPage","@id":"https:\/\/dipos.rs\/en\/events\/visit-of-the-ambassador-of-the-republic-of-belarus-in-belgrade-to-dipos-ltd-belgrade\/","url":"https:\/\/dipos.rs\/en\/events\/visit-of-the-ambassador-of-the-republic-of-belarus-in-belgrade-to-dipos-ltd-belgrade\/","name":"Visit of the Ambassador of the Republic of Belarus in Belgrade to Dipos d.o.o. Belgrade - Dipos","isPartOf":{"@id":"https:\/\/dipos.rs\/en\/#website"},"primaryImageOfPage":{"@id":"https:\/\/dipos.rs\/en\/events\/visit-of-the-ambassador-of-the-republic-of-belarus-in-belgrade-to-dipos-ltd-belgrade\/#primaryimage"},"image":{"@id":"https:\/\/dipos.rs\/en\/events\/visit-of-the-ambassador-of-the-republic-of-belarus-in-belgrade-to-dipos-ltd-belgrade\/#primaryimage"},"thumbnailUrl":"https:\/\/dipos.rs\/wp-content\/uploads\/2018\/12\/vest42.jpg","datePublished":"2018-10-19T16:08:37+00:00","dateModified":"2025-11-19T07:26:46+00:00","description":"dipos, dipos direktor, dipos beograd, dipos zakup, dipos doo, diplomatsko naselje, diplomatski klub, diplomatska kolonija","breadcrumb":{"@id":"https:\/\/dipos.rs\/en\/events\/visit-of-the-ambassador-of-the-republic-of-belarus-in-belgrade-to-dipos-ltd-belgrade\/#breadcrumb"},"inLanguage":"en-US","potentialAction":[{"@type":"ReadAction","target":["https:\/\/dipos.rs\/en\/events\/visit-of-the-ambassador-of-the-republic-of-belarus-in-belgrade-to-dipos-ltd-belgrade\/"]}]},{"@type":"ImageObject","inLanguage":"en-US","@id":"https:\/\/dipos.rs\/en\/events\/visit-of-the-ambassador-of-the-republic-of-belarus-in-belgrade-to-dipos-ltd-belgrade\/#primaryimage","url":"https:\/\/dipos.rs\/wp-content\/uploads\/2018\/12\/vest42.jpg","contentUrl":"https:\/\/dipos.rs\/wp-content\/uploads\/2018\/12\/vest42.jpg","width":720,"height":542},{"@type":"BreadcrumbList","@id":"https:\/\/dipos.rs\/en\/events\/visit-of-the-ambassador-of-the-republic-of-belarus-in-belgrade-to-dipos-ltd-belgrade\/#breadcrumb","itemListElement":[{"@type":"ListItem","position":1,"name":"Home","item":"https:\/\/dipos.rs\/en\/"},{"@type":"ListItem","position":2,"name":"Visit of the Ambassador of the Republic of Belarus in Belgrade to Dipos d.o.o. Belgrade"}]},{"@type":"WebSite","@id":"https:\/\/dipos.rs\/en\/#website","url":"https:\/\/dipos.rs\/en\/","name":"\u0414\u0438\u043f\u043e\u0441","description":"Privredno dru\u0161tvo koje se bavi upravljanjem, izdavanjem i odr\u017eavanjem nekretnina u vlasni\u0161tvu Republike Srbije","publisher":{"@id":"https:\/\/dipos.rs\/en\/#organization"},"potentialAction":[{"@type":"SearchAction","target":{"@type":"EntryPoint","urlTemplate":"https:\/\/dipos.rs\/en\/?s={search_term_string}"},"query-input":{"@type":"PropertyValueSpecification","valueRequired":true,"valueName":"search_term_string"}}],"inLanguage":"en-US"},{"@type":"Organization","@id":"https:\/\/dipos.rs\/en\/#organization","name":"\u0414\u0438\u043f\u043e\u0441","url":"https:\/\/dipos.rs\/en\/","logo":{"@type":"ImageObject","inLanguage":"en-US","@id":"https:\/\/dipos.rs\/en\/#\/schema\/logo\/image\/","url":"https:\/\/dipos.rs\/wp-content\/uploads\/2022\/04\/logo-plavi.png","contentUrl":"https:\/\/dipos.rs\/wp-content\/uploads\/2022\/04\/logo-plavi.png","width":380,"height":280,"caption":"\u0414\u0438\u043f\u043e\u0441"},"image":{"@id":"https:\/\/dipos.rs\/en\/#\/schema\/logo\/image\/"}},{"@type":"Person","@id":"https:\/\/dipos.rs\/en\/#\/schema\/person\/ef0a1e2cd72fcaa1513d7e0eeb90333e","name":"obi","image":{"@type":"ImageObject","inLanguage":"en-US","@id":"https:\/\/secure.gravatar.com\/avatar\/0a3d20358857d983bcc69368f56bd816e1ba6a2f8ff92d7d7490507d3b5cbed6?s=96&d=mm&r=g","url":"https:\/\/secure.gravatar.com\/avatar\/0a3d20358857d983bcc69368f56bd816e1ba6a2f8ff92d7d7490507d3b5cbed6?s=96&d=mm&r=g","contentUrl":"https:\/\/secure.gravatar.com\/avatar\/0a3d20358857d983bcc69368f56bd816e1ba6a2f8ff92d7d7490507d3b5cbed6?s=96&d=mm&r=g","caption":"obi"},"url":"https:\/\/dipos.rs\/en\/author\/obi\/"}]}},"_links":{"self":[{"href":"https:\/\/dipos.rs\/en\/wp-json\/wp\/v2\/posts\/1280","targetHints":{"allow":["GET"]}}],"collection":[{"href":"https:\/\/dipos.rs\/en\/wp-json\/wp\/v2\/posts"}],"about":[{"href":"https:\/\/dipos.rs\/en\/wp-json\/wp\/v2\/types\/post"}],"author":[{"embeddable":true,"href":"https:\/\/dipos.rs\/en\/wp-json\/wp\/v2\/users\/8"}],"replies":[{"embeddable":true,"href":"https:\/\/dipos.rs\/en\/wp-json\/wp\/v2\/comments?post=1280"}],"version-history":[{"count":0,"href":"https:\/\/dipos.rs\/en\/wp-json\/wp\/v2\/posts\/1280\/revisions"}],"wp:featuredmedia":[{"embeddable":true,"href":"https:\/\/dipos.rs\/en\/wp-json\/wp\/v2\/media\/1897"}],"wp:attachment":[{"href":"https:\/\/dipos.rs\/en\/wp-json\/wp\/v2\/media?parent=1280"}],"wp:term":[{"taxonomy":"category","embeddable":true,"href":"https:\/\/dipos.rs\/en\/wp-json\/wp\/v2\/categories?post=1280"},{"taxonomy":"post_tag","embeddable":true,"href":"https:\/\/dipos.rs\/en\/wp-json\/wp\/v2\/tags?post=1280"}],"curies":[{"name":"wp","href":"https:\/\/api.w.org\/{rel}","templated":true}]}}