{"id":289,"date":"2018-08-21T17:00:06","date_gmt":"2018-08-21T15:00:06","guid":{"rendered":"https:\/\/0DF8FCA0-8CEF-49C9-B2D1-D77C0ED08302"},"modified":"2019-02-28T12:00:08","modified_gmt":"2019-02-28T11:00:08","slug":"delegation-of-the-republic-of-ghana-in-an-a-official-visit-to-the-republic-of-serbia","status":"publish","type":"post","link":"https:\/\/dipos.rs\/en\/events\/delegation-of-the-republic-of-ghana-in-an-a-official-visit-to-the-republic-of-serbia\/","title":{"rendered":"Delegation of the Republic of Ghana in an a official visit to the Republic of Serbia"},"content":{"rendered":"<p>[et_pb_section bb_built=&#8217;1&#8242;][et_pb_row background_position=&#8217;top_left&#8217; background_repeat=&#8217;repeat&#8217; background_size=&#8217;initial&#8217;][et_pb_column type=&#8217;4_4&#8242;][et_pb_text _builder_version=&#8217;3.17.1&#8242;]<\/p>\n<p>First Deputy Prime Minister and Minister of Foreign Affairs of the Republic of Serbia, Mr. Ivica Da\u010di\u0107, today spoke with the Minister of Foreign Affairs and Regional Integration of the Republic of Ghana, Ms. Shirley Botchwey, who is in an official visit to the Republic of Serbia.<\/p>\n<p>After the meeting, at a joint news conference, the head of Serbian diplomacy expressed great satisfaction with the visit of Minister Botchwey.<\/p>\n<p>Minister Da\u010di\u0107 pointed out that the former Yugoslavia and Ghana were one of the founders of the Movement of Non-aligned and that Ghana was the first country of Africa to win its independence 60 years ago.<\/p>\n<p>&#8220;We will mark the 60th anniversary of the establishment of diplomatic relations of former Yugoslavia, the present Serbia, and Ghana, next year. Presidents Tito and Krumah were great friends, we are proud of our history and cooperation that dates back to that period, &#8220;said Minister Da\u010di\u0107.<\/p>\n<p>&#8220;We have decided to revitalize our relations, to bring them back to the level at which they were during Tito and Krumah, as well as to try for them to be even better,&#8221; Minister Da\u010di\u0107 emphasized.<\/p>\n<p>He said that President, Mr. Aleksandar Vu\u010di\u0107, invited his colleague from the Republic of Ghana to visit the Republic of Serbia and that he would try to meet him during the UN General Assembly.<\/p>\n<p>Minister Botchwey thanked for the warm welcome and stressed that Ghana wants to restore relations with her friends that date from earlier on. She said that Ghana wants to have good relations with Serbia because she considers Serbia as an ally of Ghana, and that there are also many areas for cooperation in favor of the citizens of the two countries.<\/p>\n<p>&nbsp;<\/p>\n<h1><strong>Delegation of the Republic of Ghana in a visit to Property management and rental company &#8220;Dipos&#8221; d.o.o. Belgrade<\/strong><\/h1>\n<p>General Manager of &#8220;Dipos&#8221; d.o.o. Belgrade, Mr. Djoko Krivokapi\u0107 and the Deputy General Manager of the Company, Ms. Ivana Milosavljevi\u0107, on 21 August 2018 were pleased to host and give a warm welcome at &#8220;Dipos&#8221; d.o.o. premises, for the delegation of the Republic of Ghana, headed by Mr. Samuel Yaw Nsiah from the Ministry of Foreign Affairs and Regional Integration of the Republic of Ghana and Mrs. Dolly Opoku-Darkwah, Consul for Politics, Economy and Diaspora of the Embassy of the Republic of Ghana in Rome.<\/p>\n<p>&#8220;Dipos&#8221; d.o.o. Belgrade has had successful cooperation with the Embassy of Ghana in Belgrade until the end of the diplomatic mission of the Republic of Ghana in the Republic of Serbia in 2012.<\/p>\n<p>During friendly talks, the company&#8217;s General Manager, Mr. Djoko Krivokapi\u0107, thanked the delegation of the Republic of Ghana for visiting the Company. Both sides expressed strong hope and faith in future successful cooperation of the two countries, as well as re-establishing cooperation with &#8220;Dipos&#8221; d.o.o. Belgrade.<\/p>\n<p>[\/et_pb_text][\/et_pb_column][\/et_pb_row][et_pb_row background_position=&#8217;top_left&#8217; background_repeat=&#8217;repeat&#8217; background_size=&#8217;initial&#8217;][et_pb_column type=&#8217;4_4&#8242;][et_pb_image _builder_version=&#8217;3.17.1&#8242; src=&#8217;https:\/\/dipos.rs\/wp-content\/uploads\/2018\/12\/vesti96.jpg&#8217; \/][et_pb_image _builder_version=&#8217;3.17.1&#8242; src=&#8217;https:\/\/dipos.rs\/wp-content\/uploads\/2018\/12\/vesti97.jpg&#8217; \/][\/et_pb_column][\/et_pb_row][\/et_pb_section]<\/p>\n","protected":false},"excerpt":{"rendered":"<p>First Deputy Prime Minister and Minister of Foreign Affairs of the Republic of Serbia, Mr. Ivica Da\u010di\u0107, today spoke with the Minister of Foreign Affairs and Regional Integration of the Republic of Ghana, Ms. Shirley Botchwey, who is in an official visit to the Republic of Serbia. After the meeting, at a joint news conference, [&hellip;]<\/p>\n","protected":false},"author":8,"featured_media":4898,"comment_status":"closed","ping_status":"closed","sticky":false,"template":"","format":"standard","meta":{"_et_pb_use_builder":"o","_et_pb_old_content":"","_et_gb_content_width":"","inline_featured_image":false,"footnotes":""},"categories":[9,34],"tags":[],"class_list":["post-289","post","type-post","status-publish","format-standard","has-post-thumbnail","hentry","category-events","category-news-cat"],"yoast_head":"<!-- This site is optimized with the Yoast SEO Premium plugin v22.2 (Yoast SEO v27.4) - https:\/\/yoast.com\/product\/yoast-seo-premium-wordpress\/ -->\n<title>Delegation of the Republic of Ghana in an a official visit to the Republic of Serbia - Dipos<\/title>\n<meta name=\"description\" content=\"Djoko Krivokapic, \u0110oko Krivokapi\u0107, Direktor \u0110oko Krivokapi\u0107, dipos direktor, Djoko Krivokapic, poseta delegacije Gane direktoru Dipos-a\" \/>\n<meta name=\"robots\" content=\"index, follow, max-snippet:-1, max-image-preview:large, max-video-preview:-1\" \/>\n<link rel=\"canonical\" href=\"https:\/\/dipos.rs\/en\/events\/delegation-of-the-republic-of-ghana-in-an-a-official-visit-to-the-republic-of-serbia\/\" \/>\n<meta property=\"og:locale\" content=\"en_US\" \/>\n<meta property=\"og:type\" content=\"article\" \/>\n<meta property=\"og:title\" content=\"Delegation of the Republic of Ghana in an a official visit to the Republic of Serbia\" \/>\n<meta property=\"og:description\" content=\"Djoko Krivokapic, \u0110oko Krivokapi\u0107, Direktor \u0110oko Krivokapi\u0107, dipos direktor, Djoko Krivokapic, poseta delegacije Gane direktoru Dipos-a\" \/>\n<meta property=\"og:url\" content=\"https:\/\/dipos.rs\/en\/events\/delegation-of-the-republic-of-ghana-in-an-a-official-visit-to-the-republic-of-serbia\/\" \/>\n<meta property=\"og:site_name\" content=\"Dipos\" \/>\n<meta property=\"article:published_time\" content=\"2018-08-21T15:00:06+00:00\" \/>\n<meta property=\"article:modified_time\" content=\"2019-02-28T11:00:08+00:00\" \/>\n<meta property=\"og:image\" content=\"https:\/\/dipos.rs\/wp-content\/uploads\/2018\/12\/vesti97.jpg\" \/>\n\t<meta property=\"og:image:width\" content=\"720\" \/>\n\t<meta property=\"og:image:height\" content=\"540\" \/>\n\t<meta property=\"og:image:type\" content=\"image\/jpeg\" \/>\n<meta name=\"author\" content=\"obi\" \/>\n<meta name=\"twitter:card\" content=\"summary_large_image\" \/>\n<meta name=\"twitter:label1\" content=\"Written by\" \/>\n\t<meta name=\"twitter:data1\" content=\"obi\" \/>\n\t<meta name=\"twitter:label2\" content=\"Est. reading time\" \/>\n\t<meta name=\"twitter:data2\" content=\"3 minutes\" \/>\n<script type=\"application\/ld+json\" class=\"yoast-schema-graph\">{\"@context\":\"https:\\\/\\\/schema.org\",\"@graph\":[{\"@type\":\"Article\",\"@id\":\"https:\\\/\\\/dipos.rs\\\/en\\\/events\\\/delegation-of-the-republic-of-ghana-in-an-a-official-visit-to-the-republic-of-serbia\\\/#article\",\"isPartOf\":{\"@id\":\"https:\\\/\\\/dipos.rs\\\/en\\\/events\\\/delegation-of-the-republic-of-ghana-in-an-a-official-visit-to-the-republic-of-serbia\\\/\"},\"author\":{\"name\":\"obi\",\"@id\":\"https:\\\/\\\/dipos.rs\\\/en\\\/#\\\/schema\\\/person\\\/ef0a1e2cd72fcaa1513d7e0eeb90333e\"},\"headline\":\"Delegation of the Republic of Ghana in an a official visit to the Republic of Serbia\",\"datePublished\":\"2018-08-21T15:00:06+00:00\",\"dateModified\":\"2019-02-28T11:00:08+00:00\",\"mainEntityOfPage\":{\"@id\":\"https:\\\/\\\/dipos.rs\\\/en\\\/events\\\/delegation-of-the-republic-of-ghana-in-an-a-official-visit-to-the-republic-of-serbia\\\/\"},\"wordCount\":592,\"publisher\":{\"@id\":\"https:\\\/\\\/dipos.rs\\\/en\\\/#organization\"},\"image\":{\"@id\":\"https:\\\/\\\/dipos.rs\\\/en\\\/events\\\/delegation-of-the-republic-of-ghana-in-an-a-official-visit-to-the-republic-of-serbia\\\/#primaryimage\"},\"thumbnailUrl\":\"https:\\\/\\\/dipos.rs\\\/wp-content\\\/uploads\\\/2018\\\/12\\\/vesti97.jpg\",\"articleSection\":[\"Events\",\"News\"],\"inLanguage\":\"en-US\"},{\"@type\":\"WebPage\",\"@id\":\"https:\\\/\\\/dipos.rs\\\/en\\\/events\\\/delegation-of-the-republic-of-ghana-in-an-a-official-visit-to-the-republic-of-serbia\\\/\",\"url\":\"https:\\\/\\\/dipos.rs\\\/en\\\/events\\\/delegation-of-the-republic-of-ghana-in-an-a-official-visit-to-the-republic-of-serbia\\\/\",\"name\":\"Delegation of the Republic of Ghana in an a official visit to the Republic of Serbia - Dipos\",\"isPartOf\":{\"@id\":\"https:\\\/\\\/dipos.rs\\\/en\\\/#website\"},\"primaryImageOfPage\":{\"@id\":\"https:\\\/\\\/dipos.rs\\\/en\\\/events\\\/delegation-of-the-republic-of-ghana-in-an-a-official-visit-to-the-republic-of-serbia\\\/#primaryimage\"},\"image\":{\"@id\":\"https:\\\/\\\/dipos.rs\\\/en\\\/events\\\/delegation-of-the-republic-of-ghana-in-an-a-official-visit-to-the-republic-of-serbia\\\/#primaryimage\"},\"thumbnailUrl\":\"https:\\\/\\\/dipos.rs\\\/wp-content\\\/uploads\\\/2018\\\/12\\\/vesti97.jpg\",\"datePublished\":\"2018-08-21T15:00:06+00:00\",\"dateModified\":\"2019-02-28T11:00:08+00:00\",\"description\":\"Djoko Krivokapic, \u0110oko Krivokapi\u0107, Direktor \u0110oko Krivokapi\u0107, dipos direktor, Djoko Krivokapic, poseta delegacije Gane direktoru Dipos-a\",\"breadcrumb\":{\"@id\":\"https:\\\/\\\/dipos.rs\\\/en\\\/events\\\/delegation-of-the-republic-of-ghana-in-an-a-official-visit-to-the-republic-of-serbia\\\/#breadcrumb\"},\"inLanguage\":\"en-US\",\"potentialAction\":[{\"@type\":\"ReadAction\",\"target\":[\"https:\\\/\\\/dipos.rs\\\/en\\\/events\\\/delegation-of-the-republic-of-ghana-in-an-a-official-visit-to-the-republic-of-serbia\\\/\"]}]},{\"@type\":\"ImageObject\",\"inLanguage\":\"en-US\",\"@id\":\"https:\\\/\\\/dipos.rs\\\/en\\\/events\\\/delegation-of-the-republic-of-ghana-in-an-a-official-visit-to-the-republic-of-serbia\\\/#primaryimage\",\"url\":\"https:\\\/\\\/dipos.rs\\\/wp-content\\\/uploads\\\/2018\\\/12\\\/vesti97.jpg\",\"contentUrl\":\"https:\\\/\\\/dipos.rs\\\/wp-content\\\/uploads\\\/2018\\\/12\\\/vesti97.jpg\",\"width\":720,\"height\":540},{\"@type\":\"BreadcrumbList\",\"@id\":\"https:\\\/\\\/dipos.rs\\\/en\\\/events\\\/delegation-of-the-republic-of-ghana-in-an-a-official-visit-to-the-republic-of-serbia\\\/#breadcrumb\",\"itemListElement\":[{\"@type\":\"ListItem\",\"position\":1,\"name\":\"Home\",\"item\":\"https:\\\/\\\/dipos.rs\\\/en\\\/\"},{\"@type\":\"ListItem\",\"position\":2,\"name\":\"Delegation of the Republic of Ghana in an a official visit to the Republic of Serbia\"}]},{\"@type\":\"WebSite\",\"@id\":\"https:\\\/\\\/dipos.rs\\\/en\\\/#website\",\"url\":\"https:\\\/\\\/dipos.rs\\\/en\\\/\",\"name\":\"\u0414\u0438\u043f\u043e\u0441\",\"description\":\"Privredno dru\u0161tvo koje se bavi upravljanjem, izdavanjem i odr\u017eavanjem nekretnina u vlasni\u0161tvu Republike Srbije\",\"publisher\":{\"@id\":\"https:\\\/\\\/dipos.rs\\\/en\\\/#organization\"},\"potentialAction\":[{\"@type\":\"SearchAction\",\"target\":{\"@type\":\"EntryPoint\",\"urlTemplate\":\"https:\\\/\\\/dipos.rs\\\/en\\\/?s={search_term_string}\"},\"query-input\":{\"@type\":\"PropertyValueSpecification\",\"valueRequired\":true,\"valueName\":\"search_term_string\"}}],\"inLanguage\":\"en-US\"},{\"@type\":\"Organization\",\"@id\":\"https:\\\/\\\/dipos.rs\\\/en\\\/#organization\",\"name\":\"\u0414\u0438\u043f\u043e\u0441\",\"url\":\"https:\\\/\\\/dipos.rs\\\/en\\\/\",\"logo\":{\"@type\":\"ImageObject\",\"inLanguage\":\"en-US\",\"@id\":\"https:\\\/\\\/dipos.rs\\\/en\\\/#\\\/schema\\\/logo\\\/image\\\/\",\"url\":\"https:\\\/\\\/dipos.rs\\\/wp-content\\\/uploads\\\/2022\\\/04\\\/logo-plavi.png\",\"contentUrl\":\"https:\\\/\\\/dipos.rs\\\/wp-content\\\/uploads\\\/2022\\\/04\\\/logo-plavi.png\",\"width\":380,\"height\":280,\"caption\":\"\u0414\u0438\u043f\u043e\u0441\"},\"image\":{\"@id\":\"https:\\\/\\\/dipos.rs\\\/en\\\/#\\\/schema\\\/logo\\\/image\\\/\"}},{\"@type\":\"Person\",\"@id\":\"https:\\\/\\\/dipos.rs\\\/en\\\/#\\\/schema\\\/person\\\/ef0a1e2cd72fcaa1513d7e0eeb90333e\",\"name\":\"obi\",\"image\":{\"@type\":\"ImageObject\",\"inLanguage\":\"en-US\",\"@id\":\"https:\\\/\\\/secure.gravatar.com\\\/avatar\\\/0a3d20358857d983bcc69368f56bd816e1ba6a2f8ff92d7d7490507d3b5cbed6?s=96&d=mm&r=g\",\"url\":\"https:\\\/\\\/secure.gravatar.com\\\/avatar\\\/0a3d20358857d983bcc69368f56bd816e1ba6a2f8ff92d7d7490507d3b5cbed6?s=96&d=mm&r=g\",\"contentUrl\":\"https:\\\/\\\/secure.gravatar.com\\\/avatar\\\/0a3d20358857d983bcc69368f56bd816e1ba6a2f8ff92d7d7490507d3b5cbed6?s=96&d=mm&r=g\",\"caption\":\"obi\"},\"url\":\"https:\\\/\\\/dipos.rs\\\/en\\\/author\\\/obi\\\/\"}]}<\/script>\n<!-- \/ Yoast SEO Premium plugin. -->","yoast_head_json":{"title":"Delegation of the Republic of Ghana in an a official visit to the Republic of Serbia - Dipos","description":"Djoko Krivokapic, \u0110oko Krivokapi\u0107, Direktor \u0110oko Krivokapi\u0107, dipos direktor, Djoko Krivokapic, poseta delegacije Gane direktoru Dipos-a","robots":{"index":"index","follow":"follow","max-snippet":"max-snippet:-1","max-image-preview":"max-image-preview:large","max-video-preview":"max-video-preview:-1"},"canonical":"https:\/\/dipos.rs\/en\/events\/delegation-of-the-republic-of-ghana-in-an-a-official-visit-to-the-republic-of-serbia\/","og_locale":"en_US","og_type":"article","og_title":"Delegation of the Republic of Ghana in an a official visit to the Republic of Serbia","og_description":"Djoko Krivokapic, \u0110oko Krivokapi\u0107, Direktor \u0110oko Krivokapi\u0107, dipos direktor, Djoko Krivokapic, poseta delegacije Gane direktoru Dipos-a","og_url":"https:\/\/dipos.rs\/en\/events\/delegation-of-the-republic-of-ghana-in-an-a-official-visit-to-the-republic-of-serbia\/","og_site_name":"Dipos","article_published_time":"2018-08-21T15:00:06+00:00","article_modified_time":"2019-02-28T11:00:08+00:00","og_image":[{"width":720,"height":540,"url":"https:\/\/dipos.rs\/wp-content\/uploads\/2018\/12\/vesti97.jpg","type":"image\/jpeg"}],"author":"obi","twitter_card":"summary_large_image","twitter_misc":{"Written by":"obi","Est. reading time":"3 minutes"},"schema":{"@context":"https:\/\/schema.org","@graph":[{"@type":"Article","@id":"https:\/\/dipos.rs\/en\/events\/delegation-of-the-republic-of-ghana-in-an-a-official-visit-to-the-republic-of-serbia\/#article","isPartOf":{"@id":"https:\/\/dipos.rs\/en\/events\/delegation-of-the-republic-of-ghana-in-an-a-official-visit-to-the-republic-of-serbia\/"},"author":{"name":"obi","@id":"https:\/\/dipos.rs\/en\/#\/schema\/person\/ef0a1e2cd72fcaa1513d7e0eeb90333e"},"headline":"Delegation of the Republic of Ghana in an a official visit to the Republic of Serbia","datePublished":"2018-08-21T15:00:06+00:00","dateModified":"2019-02-28T11:00:08+00:00","mainEntityOfPage":{"@id":"https:\/\/dipos.rs\/en\/events\/delegation-of-the-republic-of-ghana-in-an-a-official-visit-to-the-republic-of-serbia\/"},"wordCount":592,"publisher":{"@id":"https:\/\/dipos.rs\/en\/#organization"},"image":{"@id":"https:\/\/dipos.rs\/en\/events\/delegation-of-the-republic-of-ghana-in-an-a-official-visit-to-the-republic-of-serbia\/#primaryimage"},"thumbnailUrl":"https:\/\/dipos.rs\/wp-content\/uploads\/2018\/12\/vesti97.jpg","articleSection":["Events","News"],"inLanguage":"en-US"},{"@type":"WebPage","@id":"https:\/\/dipos.rs\/en\/events\/delegation-of-the-republic-of-ghana-in-an-a-official-visit-to-the-republic-of-serbia\/","url":"https:\/\/dipos.rs\/en\/events\/delegation-of-the-republic-of-ghana-in-an-a-official-visit-to-the-republic-of-serbia\/","name":"Delegation of the Republic of Ghana in an a official visit to the Republic of Serbia - Dipos","isPartOf":{"@id":"https:\/\/dipos.rs\/en\/#website"},"primaryImageOfPage":{"@id":"https:\/\/dipos.rs\/en\/events\/delegation-of-the-republic-of-ghana-in-an-a-official-visit-to-the-republic-of-serbia\/#primaryimage"},"image":{"@id":"https:\/\/dipos.rs\/en\/events\/delegation-of-the-republic-of-ghana-in-an-a-official-visit-to-the-republic-of-serbia\/#primaryimage"},"thumbnailUrl":"https:\/\/dipos.rs\/wp-content\/uploads\/2018\/12\/vesti97.jpg","datePublished":"2018-08-21T15:00:06+00:00","dateModified":"2019-02-28T11:00:08+00:00","description":"Djoko Krivokapic, \u0110oko Krivokapi\u0107, Direktor \u0110oko Krivokapi\u0107, dipos direktor, Djoko Krivokapic, poseta delegacije Gane direktoru Dipos-a","breadcrumb":{"@id":"https:\/\/dipos.rs\/en\/events\/delegation-of-the-republic-of-ghana-in-an-a-official-visit-to-the-republic-of-serbia\/#breadcrumb"},"inLanguage":"en-US","potentialAction":[{"@type":"ReadAction","target":["https:\/\/dipos.rs\/en\/events\/delegation-of-the-republic-of-ghana-in-an-a-official-visit-to-the-republic-of-serbia\/"]}]},{"@type":"ImageObject","inLanguage":"en-US","@id":"https:\/\/dipos.rs\/en\/events\/delegation-of-the-republic-of-ghana-in-an-a-official-visit-to-the-republic-of-serbia\/#primaryimage","url":"https:\/\/dipos.rs\/wp-content\/uploads\/2018\/12\/vesti97.jpg","contentUrl":"https:\/\/dipos.rs\/wp-content\/uploads\/2018\/12\/vesti97.jpg","width":720,"height":540},{"@type":"BreadcrumbList","@id":"https:\/\/dipos.rs\/en\/events\/delegation-of-the-republic-of-ghana-in-an-a-official-visit-to-the-republic-of-serbia\/#breadcrumb","itemListElement":[{"@type":"ListItem","position":1,"name":"Home","item":"https:\/\/dipos.rs\/en\/"},{"@type":"ListItem","position":2,"name":"Delegation of the Republic of Ghana in an a official visit to the Republic of Serbia"}]},{"@type":"WebSite","@id":"https:\/\/dipos.rs\/en\/#website","url":"https:\/\/dipos.rs\/en\/","name":"\u0414\u0438\u043f\u043e\u0441","description":"Privredno dru\u0161tvo koje se bavi upravljanjem, izdavanjem i odr\u017eavanjem nekretnina u vlasni\u0161tvu Republike Srbije","publisher":{"@id":"https:\/\/dipos.rs\/en\/#organization"},"potentialAction":[{"@type":"SearchAction","target":{"@type":"EntryPoint","urlTemplate":"https:\/\/dipos.rs\/en\/?s={search_term_string}"},"query-input":{"@type":"PropertyValueSpecification","valueRequired":true,"valueName":"search_term_string"}}],"inLanguage":"en-US"},{"@type":"Organization","@id":"https:\/\/dipos.rs\/en\/#organization","name":"\u0414\u0438\u043f\u043e\u0441","url":"https:\/\/dipos.rs\/en\/","logo":{"@type":"ImageObject","inLanguage":"en-US","@id":"https:\/\/dipos.rs\/en\/#\/schema\/logo\/image\/","url":"https:\/\/dipos.rs\/wp-content\/uploads\/2022\/04\/logo-plavi.png","contentUrl":"https:\/\/dipos.rs\/wp-content\/uploads\/2022\/04\/logo-plavi.png","width":380,"height":280,"caption":"\u0414\u0438\u043f\u043e\u0441"},"image":{"@id":"https:\/\/dipos.rs\/en\/#\/schema\/logo\/image\/"}},{"@type":"Person","@id":"https:\/\/dipos.rs\/en\/#\/schema\/person\/ef0a1e2cd72fcaa1513d7e0eeb90333e","name":"obi","image":{"@type":"ImageObject","inLanguage":"en-US","@id":"https:\/\/secure.gravatar.com\/avatar\/0a3d20358857d983bcc69368f56bd816e1ba6a2f8ff92d7d7490507d3b5cbed6?s=96&d=mm&r=g","url":"https:\/\/secure.gravatar.com\/avatar\/0a3d20358857d983bcc69368f56bd816e1ba6a2f8ff92d7d7490507d3b5cbed6?s=96&d=mm&r=g","contentUrl":"https:\/\/secure.gravatar.com\/avatar\/0a3d20358857d983bcc69368f56bd816e1ba6a2f8ff92d7d7490507d3b5cbed6?s=96&d=mm&r=g","caption":"obi"},"url":"https:\/\/dipos.rs\/en\/author\/obi\/"}]}},"_links":{"self":[{"href":"https:\/\/dipos.rs\/en\/wp-json\/wp\/v2\/posts\/289","targetHints":{"allow":["GET"]}}],"collection":[{"href":"https:\/\/dipos.rs\/en\/wp-json\/wp\/v2\/posts"}],"about":[{"href":"https:\/\/dipos.rs\/en\/wp-json\/wp\/v2\/types\/post"}],"author":[{"embeddable":true,"href":"https:\/\/dipos.rs\/en\/wp-json\/wp\/v2\/users\/8"}],"replies":[{"embeddable":true,"href":"https:\/\/dipos.rs\/en\/wp-json\/wp\/v2\/comments?post=289"}],"version-history":[{"count":0,"href":"https:\/\/dipos.rs\/en\/wp-json\/wp\/v2\/posts\/289\/revisions"}],"wp:featuredmedia":[{"embeddable":true,"href":"https:\/\/dipos.rs\/en\/wp-json\/wp\/v2\/media\/4898"}],"wp:attachment":[{"href":"https:\/\/dipos.rs\/en\/wp-json\/wp\/v2\/media?parent=289"}],"wp:term":[{"taxonomy":"category","embeddable":true,"href":"https:\/\/dipos.rs\/en\/wp-json\/wp\/v2\/categories?post=289"},{"taxonomy":"post_tag","embeddable":true,"href":"https:\/\/dipos.rs\/en\/wp-json\/wp\/v2\/tags?post=289"}],"curies":[{"name":"wp","href":"https:\/\/api.w.org\/{rel}","templated":true}]}}