{"id":4293,"date":"2018-05-16T17:24:46","date_gmt":"2018-05-16T15:24:46","guid":{"rendered":"https:\/\/F5AFEB64-D83B-4AE5-992A-2DDB3DA3A221"},"modified":"2025-11-19T08:26:38","modified_gmt":"2025-11-19T07:26:38","slug":"celebration-of-the-70th-anniversary-of-independence-of-the-state-of-israel","status":"publish","type":"post","link":"https:\/\/dipos.rs\/en\/events\/celebration-of-the-70th-anniversary-of-independence-of-the-state-of-israel\/","title":{"rendered":"Celebration of the 70th anniversary of independence of the State of Israel"},"content":{"rendered":"<p>[et_pb_section bb_built=&#8217;1&#8242;][et_pb_row background_position=&#8217;top_left&#8217; background_repeat=&#8217;repeat&#8217; background_size=&#8217;initial&#8217;][et_pb_column type=&#8217;4_4&#8242;][et_pb_text _builder_version=&#8217;3.17.1&#8242;]<\/p>\n<p>In the Grand Hall of the City Assembly of Belgrade on 08 May 2018 The Embassy of Israel in the Republic of Serbia organized a celebration marking the 70th anniversary of the independence of the State of Israel.<br \/>\nAfter the choir performance of the national anthems of Israel and the Republic of Serbia, H.E. Ambassador Mrs. Alona Fisher Kam addressed the guests and in her speech highlighted today&#8217;s rich political, economic and cultural ties between the Republic of Serbia and the State of Israel, and pointed out that there are dozens of Israeli companies operating in the Republic of Serbia. She also referred to the many achievements of Israel in various fields such as agriculture, agro technology, water management, medicine, IT sector and cyber security.<\/p>\n<p>As a part of the ceremony, exhibits with interesting historical photographs as well as two stands with traditional Israeli food were displayed in the neighboring hall, and as a special treat, refreshing orange juice produced in Israel was served.<br \/>\nThe ceremony was attended by numerous officials, including Minister of Labor, Employment, Veterans and Social Affairs Mr. Zoran Djordjevi\u0107, Manager of the Office for Kosovo and Metohija, Mr. Marko Djuri\u0107, Minister for Environment protection, Mr. Goran Trivan, Manager of the city of Belgrade, Mr. Goran Vesi\u0107, Ambassador of the Russian Fedreation, H.E. Mr. Alexander Chepurin, Ambassador of Germany H.E. Mr. Aksel Ditman, Ambassador of France H.E. Mr. Frederik Mondolini as well as many other guests from political and public life of Serbia.<\/p>\n<p>[\/et_pb_text][\/et_pb_column][\/et_pb_row][et_pb_row background_position=&#8217;top_left&#8217; background_repeat=&#8217;repeat&#8217; background_size=&#8217;initial&#8217;][et_pb_column type=&#8217;1_2&#8242;][et_pb_image _builder_version=&#8217;3.17.1&#8242; src=&#8217;https:\/\/dipos.rs\/wp-content\/uploads\/2018\/12\/vesti114.jpg&#8217; show_in_lightbox=&#8217;on&#8217; \/][\/et_pb_column][et_pb_column type=&#8217;1_2&#8242;][et_pb_image _builder_version=&#8217;3.17.1&#8242; src=&#8217;https:\/\/dipos.rs\/wp-content\/uploads\/2018\/12\/vesti115.jpg&#8217; show_in_lightbox=&#8217;on&#8217; \/][\/et_pb_column][\/et_pb_row][et_pb_row background_position=&#8217;top_left&#8217; background_repeat=&#8217;repeat&#8217; background_size=&#8217;initial&#8217;][et_pb_column type=&#8217;1_2&#8242;][et_pb_image _builder_version=&#8217;3.17.1&#8242; src=&#8217;https:\/\/dipos.rs\/wp-content\/uploads\/2018\/12\/vesti116.jpg&#8217; show_in_lightbox=&#8217;on&#8217; \/][\/et_pb_column][et_pb_column type=&#8217;1_2&#8242;][et_pb_image _builder_version=&#8217;3.17.1&#8242; src=&#8217;https:\/\/dipos.rs\/wp-content\/uploads\/2018\/12\/vesti117.jpg&#8217; show_in_lightbox=&#8217;on&#8217; \/][\/et_pb_column][\/et_pb_row][\/et_pb_section]<\/p>\n","protected":false},"excerpt":{"rendered":"<p>In the Grand Hall of the City Assembly of Belgrade on 08 May 2018 The Embassy of Israel in the Republic of Serbia organized a celebration marking the 70th anniversary of the independence of the State of Israel. After the choir performance of the national anthems of Israel and the Republic of Serbia, H.E. Ambassador [&hellip;]<\/p>\n","protected":false},"author":8,"featured_media":5024,"comment_status":"closed","ping_status":"closed","sticky":false,"template":"","format":"standard","meta":{"_et_pb_use_builder":"o","_et_pb_old_content":"","_et_gb_content_width":"","inline_featured_image":false,"footnotes":""},"categories":[9],"tags":[],"class_list":["post-4293","post","type-post","status-publish","format-standard","has-post-thumbnail","hentry","category-events"],"yoast_head":"<!-- This site is optimized with the Yoast SEO Premium plugin v22.2 (Yoast SEO v27.4) - https:\/\/yoast.com\/product\/yoast-seo-premium-wordpress\/ -->\n<title>Dipos Celebration of the 70th anniversary of independence of the State of Israel - Dipos<\/title>\n<meta name=\"robots\" content=\"index, follow, max-snippet:-1, max-image-preview:large, max-video-preview:-1\" \/>\n<link rel=\"canonical\" href=\"https:\/\/dipos.rs\/en\/events\/celebration-of-the-70th-anniversary-of-independence-of-the-state-of-israel\/\" \/>\n<meta property=\"og:locale\" content=\"en_US\" \/>\n<meta property=\"og:type\" content=\"article\" \/>\n<meta property=\"og:title\" content=\"Celebration of the 70th anniversary of independence of the State of Israel\" \/>\n<meta property=\"og:description\" content=\"In the Grand Hall of the City Assembly of Belgrade on 08 May 2018 The Embassy of Israel in the Republic of Serbia organized a celebration marking the 70th anniversary of the independence of the State of Israel. After the choir performance of the national anthems of Israel and the Republic of Serbia, H.E. Ambassador [&hellip;]\" \/>\n<meta property=\"og:url\" content=\"https:\/\/dipos.rs\/en\/events\/celebration-of-the-70th-anniversary-of-independence-of-the-state-of-israel\/\" \/>\n<meta property=\"og:site_name\" content=\"Dipos\" \/>\n<meta property=\"article:published_time\" content=\"2018-05-16T15:24:46+00:00\" \/>\n<meta property=\"article:modified_time\" content=\"2025-11-19T07:26:38+00:00\" \/>\n<meta property=\"og:image\" content=\"https:\/\/dipos.rs\/wp-content\/uploads\/2018\/12\/vesti114.jpg\" \/>\n\t<meta property=\"og:image:width\" content=\"720\" \/>\n\t<meta property=\"og:image:height\" content=\"406\" \/>\n\t<meta property=\"og:image:type\" content=\"image\/jpeg\" \/>\n<meta name=\"author\" content=\"obi\" \/>\n<meta name=\"twitter:card\" content=\"summary_large_image\" \/>\n<meta name=\"twitter:label1\" content=\"Written by\" \/>\n\t<meta name=\"twitter:data1\" content=\"obi\" \/>\n\t<meta name=\"twitter:label2\" content=\"Est. reading time\" \/>\n\t<meta name=\"twitter:data2\" content=\"2 minutes\" \/>\n<script type=\"application\/ld+json\" class=\"yoast-schema-graph\">{\"@context\":\"https:\\\/\\\/schema.org\",\"@graph\":[{\"@type\":\"Article\",\"@id\":\"https:\\\/\\\/dipos.rs\\\/en\\\/events\\\/celebration-of-the-70th-anniversary-of-independence-of-the-state-of-israel\\\/#article\",\"isPartOf\":{\"@id\":\"https:\\\/\\\/dipos.rs\\\/en\\\/events\\\/celebration-of-the-70th-anniversary-of-independence-of-the-state-of-israel\\\/\"},\"author\":{\"name\":\"obi\",\"@id\":\"https:\\\/\\\/dipos.rs\\\/en\\\/#\\\/schema\\\/person\\\/ef0a1e2cd72fcaa1513d7e0eeb90333e\"},\"headline\":\"Celebration of the 70th anniversary of independence of the State of Israel\",\"datePublished\":\"2018-05-16T15:24:46+00:00\",\"dateModified\":\"2025-11-19T07:26:38+00:00\",\"mainEntityOfPage\":{\"@id\":\"https:\\\/\\\/dipos.rs\\\/en\\\/events\\\/celebration-of-the-70th-anniversary-of-independence-of-the-state-of-israel\\\/\"},\"wordCount\":449,\"publisher\":{\"@id\":\"https:\\\/\\\/dipos.rs\\\/en\\\/#organization\"},\"image\":{\"@id\":\"https:\\\/\\\/dipos.rs\\\/en\\\/events\\\/celebration-of-the-70th-anniversary-of-independence-of-the-state-of-israel\\\/#primaryimage\"},\"thumbnailUrl\":\"https:\\\/\\\/dipos.rs\\\/wp-content\\\/uploads\\\/2018\\\/12\\\/vesti114.jpg\",\"articleSection\":[\"Events\"],\"inLanguage\":\"en-US\"},{\"@type\":\"WebPage\",\"@id\":\"https:\\\/\\\/dipos.rs\\\/en\\\/events\\\/celebration-of-the-70th-anniversary-of-independence-of-the-state-of-israel\\\/\",\"url\":\"https:\\\/\\\/dipos.rs\\\/en\\\/events\\\/celebration-of-the-70th-anniversary-of-independence-of-the-state-of-israel\\\/\",\"name\":\"Dipos Celebration of the 70th anniversary of independence of the State of Israel - Dipos\",\"isPartOf\":{\"@id\":\"https:\\\/\\\/dipos.rs\\\/en\\\/#website\"},\"primaryImageOfPage\":{\"@id\":\"https:\\\/\\\/dipos.rs\\\/en\\\/events\\\/celebration-of-the-70th-anniversary-of-independence-of-the-state-of-israel\\\/#primaryimage\"},\"image\":{\"@id\":\"https:\\\/\\\/dipos.rs\\\/en\\\/events\\\/celebration-of-the-70th-anniversary-of-independence-of-the-state-of-israel\\\/#primaryimage\"},\"thumbnailUrl\":\"https:\\\/\\\/dipos.rs\\\/wp-content\\\/uploads\\\/2018\\\/12\\\/vesti114.jpg\",\"datePublished\":\"2018-05-16T15:24:46+00:00\",\"dateModified\":\"2025-11-19T07:26:38+00:00\",\"breadcrumb\":{\"@id\":\"https:\\\/\\\/dipos.rs\\\/en\\\/events\\\/celebration-of-the-70th-anniversary-of-independence-of-the-state-of-israel\\\/#breadcrumb\"},\"inLanguage\":\"en-US\",\"potentialAction\":[{\"@type\":\"ReadAction\",\"target\":[\"https:\\\/\\\/dipos.rs\\\/en\\\/events\\\/celebration-of-the-70th-anniversary-of-independence-of-the-state-of-israel\\\/\"]}]},{\"@type\":\"ImageObject\",\"inLanguage\":\"en-US\",\"@id\":\"https:\\\/\\\/dipos.rs\\\/en\\\/events\\\/celebration-of-the-70th-anniversary-of-independence-of-the-state-of-israel\\\/#primaryimage\",\"url\":\"https:\\\/\\\/dipos.rs\\\/wp-content\\\/uploads\\\/2018\\\/12\\\/vesti114.jpg\",\"contentUrl\":\"https:\\\/\\\/dipos.rs\\\/wp-content\\\/uploads\\\/2018\\\/12\\\/vesti114.jpg\",\"width\":720,\"height\":406},{\"@type\":\"BreadcrumbList\",\"@id\":\"https:\\\/\\\/dipos.rs\\\/en\\\/events\\\/celebration-of-the-70th-anniversary-of-independence-of-the-state-of-israel\\\/#breadcrumb\",\"itemListElement\":[{\"@type\":\"ListItem\",\"position\":1,\"name\":\"Home\",\"item\":\"https:\\\/\\\/dipos.rs\\\/en\\\/\"},{\"@type\":\"ListItem\",\"position\":2,\"name\":\"Celebration of the 70th anniversary of independence of the State of Israel\"}]},{\"@type\":\"WebSite\",\"@id\":\"https:\\\/\\\/dipos.rs\\\/en\\\/#website\",\"url\":\"https:\\\/\\\/dipos.rs\\\/en\\\/\",\"name\":\"\u0414\u0438\u043f\u043e\u0441\",\"description\":\"Privredno dru\u0161tvo koje se bavi upravljanjem, izdavanjem i odr\u017eavanjem nekretnina u vlasni\u0161tvu Republike Srbije\",\"publisher\":{\"@id\":\"https:\\\/\\\/dipos.rs\\\/en\\\/#organization\"},\"potentialAction\":[{\"@type\":\"SearchAction\",\"target\":{\"@type\":\"EntryPoint\",\"urlTemplate\":\"https:\\\/\\\/dipos.rs\\\/en\\\/?s={search_term_string}\"},\"query-input\":{\"@type\":\"PropertyValueSpecification\",\"valueRequired\":true,\"valueName\":\"search_term_string\"}}],\"inLanguage\":\"en-US\"},{\"@type\":\"Organization\",\"@id\":\"https:\\\/\\\/dipos.rs\\\/en\\\/#organization\",\"name\":\"\u0414\u0438\u043f\u043e\u0441\",\"url\":\"https:\\\/\\\/dipos.rs\\\/en\\\/\",\"logo\":{\"@type\":\"ImageObject\",\"inLanguage\":\"en-US\",\"@id\":\"https:\\\/\\\/dipos.rs\\\/en\\\/#\\\/schema\\\/logo\\\/image\\\/\",\"url\":\"https:\\\/\\\/dipos.rs\\\/wp-content\\\/uploads\\\/2022\\\/04\\\/logo-plavi.png\",\"contentUrl\":\"https:\\\/\\\/dipos.rs\\\/wp-content\\\/uploads\\\/2022\\\/04\\\/logo-plavi.png\",\"width\":380,\"height\":280,\"caption\":\"\u0414\u0438\u043f\u043e\u0441\"},\"image\":{\"@id\":\"https:\\\/\\\/dipos.rs\\\/en\\\/#\\\/schema\\\/logo\\\/image\\\/\"}},{\"@type\":\"Person\",\"@id\":\"https:\\\/\\\/dipos.rs\\\/en\\\/#\\\/schema\\\/person\\\/ef0a1e2cd72fcaa1513d7e0eeb90333e\",\"name\":\"obi\",\"image\":{\"@type\":\"ImageObject\",\"inLanguage\":\"en-US\",\"@id\":\"https:\\\/\\\/secure.gravatar.com\\\/avatar\\\/0a3d20358857d983bcc69368f56bd816e1ba6a2f8ff92d7d7490507d3b5cbed6?s=96&d=mm&r=g\",\"url\":\"https:\\\/\\\/secure.gravatar.com\\\/avatar\\\/0a3d20358857d983bcc69368f56bd816e1ba6a2f8ff92d7d7490507d3b5cbed6?s=96&d=mm&r=g\",\"contentUrl\":\"https:\\\/\\\/secure.gravatar.com\\\/avatar\\\/0a3d20358857d983bcc69368f56bd816e1ba6a2f8ff92d7d7490507d3b5cbed6?s=96&d=mm&r=g\",\"caption\":\"obi\"},\"url\":\"https:\\\/\\\/dipos.rs\\\/en\\\/author\\\/obi\\\/\"}]}<\/script>\n<!-- \/ Yoast SEO Premium plugin. -->","yoast_head_json":{"title":"Dipos Celebration of the 70th anniversary of independence of the State of Israel - Dipos","robots":{"index":"index","follow":"follow","max-snippet":"max-snippet:-1","max-image-preview":"max-image-preview:large","max-video-preview":"max-video-preview:-1"},"canonical":"https:\/\/dipos.rs\/en\/events\/celebration-of-the-70th-anniversary-of-independence-of-the-state-of-israel\/","og_locale":"en_US","og_type":"article","og_title":"Celebration of the 70th anniversary of independence of the State of Israel","og_description":"In the Grand Hall of the City Assembly of Belgrade on 08 May 2018 The Embassy of Israel in the Republic of Serbia organized a celebration marking the 70th anniversary of the independence of the State of Israel. After the choir performance of the national anthems of Israel and the Republic of Serbia, H.E. Ambassador [&hellip;]","og_url":"https:\/\/dipos.rs\/en\/events\/celebration-of-the-70th-anniversary-of-independence-of-the-state-of-israel\/","og_site_name":"Dipos","article_published_time":"2018-05-16T15:24:46+00:00","article_modified_time":"2025-11-19T07:26:38+00:00","og_image":[{"width":720,"height":406,"url":"https:\/\/dipos.rs\/wp-content\/uploads\/2018\/12\/vesti114.jpg","type":"image\/jpeg"}],"author":"obi","twitter_card":"summary_large_image","twitter_misc":{"Written by":"obi","Est. reading time":"2 minutes"},"schema":{"@context":"https:\/\/schema.org","@graph":[{"@type":"Article","@id":"https:\/\/dipos.rs\/en\/events\/celebration-of-the-70th-anniversary-of-independence-of-the-state-of-israel\/#article","isPartOf":{"@id":"https:\/\/dipos.rs\/en\/events\/celebration-of-the-70th-anniversary-of-independence-of-the-state-of-israel\/"},"author":{"name":"obi","@id":"https:\/\/dipos.rs\/en\/#\/schema\/person\/ef0a1e2cd72fcaa1513d7e0eeb90333e"},"headline":"Celebration of the 70th anniversary of independence of the State of Israel","datePublished":"2018-05-16T15:24:46+00:00","dateModified":"2025-11-19T07:26:38+00:00","mainEntityOfPage":{"@id":"https:\/\/dipos.rs\/en\/events\/celebration-of-the-70th-anniversary-of-independence-of-the-state-of-israel\/"},"wordCount":449,"publisher":{"@id":"https:\/\/dipos.rs\/en\/#organization"},"image":{"@id":"https:\/\/dipos.rs\/en\/events\/celebration-of-the-70th-anniversary-of-independence-of-the-state-of-israel\/#primaryimage"},"thumbnailUrl":"https:\/\/dipos.rs\/wp-content\/uploads\/2018\/12\/vesti114.jpg","articleSection":["Events"],"inLanguage":"en-US"},{"@type":"WebPage","@id":"https:\/\/dipos.rs\/en\/events\/celebration-of-the-70th-anniversary-of-independence-of-the-state-of-israel\/","url":"https:\/\/dipos.rs\/en\/events\/celebration-of-the-70th-anniversary-of-independence-of-the-state-of-israel\/","name":"Dipos Celebration of the 70th anniversary of independence of the State of Israel - Dipos","isPartOf":{"@id":"https:\/\/dipos.rs\/en\/#website"},"primaryImageOfPage":{"@id":"https:\/\/dipos.rs\/en\/events\/celebration-of-the-70th-anniversary-of-independence-of-the-state-of-israel\/#primaryimage"},"image":{"@id":"https:\/\/dipos.rs\/en\/events\/celebration-of-the-70th-anniversary-of-independence-of-the-state-of-israel\/#primaryimage"},"thumbnailUrl":"https:\/\/dipos.rs\/wp-content\/uploads\/2018\/12\/vesti114.jpg","datePublished":"2018-05-16T15:24:46+00:00","dateModified":"2025-11-19T07:26:38+00:00","breadcrumb":{"@id":"https:\/\/dipos.rs\/en\/events\/celebration-of-the-70th-anniversary-of-independence-of-the-state-of-israel\/#breadcrumb"},"inLanguage":"en-US","potentialAction":[{"@type":"ReadAction","target":["https:\/\/dipos.rs\/en\/events\/celebration-of-the-70th-anniversary-of-independence-of-the-state-of-israel\/"]}]},{"@type":"ImageObject","inLanguage":"en-US","@id":"https:\/\/dipos.rs\/en\/events\/celebration-of-the-70th-anniversary-of-independence-of-the-state-of-israel\/#primaryimage","url":"https:\/\/dipos.rs\/wp-content\/uploads\/2018\/12\/vesti114.jpg","contentUrl":"https:\/\/dipos.rs\/wp-content\/uploads\/2018\/12\/vesti114.jpg","width":720,"height":406},{"@type":"BreadcrumbList","@id":"https:\/\/dipos.rs\/en\/events\/celebration-of-the-70th-anniversary-of-independence-of-the-state-of-israel\/#breadcrumb","itemListElement":[{"@type":"ListItem","position":1,"name":"Home","item":"https:\/\/dipos.rs\/en\/"},{"@type":"ListItem","position":2,"name":"Celebration of the 70th anniversary of independence of the State of Israel"}]},{"@type":"WebSite","@id":"https:\/\/dipos.rs\/en\/#website","url":"https:\/\/dipos.rs\/en\/","name":"\u0414\u0438\u043f\u043e\u0441","description":"Privredno dru\u0161tvo koje se bavi upravljanjem, izdavanjem i odr\u017eavanjem nekretnina u vlasni\u0161tvu Republike Srbije","publisher":{"@id":"https:\/\/dipos.rs\/en\/#organization"},"potentialAction":[{"@type":"SearchAction","target":{"@type":"EntryPoint","urlTemplate":"https:\/\/dipos.rs\/en\/?s={search_term_string}"},"query-input":{"@type":"PropertyValueSpecification","valueRequired":true,"valueName":"search_term_string"}}],"inLanguage":"en-US"},{"@type":"Organization","@id":"https:\/\/dipos.rs\/en\/#organization","name":"\u0414\u0438\u043f\u043e\u0441","url":"https:\/\/dipos.rs\/en\/","logo":{"@type":"ImageObject","inLanguage":"en-US","@id":"https:\/\/dipos.rs\/en\/#\/schema\/logo\/image\/","url":"https:\/\/dipos.rs\/wp-content\/uploads\/2022\/04\/logo-plavi.png","contentUrl":"https:\/\/dipos.rs\/wp-content\/uploads\/2022\/04\/logo-plavi.png","width":380,"height":280,"caption":"\u0414\u0438\u043f\u043e\u0441"},"image":{"@id":"https:\/\/dipos.rs\/en\/#\/schema\/logo\/image\/"}},{"@type":"Person","@id":"https:\/\/dipos.rs\/en\/#\/schema\/person\/ef0a1e2cd72fcaa1513d7e0eeb90333e","name":"obi","image":{"@type":"ImageObject","inLanguage":"en-US","@id":"https:\/\/secure.gravatar.com\/avatar\/0a3d20358857d983bcc69368f56bd816e1ba6a2f8ff92d7d7490507d3b5cbed6?s=96&d=mm&r=g","url":"https:\/\/secure.gravatar.com\/avatar\/0a3d20358857d983bcc69368f56bd816e1ba6a2f8ff92d7d7490507d3b5cbed6?s=96&d=mm&r=g","contentUrl":"https:\/\/secure.gravatar.com\/avatar\/0a3d20358857d983bcc69368f56bd816e1ba6a2f8ff92d7d7490507d3b5cbed6?s=96&d=mm&r=g","caption":"obi"},"url":"https:\/\/dipos.rs\/en\/author\/obi\/"}]}},"_links":{"self":[{"href":"https:\/\/dipos.rs\/en\/wp-json\/wp\/v2\/posts\/4293","targetHints":{"allow":["GET"]}}],"collection":[{"href":"https:\/\/dipos.rs\/en\/wp-json\/wp\/v2\/posts"}],"about":[{"href":"https:\/\/dipos.rs\/en\/wp-json\/wp\/v2\/types\/post"}],"author":[{"embeddable":true,"href":"https:\/\/dipos.rs\/en\/wp-json\/wp\/v2\/users\/8"}],"replies":[{"embeddable":true,"href":"https:\/\/dipos.rs\/en\/wp-json\/wp\/v2\/comments?post=4293"}],"version-history":[{"count":0,"href":"https:\/\/dipos.rs\/en\/wp-json\/wp\/v2\/posts\/4293\/revisions"}],"wp:featuredmedia":[{"embeddable":true,"href":"https:\/\/dipos.rs\/en\/wp-json\/wp\/v2\/media\/5024"}],"wp:attachment":[{"href":"https:\/\/dipos.rs\/en\/wp-json\/wp\/v2\/media?parent=4293"}],"wp:term":[{"taxonomy":"category","embeddable":true,"href":"https:\/\/dipos.rs\/en\/wp-json\/wp\/v2\/categories?post=4293"},{"taxonomy":"post_tag","embeddable":true,"href":"https:\/\/dipos.rs\/en\/wp-json\/wp\/v2\/tags?post=4293"}],"curies":[{"name":"wp","href":"https:\/\/api.w.org\/{rel}","templated":true}]}}