{"id":56,"date":"2022-07-08T12:48:38","date_gmt":"2022-07-08T10:48:38","guid":{"rendered":"https:\/\/9BB63245-650F-4817-B5C2-1FCEFBD2F612"},"modified":"2022-07-12T13:57:29","modified_gmt":"2022-07-12T11:57:29","slug":"greetings-from-dipos-on-the-occasion-of-the-eid-al-adha-holiday","status":"publish","type":"post","link":"https:\/\/dipos.rs\/en\/news-cat\/greetings-from-dipos-on-the-occasion-of-the-eid-al-adha-holiday\/","title":{"rendered":"Greetings from Dipos on the occasion of the Eid al-Adha holiday"},"content":{"rendered":"<p>[et_pb_section bb_built=&#8217;1&#8242;][et_pb_row ][et_pb_column type=&#8217;4_4&#8242;][et_pb_text _builder_version=&#8217;4.4.5&#8242;]<\/p>\n<p><span>Congratulations to all believers of the Islamic faith on the upcoming holiday of Eid al-Adha!<\/span><br \/><span>May this holiday bring joy, prosperity, harmony and unity and strengthen true values of mutual respect and understanding.<\/span><\/p>\n<p><span>Bajram sherif mubarek olsun!<\/span><\/p>\n<p>[\/et_pb_text][et_pb_image _builder_version=&#8217;4.4.5&#8242; src=&#8217;https:\/\/dipos.rs\/wp-content\/uploads\/2022\/07\/Bajram-serif-mubarek-olsun-Dipos.jpg&#8217; show_in_lightbox=&#8217;on&#8217; \/][\/et_pb_column][\/et_pb_row][\/et_pb_section]<\/p>\n","protected":false},"excerpt":{"rendered":"<p>Congratulations to all believers of the Islamic faith on the upcoming holiday of Eid al-Adha!May this holiday bring joy, prosperity, harmony and unity and strengthen true values of mutual respect and understanding.Bajram sherif mubarek olsun!<\/p>\n","protected":false},"author":4,"featured_media":6320,"comment_status":"closed","ping_status":"closed","sticky":false,"template":"","format":"standard","meta":{"_et_pb_use_builder":"o","_et_pb_old_content":"","_et_gb_content_width":"","inline_featured_image":false,"footnotes":""},"categories":[34],"tags":[],"class_list":["post-56","post","type-post","status-publish","format-standard","has-post-thumbnail","hentry","category-news-cat"],"yoast_head":"<!-- This site is optimized with the Yoast SEO Premium plugin v22.2 (Yoast SEO v27.4) - https:\/\/yoast.com\/product\/yoast-seo-premium-wordpress\/ -->\n<title>Greetings from Dipos on the occasion of the Eid al-Adha holiday - Dipos<\/title>\n<meta name=\"description\" content=\"DIPOS sends hearty congratulations to all believers of the Islamic religion, congratulations on the upcoming holiday of Kurban - Eid!\" \/>\n<meta name=\"robots\" content=\"index, follow, max-snippet:-1, max-image-preview:large, max-video-preview:-1\" \/>\n<link rel=\"canonical\" href=\"https:\/\/dipos.rs\/en\/news-cat\/greetings-from-dipos-on-the-occasion-of-the-eid-al-adha-holiday\/\" \/>\n<meta property=\"og:locale\" content=\"en_US\" \/>\n<meta property=\"og:type\" content=\"article\" \/>\n<meta property=\"og:title\" content=\"Greetings from Dipos on the occasion of the Eid al-Adha holiday\" \/>\n<meta property=\"og:description\" content=\"DIPOS sends hearty congratulations to all believers of the Islamic religion, congratulations on the upcoming holiday of Kurban - Eid!\" \/>\n<meta property=\"og:url\" content=\"https:\/\/dipos.rs\/en\/news-cat\/greetings-from-dipos-on-the-occasion-of-the-eid-al-adha-holiday\/\" \/>\n<meta property=\"og:site_name\" content=\"Dipos\" \/>\n<meta property=\"article:published_time\" content=\"2022-07-08T10:48:38+00:00\" \/>\n<meta property=\"article:modified_time\" content=\"2022-07-12T11:57:29+00:00\" \/>\n<meta property=\"og:image\" content=\"https:\/\/dipos.rs\/wp-content\/uploads\/2022\/07\/Bajram-serif-mubarek-olsun-Dipos.jpg\" \/>\n\t<meta property=\"og:image:width\" content=\"1080\" \/>\n\t<meta property=\"og:image:height\" content=\"1080\" \/>\n\t<meta property=\"og:image:type\" content=\"image\/jpeg\" \/>\n<meta name=\"author\" content=\"marko.stojkovic\" \/>\n<meta name=\"twitter:card\" content=\"summary_large_image\" \/>\n<meta name=\"twitter:label1\" content=\"Written by\" \/>\n\t<meta name=\"twitter:data1\" content=\"marko.stojkovic\" \/>\n<script type=\"application\/ld+json\" class=\"yoast-schema-graph\">{\"@context\":\"https:\\\/\\\/schema.org\",\"@graph\":[{\"@type\":\"Article\",\"@id\":\"https:\\\/\\\/dipos.rs\\\/en\\\/news-cat\\\/greetings-from-dipos-on-the-occasion-of-the-eid-al-adha-holiday\\\/#article\",\"isPartOf\":{\"@id\":\"https:\\\/\\\/dipos.rs\\\/en\\\/news-cat\\\/greetings-from-dipos-on-the-occasion-of-the-eid-al-adha-holiday\\\/\"},\"author\":{\"name\":\"marko.stojkovic\",\"@id\":\"https:\\\/\\\/dipos.rs\\\/en\\\/#\\\/schema\\\/person\\\/c20ee3851ab019e33d634e66aaf1149f\"},\"headline\":\"Greetings from Dipos on the occasion of the Eid al-Adha holiday\",\"datePublished\":\"2022-07-08T10:48:38+00:00\",\"dateModified\":\"2022-07-12T11:57:29+00:00\",\"mainEntityOfPage\":{\"@id\":\"https:\\\/\\\/dipos.rs\\\/en\\\/news-cat\\\/greetings-from-dipos-on-the-occasion-of-the-eid-al-adha-holiday\\\/\"},\"wordCount\":102,\"publisher\":{\"@id\":\"https:\\\/\\\/dipos.rs\\\/en\\\/#organization\"},\"image\":{\"@id\":\"https:\\\/\\\/dipos.rs\\\/en\\\/news-cat\\\/greetings-from-dipos-on-the-occasion-of-the-eid-al-adha-holiday\\\/#primaryimage\"},\"thumbnailUrl\":\"https:\\\/\\\/dipos.rs\\\/wp-content\\\/uploads\\\/2022\\\/07\\\/Bajram-serif-mubarek-olsun-Dipos.jpg\",\"articleSection\":[\"News\"],\"inLanguage\":\"en-US\"},{\"@type\":\"WebPage\",\"@id\":\"https:\\\/\\\/dipos.rs\\\/en\\\/news-cat\\\/greetings-from-dipos-on-the-occasion-of-the-eid-al-adha-holiday\\\/\",\"url\":\"https:\\\/\\\/dipos.rs\\\/en\\\/news-cat\\\/greetings-from-dipos-on-the-occasion-of-the-eid-al-adha-holiday\\\/\",\"name\":\"Greetings from Dipos on the occasion of the Eid al-Adha holiday - Dipos\",\"isPartOf\":{\"@id\":\"https:\\\/\\\/dipos.rs\\\/en\\\/#website\"},\"primaryImageOfPage\":{\"@id\":\"https:\\\/\\\/dipos.rs\\\/en\\\/news-cat\\\/greetings-from-dipos-on-the-occasion-of-the-eid-al-adha-holiday\\\/#primaryimage\"},\"image\":{\"@id\":\"https:\\\/\\\/dipos.rs\\\/en\\\/news-cat\\\/greetings-from-dipos-on-the-occasion-of-the-eid-al-adha-holiday\\\/#primaryimage\"},\"thumbnailUrl\":\"https:\\\/\\\/dipos.rs\\\/wp-content\\\/uploads\\\/2022\\\/07\\\/Bajram-serif-mubarek-olsun-Dipos.jpg\",\"datePublished\":\"2022-07-08T10:48:38+00:00\",\"dateModified\":\"2022-07-12T11:57:29+00:00\",\"description\":\"DIPOS sends hearty congratulations to all believers of the Islamic religion, congratulations on the upcoming holiday of Kurban - Eid!\",\"breadcrumb\":{\"@id\":\"https:\\\/\\\/dipos.rs\\\/en\\\/news-cat\\\/greetings-from-dipos-on-the-occasion-of-the-eid-al-adha-holiday\\\/#breadcrumb\"},\"inLanguage\":\"en-US\",\"potentialAction\":[{\"@type\":\"ReadAction\",\"target\":[\"https:\\\/\\\/dipos.rs\\\/en\\\/news-cat\\\/greetings-from-dipos-on-the-occasion-of-the-eid-al-adha-holiday\\\/\"]}]},{\"@type\":\"ImageObject\",\"inLanguage\":\"en-US\",\"@id\":\"https:\\\/\\\/dipos.rs\\\/en\\\/news-cat\\\/greetings-from-dipos-on-the-occasion-of-the-eid-al-adha-holiday\\\/#primaryimage\",\"url\":\"https:\\\/\\\/dipos.rs\\\/wp-content\\\/uploads\\\/2022\\\/07\\\/Bajram-serif-mubarek-olsun-Dipos.jpg\",\"contentUrl\":\"https:\\\/\\\/dipos.rs\\\/wp-content\\\/uploads\\\/2022\\\/07\\\/Bajram-serif-mubarek-olsun-Dipos.jpg\",\"width\":1080,\"height\":1080},{\"@type\":\"BreadcrumbList\",\"@id\":\"https:\\\/\\\/dipos.rs\\\/en\\\/news-cat\\\/greetings-from-dipos-on-the-occasion-of-the-eid-al-adha-holiday\\\/#breadcrumb\",\"itemListElement\":[{\"@type\":\"ListItem\",\"position\":1,\"name\":\"Home\",\"item\":\"https:\\\/\\\/dipos.rs\\\/en\\\/\"},{\"@type\":\"ListItem\",\"position\":2,\"name\":\"Greetings from Dipos on the occasion of the Eid al-Adha holiday\"}]},{\"@type\":\"WebSite\",\"@id\":\"https:\\\/\\\/dipos.rs\\\/en\\\/#website\",\"url\":\"https:\\\/\\\/dipos.rs\\\/en\\\/\",\"name\":\"\u0414\u0438\u043f\u043e\u0441\",\"description\":\"Privredno dru\u0161tvo koje se bavi upravljanjem, izdavanjem i odr\u017eavanjem nekretnina u vlasni\u0161tvu Republike Srbije\",\"publisher\":{\"@id\":\"https:\\\/\\\/dipos.rs\\\/en\\\/#organization\"},\"potentialAction\":[{\"@type\":\"SearchAction\",\"target\":{\"@type\":\"EntryPoint\",\"urlTemplate\":\"https:\\\/\\\/dipos.rs\\\/en\\\/?s={search_term_string}\"},\"query-input\":{\"@type\":\"PropertyValueSpecification\",\"valueRequired\":true,\"valueName\":\"search_term_string\"}}],\"inLanguage\":\"en-US\"},{\"@type\":\"Organization\",\"@id\":\"https:\\\/\\\/dipos.rs\\\/en\\\/#organization\",\"name\":\"\u0414\u0438\u043f\u043e\u0441\",\"url\":\"https:\\\/\\\/dipos.rs\\\/en\\\/\",\"logo\":{\"@type\":\"ImageObject\",\"inLanguage\":\"en-US\",\"@id\":\"https:\\\/\\\/dipos.rs\\\/en\\\/#\\\/schema\\\/logo\\\/image\\\/\",\"url\":\"https:\\\/\\\/dipos.rs\\\/wp-content\\\/uploads\\\/2022\\\/04\\\/logo-plavi.png\",\"contentUrl\":\"https:\\\/\\\/dipos.rs\\\/wp-content\\\/uploads\\\/2022\\\/04\\\/logo-plavi.png\",\"width\":380,\"height\":280,\"caption\":\"\u0414\u0438\u043f\u043e\u0441\"},\"image\":{\"@id\":\"https:\\\/\\\/dipos.rs\\\/en\\\/#\\\/schema\\\/logo\\\/image\\\/\"}},{\"@type\":\"Person\",\"@id\":\"https:\\\/\\\/dipos.rs\\\/en\\\/#\\\/schema\\\/person\\\/c20ee3851ab019e33d634e66aaf1149f\",\"name\":\"marko.stojkovic\",\"image\":{\"@type\":\"ImageObject\",\"inLanguage\":\"en-US\",\"@id\":\"https:\\\/\\\/secure.gravatar.com\\\/avatar\\\/2266a4748fcc81af4e2ff41102d207aea3f59a4334f69611ab79a1873aad60d8?s=96&d=mm&r=g\",\"url\":\"https:\\\/\\\/secure.gravatar.com\\\/avatar\\\/2266a4748fcc81af4e2ff41102d207aea3f59a4334f69611ab79a1873aad60d8?s=96&d=mm&r=g\",\"contentUrl\":\"https:\\\/\\\/secure.gravatar.com\\\/avatar\\\/2266a4748fcc81af4e2ff41102d207aea3f59a4334f69611ab79a1873aad60d8?s=96&d=mm&r=g\",\"caption\":\"marko.stojkovic\"},\"url\":\"https:\\\/\\\/dipos.rs\\\/en\\\/author\\\/marko-stojkovic\\\/\"}]}<\/script>\n<!-- \/ Yoast SEO Premium plugin. -->","yoast_head_json":{"title":"Greetings from Dipos on the occasion of the Eid al-Adha holiday - Dipos","description":"DIPOS sends hearty congratulations to all believers of the Islamic religion, congratulations on the upcoming holiday of Kurban - Eid!","robots":{"index":"index","follow":"follow","max-snippet":"max-snippet:-1","max-image-preview":"max-image-preview:large","max-video-preview":"max-video-preview:-1"},"canonical":"https:\/\/dipos.rs\/en\/news-cat\/greetings-from-dipos-on-the-occasion-of-the-eid-al-adha-holiday\/","og_locale":"en_US","og_type":"article","og_title":"Greetings from Dipos on the occasion of the Eid al-Adha holiday","og_description":"DIPOS sends hearty congratulations to all believers of the Islamic religion, congratulations on the upcoming holiday of Kurban - Eid!","og_url":"https:\/\/dipos.rs\/en\/news-cat\/greetings-from-dipos-on-the-occasion-of-the-eid-al-adha-holiday\/","og_site_name":"Dipos","article_published_time":"2022-07-08T10:48:38+00:00","article_modified_time":"2022-07-12T11:57:29+00:00","og_image":[{"width":1080,"height":1080,"url":"https:\/\/dipos.rs\/wp-content\/uploads\/2022\/07\/Bajram-serif-mubarek-olsun-Dipos.jpg","type":"image\/jpeg"}],"author":"marko.stojkovic","twitter_card":"summary_large_image","twitter_misc":{"Written by":"marko.stojkovic"},"schema":{"@context":"https:\/\/schema.org","@graph":[{"@type":"Article","@id":"https:\/\/dipos.rs\/en\/news-cat\/greetings-from-dipos-on-the-occasion-of-the-eid-al-adha-holiday\/#article","isPartOf":{"@id":"https:\/\/dipos.rs\/en\/news-cat\/greetings-from-dipos-on-the-occasion-of-the-eid-al-adha-holiday\/"},"author":{"name":"marko.stojkovic","@id":"https:\/\/dipos.rs\/en\/#\/schema\/person\/c20ee3851ab019e33d634e66aaf1149f"},"headline":"Greetings from Dipos on the occasion of the Eid al-Adha holiday","datePublished":"2022-07-08T10:48:38+00:00","dateModified":"2022-07-12T11:57:29+00:00","mainEntityOfPage":{"@id":"https:\/\/dipos.rs\/en\/news-cat\/greetings-from-dipos-on-the-occasion-of-the-eid-al-adha-holiday\/"},"wordCount":102,"publisher":{"@id":"https:\/\/dipos.rs\/en\/#organization"},"image":{"@id":"https:\/\/dipos.rs\/en\/news-cat\/greetings-from-dipos-on-the-occasion-of-the-eid-al-adha-holiday\/#primaryimage"},"thumbnailUrl":"https:\/\/dipos.rs\/wp-content\/uploads\/2022\/07\/Bajram-serif-mubarek-olsun-Dipos.jpg","articleSection":["News"],"inLanguage":"en-US"},{"@type":"WebPage","@id":"https:\/\/dipos.rs\/en\/news-cat\/greetings-from-dipos-on-the-occasion-of-the-eid-al-adha-holiday\/","url":"https:\/\/dipos.rs\/en\/news-cat\/greetings-from-dipos-on-the-occasion-of-the-eid-al-adha-holiday\/","name":"Greetings from Dipos on the occasion of the Eid al-Adha holiday - Dipos","isPartOf":{"@id":"https:\/\/dipos.rs\/en\/#website"},"primaryImageOfPage":{"@id":"https:\/\/dipos.rs\/en\/news-cat\/greetings-from-dipos-on-the-occasion-of-the-eid-al-adha-holiday\/#primaryimage"},"image":{"@id":"https:\/\/dipos.rs\/en\/news-cat\/greetings-from-dipos-on-the-occasion-of-the-eid-al-adha-holiday\/#primaryimage"},"thumbnailUrl":"https:\/\/dipos.rs\/wp-content\/uploads\/2022\/07\/Bajram-serif-mubarek-olsun-Dipos.jpg","datePublished":"2022-07-08T10:48:38+00:00","dateModified":"2022-07-12T11:57:29+00:00","description":"DIPOS sends hearty congratulations to all believers of the Islamic religion, congratulations on the upcoming holiday of Kurban - Eid!","breadcrumb":{"@id":"https:\/\/dipos.rs\/en\/news-cat\/greetings-from-dipos-on-the-occasion-of-the-eid-al-adha-holiday\/#breadcrumb"},"inLanguage":"en-US","potentialAction":[{"@type":"ReadAction","target":["https:\/\/dipos.rs\/en\/news-cat\/greetings-from-dipos-on-the-occasion-of-the-eid-al-adha-holiday\/"]}]},{"@type":"ImageObject","inLanguage":"en-US","@id":"https:\/\/dipos.rs\/en\/news-cat\/greetings-from-dipos-on-the-occasion-of-the-eid-al-adha-holiday\/#primaryimage","url":"https:\/\/dipos.rs\/wp-content\/uploads\/2022\/07\/Bajram-serif-mubarek-olsun-Dipos.jpg","contentUrl":"https:\/\/dipos.rs\/wp-content\/uploads\/2022\/07\/Bajram-serif-mubarek-olsun-Dipos.jpg","width":1080,"height":1080},{"@type":"BreadcrumbList","@id":"https:\/\/dipos.rs\/en\/news-cat\/greetings-from-dipos-on-the-occasion-of-the-eid-al-adha-holiday\/#breadcrumb","itemListElement":[{"@type":"ListItem","position":1,"name":"Home","item":"https:\/\/dipos.rs\/en\/"},{"@type":"ListItem","position":2,"name":"Greetings from Dipos on the occasion of the Eid al-Adha holiday"}]},{"@type":"WebSite","@id":"https:\/\/dipos.rs\/en\/#website","url":"https:\/\/dipos.rs\/en\/","name":"\u0414\u0438\u043f\u043e\u0441","description":"Privredno dru\u0161tvo koje se bavi upravljanjem, izdavanjem i odr\u017eavanjem nekretnina u vlasni\u0161tvu Republike Srbije","publisher":{"@id":"https:\/\/dipos.rs\/en\/#organization"},"potentialAction":[{"@type":"SearchAction","target":{"@type":"EntryPoint","urlTemplate":"https:\/\/dipos.rs\/en\/?s={search_term_string}"},"query-input":{"@type":"PropertyValueSpecification","valueRequired":true,"valueName":"search_term_string"}}],"inLanguage":"en-US"},{"@type":"Organization","@id":"https:\/\/dipos.rs\/en\/#organization","name":"\u0414\u0438\u043f\u043e\u0441","url":"https:\/\/dipos.rs\/en\/","logo":{"@type":"ImageObject","inLanguage":"en-US","@id":"https:\/\/dipos.rs\/en\/#\/schema\/logo\/image\/","url":"https:\/\/dipos.rs\/wp-content\/uploads\/2022\/04\/logo-plavi.png","contentUrl":"https:\/\/dipos.rs\/wp-content\/uploads\/2022\/04\/logo-plavi.png","width":380,"height":280,"caption":"\u0414\u0438\u043f\u043e\u0441"},"image":{"@id":"https:\/\/dipos.rs\/en\/#\/schema\/logo\/image\/"}},{"@type":"Person","@id":"https:\/\/dipos.rs\/en\/#\/schema\/person\/c20ee3851ab019e33d634e66aaf1149f","name":"marko.stojkovic","image":{"@type":"ImageObject","inLanguage":"en-US","@id":"https:\/\/secure.gravatar.com\/avatar\/2266a4748fcc81af4e2ff41102d207aea3f59a4334f69611ab79a1873aad60d8?s=96&d=mm&r=g","url":"https:\/\/secure.gravatar.com\/avatar\/2266a4748fcc81af4e2ff41102d207aea3f59a4334f69611ab79a1873aad60d8?s=96&d=mm&r=g","contentUrl":"https:\/\/secure.gravatar.com\/avatar\/2266a4748fcc81af4e2ff41102d207aea3f59a4334f69611ab79a1873aad60d8?s=96&d=mm&r=g","caption":"marko.stojkovic"},"url":"https:\/\/dipos.rs\/en\/author\/marko-stojkovic\/"}]}},"_links":{"self":[{"href":"https:\/\/dipos.rs\/en\/wp-json\/wp\/v2\/posts\/56","targetHints":{"allow":["GET"]}}],"collection":[{"href":"https:\/\/dipos.rs\/en\/wp-json\/wp\/v2\/posts"}],"about":[{"href":"https:\/\/dipos.rs\/en\/wp-json\/wp\/v2\/types\/post"}],"author":[{"embeddable":true,"href":"https:\/\/dipos.rs\/en\/wp-json\/wp\/v2\/users\/4"}],"replies":[{"embeddable":true,"href":"https:\/\/dipos.rs\/en\/wp-json\/wp\/v2\/comments?post=56"}],"version-history":[{"count":0,"href":"https:\/\/dipos.rs\/en\/wp-json\/wp\/v2\/posts\/56\/revisions"}],"wp:featuredmedia":[{"embeddable":true,"href":"https:\/\/dipos.rs\/en\/wp-json\/wp\/v2\/media\/6320"}],"wp:attachment":[{"href":"https:\/\/dipos.rs\/en\/wp-json\/wp\/v2\/media?parent=56"}],"wp:term":[{"taxonomy":"category","embeddable":true,"href":"https:\/\/dipos.rs\/en\/wp-json\/wp\/v2\/categories?post=56"},{"taxonomy":"post_tag","embeddable":true,"href":"https:\/\/dipos.rs\/en\/wp-json\/wp\/v2\/tags?post=56"}],"curies":[{"name":"wp","href":"https:\/\/api.w.org\/{rel}","templated":true}]}}