{"id":5736,"date":"2018-09-13T16:56:05","date_gmt":"2018-09-13T14:56:05","guid":{"rendered":"https:\/\/9B7EB181-6260-4BA8-BA0F-085DAB239C89"},"modified":"2019-02-28T11:57:53","modified_gmt":"2019-02-28T10:57:53","slug":"reconstruction-of-the-diplomatska-kolonija-aleksandra-stamboliskog-and-generala-save-grujica-streets-begin","status":"publish","type":"post","link":"https:\/\/dipos.rs\/en\/events\/reconstruction-of-the-diplomatska-kolonija-aleksandra-stamboliskog-and-generala-save-grujica-streets-begin\/","title":{"rendered":"Reconstruction of Diplomatska kolonija, Aleksandra Stamboliskog and Generala Save Gruji\u0107a streets begin"},"content":{"rendered":"<p>[et_pb_section bb_built=&#8217;1&#8242;][et_pb_row background_position=&#8217;top_left&#8217; background_repeat=&#8217;repeat&#8217; background_size=&#8217;initial&#8217;][et_pb_column type=&#8217;4_4&#8242;][et_pb_text _builder_version=&#8217;3.17.1&#8242;]<\/p>\n<p>Property management and rental company &#8220;Dipos&#8221; d.o.o. Belgrade is pleased to inform all users of real estate property in the Diplomatic Colony at Dedinje that, in cooperation with the City of Belgrade and the company for the maintenance and repair of  roads JKP &#8220;Beograd put&#8221;, reconstruction works and replacement of road infrastructure in the Colony will commence.<\/p>\n<p>Namely, on 06 September 2018 the reconstruction of the streets, sidewalks and curbs of the Diplomatic Colony, Aleksandra Stamboliskog, and Generala Save Gruji\u0107 streets, began.<\/p>\n<p>Property management and rental company &#8220;Dipos&#8221; d.o.o. Belgrade is using this opportunity to apologise to all users of the real estate in the Diplomatic Colony and in the named streets, for possible interference in daily activities, as well as the appreciation for understanding and cooperation.<\/p>\n<p>The scheduled deadline for the completion of the reconstruction work is 20 days from the date of commencement.<\/p>\n<p>Property management and rental company &#8220;Dipos&#8221; d.o.o. Belgrade will be pleased to inform all users of the real estate in the Diplomatic Colony when the work is completed.<\/p>\n<p>We use this opportunity to thank the City of Belgrade and the company for the maintenance and rehabilitation of the roads of JKP &#8220;Beograd put&#8221; for the excellent cooperation and carrying out of the reconstruction works that will greatly increase the quality of life and work in the Diplomatic Colony in Dedinje.<\/p>\n<p>[\/et_pb_text][\/et_pb_column][\/et_pb_row][et_pb_row background_position=&#8217;top_left&#8217; background_repeat=&#8217;repeat&#8217; background_size=&#8217;initial&#8217;][et_pb_column type=&#8217;4_4&#8242;][et_pb_text _builder_version=&#8217;3.17.1&#8242;]<\/p>\n<p style=\"text-align: center;\"><span>Beginning of reconstruction, 06.September 2018. <\/span><\/p>\n<p>[\/et_pb_text][\/et_pb_column][\/et_pb_row][et_pb_row background_position=&#8217;top_left&#8217; background_repeat=&#8217;repeat&#8217; background_size=&#8217;initial&#8217;][et_pb_column type=&#8217;1_2&#8242;][et_pb_image _builder_version=&#8217;3.17.1&#8242; src=&#8217;https:\/\/dipos.rs\/wp-content\/uploads\/2018\/12\/vesti90.jpg&#8217; show_in_lightbox=&#8217;on&#8217; \/][\/et_pb_column][et_pb_column type=&#8217;1_2&#8242;][et_pb_image _builder_version=&#8217;3.17.1&#8242; src=&#8217;https:\/\/dipos.rs\/wp-content\/uploads\/2018\/12\/vesti91.jpg&#8217; show_in_lightbox=&#8217;on&#8217; \/][\/et_pb_column][\/et_pb_row][et_pb_row background_position=&#8217;top_left&#8217; background_repeat=&#8217;repeat&#8217; background_size=&#8217;initial&#8217;][et_pb_column type=&#8217;1_2&#8242;][et_pb_image _builder_version=&#8217;3.17.1&#8242; src=&#8217;https:\/\/dipos.rs\/wp-content\/uploads\/2018\/12\/vesti92.jpg&#8217; show_in_lightbox=&#8217;on&#8217; \/][\/et_pb_column][et_pb_column type=&#8217;1_2&#8242;][et_pb_image _builder_version=&#8217;3.17.1&#8242; src=&#8217;https:\/\/dipos.rs\/wp-content\/uploads\/2018\/12\/vesti93.jpg&#8217; show_in_lightbox=&#8217;on&#8217; \/][\/et_pb_column][\/et_pb_row][et_pb_row background_position=&#8217;top_left&#8217; background_repeat=&#8217;repeat&#8217; background_size=&#8217;initial&#8217;][et_pb_column type=&#8217;1_2&#8242;][et_pb_image _builder_version=&#8217;3.17.1&#8242; src=&#8217;https:\/\/dipos.rs\/wp-content\/uploads\/2018\/12\/vesti94.jpg&#8217; show_in_lightbox=&#8217;on&#8217; \/][\/et_pb_column][et_pb_column type=&#8217;1_2&#8242;][et_pb_image _builder_version=&#8217;3.17.1&#8242; src=&#8217;https:\/\/dipos.rs\/wp-content\/uploads\/2018\/12\/vesti95.jpg&#8217; show_in_lightbox=&#8217;on&#8217; \/][\/et_pb_column][\/et_pb_row][\/et_pb_section]<\/p>\n","protected":false},"excerpt":{"rendered":"<p>Property management and rental company &#8220;Dipos&#8221; d.o.o. Belgrade is pleased to inform all users of real estate property in the Diplomatic Colony at Dedinje that, in cooperation with the City of Belgrade and the company for the maintenance and repair of roads JKP &#8220;Beograd put&#8221;, reconstruction works and replacement of road infrastructure in the Colony [&hellip;]<\/p>\n","protected":false},"author":8,"featured_media":4368,"comment_status":"closed","ping_status":"closed","sticky":false,"template":"","format":"standard","meta":{"_et_pb_use_builder":"o","_et_pb_old_content":"","_et_gb_content_width":"","inline_featured_image":false,"footnotes":""},"categories":[9,34],"tags":[],"class_list":["post-5736","post","type-post","status-publish","format-standard","has-post-thumbnail","hentry","category-events","category-news-cat"],"yoast_head":"<!-- This site is optimized with the Yoast SEO Premium plugin v22.2 (Yoast SEO v27.4) - https:\/\/yoast.com\/product\/yoast-seo-premium-wordpress\/ -->\n<title>Radovi na rekonstrukciji Diplomatske kolonije - Dedinje - Dipos<\/title>\n<meta name=\"description\" content=\"Djoko Krivokapic, \u0110oko Krivokapi\u0107, Direktor \u0110oko Krivokapi\u0107, dipos direktor, Djoko Krivokapic, radovi na rekonstrukciji Diplomatske kolonije\" \/>\n<meta name=\"robots\" content=\"index, follow, max-snippet:-1, max-image-preview:large, max-video-preview:-1\" \/>\n<link rel=\"canonical\" href=\"https:\/\/dipos.rs\/en\/events\/reconstruction-of-the-diplomatska-kolonija-aleksandra-stamboliskog-and-generala-save-grujica-streets-begin\/\" \/>\n<meta property=\"og:locale\" content=\"en_US\" \/>\n<meta property=\"og:type\" content=\"article\" \/>\n<meta property=\"og:title\" content=\"Reconstruction of Diplomatska kolonija, Aleksandra Stamboliskog and Generala Save Gruji\u0107a streets begin\" \/>\n<meta property=\"og:description\" content=\"Djoko Krivokapic, \u0110oko Krivokapi\u0107, Direktor \u0110oko Krivokapi\u0107, dipos direktor, Djoko Krivokapic, radovi na rekonstrukciji Diplomatske kolonije\" \/>\n<meta property=\"og:url\" content=\"https:\/\/dipos.rs\/en\/events\/reconstruction-of-the-diplomatska-kolonija-aleksandra-stamboliskog-and-generala-save-grujica-streets-begin\/\" \/>\n<meta property=\"og:site_name\" content=\"Dipos\" \/>\n<meta property=\"article:published_time\" content=\"2018-09-13T14:56:05+00:00\" \/>\n<meta property=\"article:modified_time\" content=\"2019-02-28T10:57:53+00:00\" \/>\n<meta property=\"og:image\" content=\"https:\/\/dipos.rs\/wp-content\/uploads\/2018\/12\/vesti95.jpg\" \/>\n\t<meta property=\"og:image:width\" content=\"720\" \/>\n\t<meta property=\"og:image:height\" content=\"529\" \/>\n\t<meta property=\"og:image:type\" content=\"image\/jpeg\" \/>\n<meta name=\"author\" content=\"obi\" \/>\n<meta name=\"twitter:card\" content=\"summary_large_image\" \/>\n<meta name=\"twitter:label1\" content=\"Written by\" \/>\n\t<meta name=\"twitter:data1\" content=\"obi\" \/>\n\t<meta name=\"twitter:label2\" content=\"Est. reading time\" \/>\n\t<meta name=\"twitter:data2\" content=\"3 minutes\" \/>\n<script type=\"application\/ld+json\" class=\"yoast-schema-graph\">{\"@context\":\"https:\\\/\\\/schema.org\",\"@graph\":[{\"@type\":\"Article\",\"@id\":\"https:\\\/\\\/dipos.rs\\\/en\\\/events\\\/reconstruction-of-the-diplomatska-kolonija-aleksandra-stamboliskog-and-generala-save-grujica-streets-begin\\\/#article\",\"isPartOf\":{\"@id\":\"https:\\\/\\\/dipos.rs\\\/en\\\/events\\\/reconstruction-of-the-diplomatska-kolonija-aleksandra-stamboliskog-and-generala-save-grujica-streets-begin\\\/\"},\"author\":{\"name\":\"obi\",\"@id\":\"https:\\\/\\\/dipos.rs\\\/en\\\/#\\\/schema\\\/person\\\/ef0a1e2cd72fcaa1513d7e0eeb90333e\"},\"headline\":\"Reconstruction of Diplomatska kolonija, Aleksandra Stamboliskog and Generala Save Gruji\u0107a streets begin\",\"datePublished\":\"2018-09-13T14:56:05+00:00\",\"dateModified\":\"2019-02-28T10:57:53+00:00\",\"mainEntityOfPage\":{\"@id\":\"https:\\\/\\\/dipos.rs\\\/en\\\/events\\\/reconstruction-of-the-diplomatska-kolonija-aleksandra-stamboliskog-and-generala-save-grujica-streets-begin\\\/\"},\"wordCount\":541,\"publisher\":{\"@id\":\"https:\\\/\\\/dipos.rs\\\/en\\\/#organization\"},\"image\":{\"@id\":\"https:\\\/\\\/dipos.rs\\\/en\\\/events\\\/reconstruction-of-the-diplomatska-kolonija-aleksandra-stamboliskog-and-generala-save-grujica-streets-begin\\\/#primaryimage\"},\"thumbnailUrl\":\"https:\\\/\\\/dipos.rs\\\/wp-content\\\/uploads\\\/2018\\\/12\\\/vesti95.jpg\",\"articleSection\":[\"Events\",\"News\"],\"inLanguage\":\"en-US\"},{\"@type\":\"WebPage\",\"@id\":\"https:\\\/\\\/dipos.rs\\\/en\\\/events\\\/reconstruction-of-the-diplomatska-kolonija-aleksandra-stamboliskog-and-generala-save-grujica-streets-begin\\\/\",\"url\":\"https:\\\/\\\/dipos.rs\\\/en\\\/events\\\/reconstruction-of-the-diplomatska-kolonija-aleksandra-stamboliskog-and-generala-save-grujica-streets-begin\\\/\",\"name\":\"Radovi na rekonstrukciji Diplomatske kolonije - Dedinje - Dipos\",\"isPartOf\":{\"@id\":\"https:\\\/\\\/dipos.rs\\\/en\\\/#website\"},\"primaryImageOfPage\":{\"@id\":\"https:\\\/\\\/dipos.rs\\\/en\\\/events\\\/reconstruction-of-the-diplomatska-kolonija-aleksandra-stamboliskog-and-generala-save-grujica-streets-begin\\\/#primaryimage\"},\"image\":{\"@id\":\"https:\\\/\\\/dipos.rs\\\/en\\\/events\\\/reconstruction-of-the-diplomatska-kolonija-aleksandra-stamboliskog-and-generala-save-grujica-streets-begin\\\/#primaryimage\"},\"thumbnailUrl\":\"https:\\\/\\\/dipos.rs\\\/wp-content\\\/uploads\\\/2018\\\/12\\\/vesti95.jpg\",\"datePublished\":\"2018-09-13T14:56:05+00:00\",\"dateModified\":\"2019-02-28T10:57:53+00:00\",\"description\":\"Djoko Krivokapic, \u0110oko Krivokapi\u0107, Direktor \u0110oko Krivokapi\u0107, dipos direktor, Djoko Krivokapic, radovi na rekonstrukciji Diplomatske kolonije\",\"breadcrumb\":{\"@id\":\"https:\\\/\\\/dipos.rs\\\/en\\\/events\\\/reconstruction-of-the-diplomatska-kolonija-aleksandra-stamboliskog-and-generala-save-grujica-streets-begin\\\/#breadcrumb\"},\"inLanguage\":\"en-US\",\"potentialAction\":[{\"@type\":\"ReadAction\",\"target\":[\"https:\\\/\\\/dipos.rs\\\/en\\\/events\\\/reconstruction-of-the-diplomatska-kolonija-aleksandra-stamboliskog-and-generala-save-grujica-streets-begin\\\/\"]}]},{\"@type\":\"ImageObject\",\"inLanguage\":\"en-US\",\"@id\":\"https:\\\/\\\/dipos.rs\\\/en\\\/events\\\/reconstruction-of-the-diplomatska-kolonija-aleksandra-stamboliskog-and-generala-save-grujica-streets-begin\\\/#primaryimage\",\"url\":\"https:\\\/\\\/dipos.rs\\\/wp-content\\\/uploads\\\/2018\\\/12\\\/vesti95.jpg\",\"contentUrl\":\"https:\\\/\\\/dipos.rs\\\/wp-content\\\/uploads\\\/2018\\\/12\\\/vesti95.jpg\",\"width\":720,\"height\":529},{\"@type\":\"BreadcrumbList\",\"@id\":\"https:\\\/\\\/dipos.rs\\\/en\\\/events\\\/reconstruction-of-the-diplomatska-kolonija-aleksandra-stamboliskog-and-generala-save-grujica-streets-begin\\\/#breadcrumb\",\"itemListElement\":[{\"@type\":\"ListItem\",\"position\":1,\"name\":\"Home\",\"item\":\"https:\\\/\\\/dipos.rs\\\/en\\\/\"},{\"@type\":\"ListItem\",\"position\":2,\"name\":\"Reconstruction of Diplomatska kolonija, Aleksandra Stamboliskog and Generala Save Gruji\u0107a streets begin\"}]},{\"@type\":\"WebSite\",\"@id\":\"https:\\\/\\\/dipos.rs\\\/en\\\/#website\",\"url\":\"https:\\\/\\\/dipos.rs\\\/en\\\/\",\"name\":\"\u0414\u0438\u043f\u043e\u0441\",\"description\":\"Privredno dru\u0161tvo koje se bavi upravljanjem, izdavanjem i odr\u017eavanjem nekretnina u vlasni\u0161tvu Republike Srbije\",\"publisher\":{\"@id\":\"https:\\\/\\\/dipos.rs\\\/en\\\/#organization\"},\"potentialAction\":[{\"@type\":\"SearchAction\",\"target\":{\"@type\":\"EntryPoint\",\"urlTemplate\":\"https:\\\/\\\/dipos.rs\\\/en\\\/?s={search_term_string}\"},\"query-input\":{\"@type\":\"PropertyValueSpecification\",\"valueRequired\":true,\"valueName\":\"search_term_string\"}}],\"inLanguage\":\"en-US\"},{\"@type\":\"Organization\",\"@id\":\"https:\\\/\\\/dipos.rs\\\/en\\\/#organization\",\"name\":\"\u0414\u0438\u043f\u043e\u0441\",\"url\":\"https:\\\/\\\/dipos.rs\\\/en\\\/\",\"logo\":{\"@type\":\"ImageObject\",\"inLanguage\":\"en-US\",\"@id\":\"https:\\\/\\\/dipos.rs\\\/en\\\/#\\\/schema\\\/logo\\\/image\\\/\",\"url\":\"https:\\\/\\\/dipos.rs\\\/wp-content\\\/uploads\\\/2022\\\/04\\\/logo-plavi.png\",\"contentUrl\":\"https:\\\/\\\/dipos.rs\\\/wp-content\\\/uploads\\\/2022\\\/04\\\/logo-plavi.png\",\"width\":380,\"height\":280,\"caption\":\"\u0414\u0438\u043f\u043e\u0441\"},\"image\":{\"@id\":\"https:\\\/\\\/dipos.rs\\\/en\\\/#\\\/schema\\\/logo\\\/image\\\/\"}},{\"@type\":\"Person\",\"@id\":\"https:\\\/\\\/dipos.rs\\\/en\\\/#\\\/schema\\\/person\\\/ef0a1e2cd72fcaa1513d7e0eeb90333e\",\"name\":\"obi\",\"image\":{\"@type\":\"ImageObject\",\"inLanguage\":\"en-US\",\"@id\":\"https:\\\/\\\/secure.gravatar.com\\\/avatar\\\/0a3d20358857d983bcc69368f56bd816e1ba6a2f8ff92d7d7490507d3b5cbed6?s=96&d=mm&r=g\",\"url\":\"https:\\\/\\\/secure.gravatar.com\\\/avatar\\\/0a3d20358857d983bcc69368f56bd816e1ba6a2f8ff92d7d7490507d3b5cbed6?s=96&d=mm&r=g\",\"contentUrl\":\"https:\\\/\\\/secure.gravatar.com\\\/avatar\\\/0a3d20358857d983bcc69368f56bd816e1ba6a2f8ff92d7d7490507d3b5cbed6?s=96&d=mm&r=g\",\"caption\":\"obi\"},\"url\":\"https:\\\/\\\/dipos.rs\\\/en\\\/author\\\/obi\\\/\"}]}<\/script>\n<!-- \/ Yoast SEO Premium plugin. -->","yoast_head_json":{"title":"Radovi na rekonstrukciji Diplomatske kolonije - Dedinje - Dipos","description":"Djoko Krivokapic, \u0110oko Krivokapi\u0107, Direktor \u0110oko Krivokapi\u0107, dipos direktor, Djoko Krivokapic, radovi na rekonstrukciji Diplomatske kolonije","robots":{"index":"index","follow":"follow","max-snippet":"max-snippet:-1","max-image-preview":"max-image-preview:large","max-video-preview":"max-video-preview:-1"},"canonical":"https:\/\/dipos.rs\/en\/events\/reconstruction-of-the-diplomatska-kolonija-aleksandra-stamboliskog-and-generala-save-grujica-streets-begin\/","og_locale":"en_US","og_type":"article","og_title":"Reconstruction of Diplomatska kolonija, Aleksandra Stamboliskog and Generala Save Gruji\u0107a streets begin","og_description":"Djoko Krivokapic, \u0110oko Krivokapi\u0107, Direktor \u0110oko Krivokapi\u0107, dipos direktor, Djoko Krivokapic, radovi na rekonstrukciji Diplomatske kolonije","og_url":"https:\/\/dipos.rs\/en\/events\/reconstruction-of-the-diplomatska-kolonija-aleksandra-stamboliskog-and-generala-save-grujica-streets-begin\/","og_site_name":"Dipos","article_published_time":"2018-09-13T14:56:05+00:00","article_modified_time":"2019-02-28T10:57:53+00:00","og_image":[{"width":720,"height":529,"url":"https:\/\/dipos.rs\/wp-content\/uploads\/2018\/12\/vesti95.jpg","type":"image\/jpeg"}],"author":"obi","twitter_card":"summary_large_image","twitter_misc":{"Written by":"obi","Est. reading time":"3 minutes"},"schema":{"@context":"https:\/\/schema.org","@graph":[{"@type":"Article","@id":"https:\/\/dipos.rs\/en\/events\/reconstruction-of-the-diplomatska-kolonija-aleksandra-stamboliskog-and-generala-save-grujica-streets-begin\/#article","isPartOf":{"@id":"https:\/\/dipos.rs\/en\/events\/reconstruction-of-the-diplomatska-kolonija-aleksandra-stamboliskog-and-generala-save-grujica-streets-begin\/"},"author":{"name":"obi","@id":"https:\/\/dipos.rs\/en\/#\/schema\/person\/ef0a1e2cd72fcaa1513d7e0eeb90333e"},"headline":"Reconstruction of Diplomatska kolonija, Aleksandra Stamboliskog and Generala Save Gruji\u0107a streets begin","datePublished":"2018-09-13T14:56:05+00:00","dateModified":"2019-02-28T10:57:53+00:00","mainEntityOfPage":{"@id":"https:\/\/dipos.rs\/en\/events\/reconstruction-of-the-diplomatska-kolonija-aleksandra-stamboliskog-and-generala-save-grujica-streets-begin\/"},"wordCount":541,"publisher":{"@id":"https:\/\/dipos.rs\/en\/#organization"},"image":{"@id":"https:\/\/dipos.rs\/en\/events\/reconstruction-of-the-diplomatska-kolonija-aleksandra-stamboliskog-and-generala-save-grujica-streets-begin\/#primaryimage"},"thumbnailUrl":"https:\/\/dipos.rs\/wp-content\/uploads\/2018\/12\/vesti95.jpg","articleSection":["Events","News"],"inLanguage":"en-US"},{"@type":"WebPage","@id":"https:\/\/dipos.rs\/en\/events\/reconstruction-of-the-diplomatska-kolonija-aleksandra-stamboliskog-and-generala-save-grujica-streets-begin\/","url":"https:\/\/dipos.rs\/en\/events\/reconstruction-of-the-diplomatska-kolonija-aleksandra-stamboliskog-and-generala-save-grujica-streets-begin\/","name":"Radovi na rekonstrukciji Diplomatske kolonije - Dedinje - Dipos","isPartOf":{"@id":"https:\/\/dipos.rs\/en\/#website"},"primaryImageOfPage":{"@id":"https:\/\/dipos.rs\/en\/events\/reconstruction-of-the-diplomatska-kolonija-aleksandra-stamboliskog-and-generala-save-grujica-streets-begin\/#primaryimage"},"image":{"@id":"https:\/\/dipos.rs\/en\/events\/reconstruction-of-the-diplomatska-kolonija-aleksandra-stamboliskog-and-generala-save-grujica-streets-begin\/#primaryimage"},"thumbnailUrl":"https:\/\/dipos.rs\/wp-content\/uploads\/2018\/12\/vesti95.jpg","datePublished":"2018-09-13T14:56:05+00:00","dateModified":"2019-02-28T10:57:53+00:00","description":"Djoko Krivokapic, \u0110oko Krivokapi\u0107, Direktor \u0110oko Krivokapi\u0107, dipos direktor, Djoko Krivokapic, radovi na rekonstrukciji Diplomatske kolonije","breadcrumb":{"@id":"https:\/\/dipos.rs\/en\/events\/reconstruction-of-the-diplomatska-kolonija-aleksandra-stamboliskog-and-generala-save-grujica-streets-begin\/#breadcrumb"},"inLanguage":"en-US","potentialAction":[{"@type":"ReadAction","target":["https:\/\/dipos.rs\/en\/events\/reconstruction-of-the-diplomatska-kolonija-aleksandra-stamboliskog-and-generala-save-grujica-streets-begin\/"]}]},{"@type":"ImageObject","inLanguage":"en-US","@id":"https:\/\/dipos.rs\/en\/events\/reconstruction-of-the-diplomatska-kolonija-aleksandra-stamboliskog-and-generala-save-grujica-streets-begin\/#primaryimage","url":"https:\/\/dipos.rs\/wp-content\/uploads\/2018\/12\/vesti95.jpg","contentUrl":"https:\/\/dipos.rs\/wp-content\/uploads\/2018\/12\/vesti95.jpg","width":720,"height":529},{"@type":"BreadcrumbList","@id":"https:\/\/dipos.rs\/en\/events\/reconstruction-of-the-diplomatska-kolonija-aleksandra-stamboliskog-and-generala-save-grujica-streets-begin\/#breadcrumb","itemListElement":[{"@type":"ListItem","position":1,"name":"Home","item":"https:\/\/dipos.rs\/en\/"},{"@type":"ListItem","position":2,"name":"Reconstruction of Diplomatska kolonija, Aleksandra Stamboliskog and Generala Save Gruji\u0107a streets begin"}]},{"@type":"WebSite","@id":"https:\/\/dipos.rs\/en\/#website","url":"https:\/\/dipos.rs\/en\/","name":"\u0414\u0438\u043f\u043e\u0441","description":"Privredno dru\u0161tvo koje se bavi upravljanjem, izdavanjem i odr\u017eavanjem nekretnina u vlasni\u0161tvu Republike Srbije","publisher":{"@id":"https:\/\/dipos.rs\/en\/#organization"},"potentialAction":[{"@type":"SearchAction","target":{"@type":"EntryPoint","urlTemplate":"https:\/\/dipos.rs\/en\/?s={search_term_string}"},"query-input":{"@type":"PropertyValueSpecification","valueRequired":true,"valueName":"search_term_string"}}],"inLanguage":"en-US"},{"@type":"Organization","@id":"https:\/\/dipos.rs\/en\/#organization","name":"\u0414\u0438\u043f\u043e\u0441","url":"https:\/\/dipos.rs\/en\/","logo":{"@type":"ImageObject","inLanguage":"en-US","@id":"https:\/\/dipos.rs\/en\/#\/schema\/logo\/image\/","url":"https:\/\/dipos.rs\/wp-content\/uploads\/2022\/04\/logo-plavi.png","contentUrl":"https:\/\/dipos.rs\/wp-content\/uploads\/2022\/04\/logo-plavi.png","width":380,"height":280,"caption":"\u0414\u0438\u043f\u043e\u0441"},"image":{"@id":"https:\/\/dipos.rs\/en\/#\/schema\/logo\/image\/"}},{"@type":"Person","@id":"https:\/\/dipos.rs\/en\/#\/schema\/person\/ef0a1e2cd72fcaa1513d7e0eeb90333e","name":"obi","image":{"@type":"ImageObject","inLanguage":"en-US","@id":"https:\/\/secure.gravatar.com\/avatar\/0a3d20358857d983bcc69368f56bd816e1ba6a2f8ff92d7d7490507d3b5cbed6?s=96&d=mm&r=g","url":"https:\/\/secure.gravatar.com\/avatar\/0a3d20358857d983bcc69368f56bd816e1ba6a2f8ff92d7d7490507d3b5cbed6?s=96&d=mm&r=g","contentUrl":"https:\/\/secure.gravatar.com\/avatar\/0a3d20358857d983bcc69368f56bd816e1ba6a2f8ff92d7d7490507d3b5cbed6?s=96&d=mm&r=g","caption":"obi"},"url":"https:\/\/dipos.rs\/en\/author\/obi\/"}]}},"_links":{"self":[{"href":"https:\/\/dipos.rs\/en\/wp-json\/wp\/v2\/posts\/5736","targetHints":{"allow":["GET"]}}],"collection":[{"href":"https:\/\/dipos.rs\/en\/wp-json\/wp\/v2\/posts"}],"about":[{"href":"https:\/\/dipos.rs\/en\/wp-json\/wp\/v2\/types\/post"}],"author":[{"embeddable":true,"href":"https:\/\/dipos.rs\/en\/wp-json\/wp\/v2\/users\/8"}],"replies":[{"embeddable":true,"href":"https:\/\/dipos.rs\/en\/wp-json\/wp\/v2\/comments?post=5736"}],"version-history":[{"count":0,"href":"https:\/\/dipos.rs\/en\/wp-json\/wp\/v2\/posts\/5736\/revisions"}],"wp:featuredmedia":[{"embeddable":true,"href":"https:\/\/dipos.rs\/en\/wp-json\/wp\/v2\/media\/4368"}],"wp:attachment":[{"href":"https:\/\/dipos.rs\/en\/wp-json\/wp\/v2\/media?parent=5736"}],"wp:term":[{"taxonomy":"category","embeddable":true,"href":"https:\/\/dipos.rs\/en\/wp-json\/wp\/v2\/categories?post=5736"},{"taxonomy":"post_tag","embeddable":true,"href":"https:\/\/dipos.rs\/en\/wp-json\/wp\/v2\/tags?post=5736"}],"curies":[{"name":"wp","href":"https:\/\/api.w.org\/{rel}","templated":true}]}}