{"id":6257,"date":"2018-05-03T17:27:57","date_gmt":"2018-05-03T15:27:57","guid":{"rendered":"https:\/\/44A2DC91-42A4-4EBC-A7E3-C9BBE634B64A"},"modified":"2019-02-28T12:22:47","modified_gmt":"2019-02-28T11:22:47","slug":"consular-corps-of-serbia","status":"publish","type":"post","link":"https:\/\/dipos.rs\/en\/events\/consular-corps-of-serbia\/","title":{"rendered":"Consular Corps of Serbia"},"content":{"rendered":"<p>[et_pb_section bb_built=&#8217;1&#8242;][et_pb_row background_position=&#8217;top_left&#8217; background_repeat=&#8217;repeat&#8217; background_size=&#8217;initial&#8217;][et_pb_column type=&#8217;4_4&#8242;][et_pb_text _builder_version=&#8217;3.17.1&#8242;]<\/p>\n<p>On April 26, 2018 the Consular Corps of Serbia held its third annual gathering in Belgrade, at the Metropol Palace Hotel in Belgrade, attended by 25-30 representatives of foreign diplomatic missions and consular missions in the Republic of Serbia.<\/p>\n<p>&#8220;Consular Corps of Serbia&#8221; is an association of accredited consular and diplomatic officers in the Republic of Serbia, established in 2013 whose area of work are topics in the domain of consular, administrative and legal affairs.<\/p>\n<p>A the guest of honor, the General Manager of the Property management and rental company &#8220;Dipos&#8221; d.o.o. Belgrade, Mr. Djoko Krivokapi\u0107, attended this event organized by the &#8220;Consular Corps of Serbia&#8221;.<\/p>\n<p>[\/et_pb_text][\/et_pb_column][\/et_pb_row][et_pb_row background_position=&#8217;top_left&#8217; background_repeat=&#8217;repeat&#8217; background_size=&#8217;initial&#8217;][et_pb_column type=&#8217;1_2&#8242;][et_pb_image _builder_version=&#8217;3.17.1&#8242; src=&#8217;https:\/\/dipos.rs\/wp-content\/uploads\/2018\/12\/vesti118.jpg&#8217; show_in_lightbox=&#8217;on&#8217; \/][\/et_pb_column][et_pb_column type=&#8217;1_2&#8242;][et_pb_image _builder_version=&#8217;3.17.1&#8242; src=&#8217;https:\/\/dipos.rs\/wp-content\/uploads\/2018\/12\/vesti119.jpg&#8217; show_in_lightbox=&#8217;on&#8217; \/][\/et_pb_column][\/et_pb_row][et_pb_row background_position=&#8217;top_left&#8217; background_repeat=&#8217;repeat&#8217; background_size=&#8217;initial&#8217;][et_pb_column type=&#8217;1_2&#8242;][et_pb_image _builder_version=&#8217;3.17.1&#8242; src=&#8217;https:\/\/dipos.rs\/wp-content\/uploads\/2018\/12\/vesti120.jpg&#8217; show_in_lightbox=&#8217;on&#8217; \/][\/et_pb_column][et_pb_column type=&#8217;1_2&#8242;][et_pb_image _builder_version=&#8217;3.17.1&#8242; src=&#8217;https:\/\/dipos.rs\/wp-content\/uploads\/2018\/12\/vesti121.jpg&#8217; show_in_lightbox=&#8217;on&#8217; \/][\/et_pb_column][\/et_pb_row][et_pb_row background_position=&#8217;top_left&#8217; background_repeat=&#8217;repeat&#8217; background_size=&#8217;initial&#8217;][et_pb_column type=&#8217;4_4&#8242;][et_pb_text _builder_version=&#8217;3.17.1&#8242;]<\/p>\n<p><span>On behalf of the \u201cConsular Corps of Serbia\u201d, Mr. Hans-Joachim Friess, the Secretary of the Embassy of the Federal Republic of Germany in Belgrade, ivited Mr. Krivokapic as an honorary guest.<\/span><\/p>\n<p><span>The gathering started with a toast in honor to the President of the Republic of Serbia, Mr. Aleksandar Vucic, as well as in honor to the President of the states of all present members of the Association.<\/span><\/p>\n<p>In honor of holding this event, the company \u201cDipos\u201d d.o.o. Belgrade, prepared for all members of the \u201cConsular Corps of Serbia\u201d, information material for a more detailed introduction to the history, work and functioning of the company \u201cDipos\u201d d.o.o. Belgrade, as well as the awarded winning projects for the competition of the conceptual solution for the construction of the Diplomatic Club in Belgrade.<\/p>\n<p>After the official lunch, Mr. Hans-Joachim Friess held the closing speech of the gathering, thanking all of present members and Mr. Krivokapi\u0107 for accepting the invitation for this gathering and took this opportunity to present to Mr. Krivokapi\u0107 an appropriate gift on behalf of the Association.<\/p>\n<p>[\/et_pb_text][\/et_pb_column][\/et_pb_row][et_pb_row background_position=&#8217;top_left&#8217; background_repeat=&#8217;repeat&#8217; background_size=&#8217;initial&#8217;][et_pb_column type=&#8217;1_2&#8242;][et_pb_image _builder_version=&#8217;3.17.1&#8242; src=&#8217;https:\/\/dipos.rs\/wp-content\/uploads\/2018\/12\/vesti122.jpg&#8217; show_in_lightbox=&#8217;on&#8217; \/][\/et_pb_column][et_pb_column type=&#8217;1_2&#8242;][et_pb_image _builder_version=&#8217;3.17.1&#8242; src=&#8217;https:\/\/dipos.rs\/wp-content\/uploads\/2018\/12\/vesti123.jpg&#8217; show_in_lightbox=&#8217;on&#8217; \/][\/et_pb_column][\/et_pb_row][et_pb_row background_position=&#8217;top_left&#8217; background_repeat=&#8217;repeat&#8217; background_size=&#8217;initial&#8217;][et_pb_column type=&#8217;1_2&#8242;][et_pb_image _builder_version=&#8217;3.17.1&#8242; src=&#8217;https:\/\/dipos.rs\/wp-content\/uploads\/2018\/12\/vesti124.jpg&#8217; show_in_lightbox=&#8217;on&#8217; \/][\/et_pb_column][et_pb_column type=&#8217;1_2&#8242;][et_pb_image _builder_version=&#8217;3.17.1&#8242; src=&#8217;https:\/\/dipos.rs\/wp-content\/uploads\/2018\/12\/vesti125.jpg&#8217; show_in_lightbox=&#8217;on&#8217; \/][\/et_pb_column][\/et_pb_row][et_pb_row background_position=&#8217;top_left&#8217; background_repeat=&#8217;repeat&#8217; background_size=&#8217;initial&#8217;][et_pb_column type=&#8217;1_2&#8242;][et_pb_image _builder_version=&#8217;3.17.1&#8242; src=&#8217;https:\/\/dipos.rs\/wp-content\/uploads\/2018\/12\/vesti126.jpg&#8217; show_in_lightbox=&#8217;on&#8217; \/][\/et_pb_column][et_pb_column type=&#8217;1_2&#8242;][et_pb_image _builder_version=&#8217;3.17.1&#8242; src=&#8217;https:\/\/dipos.rs\/wp-content\/uploads\/2018\/12\/vesti127.jpg&#8217; show_in_lightbox=&#8217;on&#8217; \/][\/et_pb_column][\/et_pb_row][\/et_pb_section]<\/p>\n","protected":false},"excerpt":{"rendered":"<p>On April 26, 2018 the Consular Corps of Serbia held its third annual gathering in Belgrade, at the Metropol Palace Hotel in Belgrade, attended by 25-30 representatives of foreign diplomatic missions and consular missions in the Republic of Serbia. &#8220;Consular Corps of Serbia&#8221; is an association of accredited consular and diplomatic officers in the Republic [&hellip;]<\/p>\n","protected":false},"author":8,"featured_media":384,"comment_status":"closed","ping_status":"closed","sticky":false,"template":"","format":"standard","meta":{"_et_pb_use_builder":"o","_et_pb_old_content":"","_et_gb_content_width":"","inline_featured_image":false,"footnotes":""},"categories":[9,34],"tags":[],"class_list":["post-6257","post","type-post","status-publish","format-standard","has-post-thumbnail","hentry","category-events","category-news-cat"],"yoast_head":"<!-- This site is optimized with the Yoast SEO Premium plugin v22.2 (Yoast SEO v27.4) - https:\/\/yoast.com\/product\/yoast-seo-premium-wordpress\/ -->\n<title>Dipos Consular Corps of Serbia - Dipos d.o.o. Beograd<\/title>\n<meta name=\"description\" content=\"Direktor \u0110oko Krivokapi\u0107, \u0110oko Krivokapi\u0107, dipos direktor, Djoko Krivokapic, CONSULAR CORPS OF SERBIA i Privredno drustvo Dipos\" \/>\n<meta name=\"robots\" content=\"index, follow, max-snippet:-1, max-image-preview:large, max-video-preview:-1\" \/>\n<link rel=\"canonical\" href=\"https:\/\/dipos.rs\/en\/events\/consular-corps-of-serbia\/\" \/>\n<meta property=\"og:locale\" content=\"en_US\" \/>\n<meta property=\"og:type\" content=\"article\" \/>\n<meta property=\"og:title\" content=\"Consular Corps of Serbia\" \/>\n<meta property=\"og:description\" content=\"Direktor \u0110oko Krivokapi\u0107, \u0110oko Krivokapi\u0107, dipos direktor, Djoko Krivokapic, CONSULAR CORPS OF SERBIA i Privredno drustvo Dipos\" \/>\n<meta property=\"og:url\" content=\"https:\/\/dipos.rs\/en\/events\/consular-corps-of-serbia\/\" \/>\n<meta property=\"og:site_name\" content=\"Dipos\" \/>\n<meta property=\"article:published_time\" content=\"2018-05-03T15:27:57+00:00\" \/>\n<meta property=\"article:modified_time\" content=\"2019-02-28T11:22:47+00:00\" \/>\n<meta property=\"og:image\" content=\"https:\/\/dipos.rs\/wp-content\/uploads\/2018\/12\/vesti118.jpg\" \/>\n\t<meta property=\"og:image:width\" content=\"720\" \/>\n\t<meta property=\"og:image:height\" content=\"540\" \/>\n\t<meta property=\"og:image:type\" content=\"image\/jpeg\" \/>\n<meta name=\"author\" content=\"obi\" \/>\n<meta name=\"twitter:card\" content=\"summary_large_image\" \/>\n<meta name=\"twitter:label1\" content=\"Written by\" \/>\n\t<meta name=\"twitter:data1\" content=\"obi\" \/>\n\t<meta name=\"twitter:label2\" content=\"Est. reading time\" \/>\n\t<meta name=\"twitter:data2\" content=\"4 minutes\" \/>\n<script type=\"application\/ld+json\" class=\"yoast-schema-graph\">{\"@context\":\"https:\\\/\\\/schema.org\",\"@graph\":[{\"@type\":\"Article\",\"@id\":\"https:\\\/\\\/dipos.rs\\\/en\\\/events\\\/consular-corps-of-serbia\\\/#article\",\"isPartOf\":{\"@id\":\"https:\\\/\\\/dipos.rs\\\/en\\\/events\\\/consular-corps-of-serbia\\\/\"},\"author\":{\"name\":\"obi\",\"@id\":\"https:\\\/\\\/dipos.rs\\\/en\\\/#\\\/schema\\\/person\\\/ef0a1e2cd72fcaa1513d7e0eeb90333e\"},\"headline\":\"Consular Corps of Serbia\",\"datePublished\":\"2018-05-03T15:27:57+00:00\",\"dateModified\":\"2019-02-28T11:22:47+00:00\",\"mainEntityOfPage\":{\"@id\":\"https:\\\/\\\/dipos.rs\\\/en\\\/events\\\/consular-corps-of-serbia\\\/\"},\"wordCount\":730,\"publisher\":{\"@id\":\"https:\\\/\\\/dipos.rs\\\/en\\\/#organization\"},\"image\":{\"@id\":\"https:\\\/\\\/dipos.rs\\\/en\\\/events\\\/consular-corps-of-serbia\\\/#primaryimage\"},\"thumbnailUrl\":\"https:\\\/\\\/dipos.rs\\\/wp-content\\\/uploads\\\/2018\\\/12\\\/vesti118.jpg\",\"articleSection\":[\"Events\",\"News\"],\"inLanguage\":\"en-US\"},{\"@type\":\"WebPage\",\"@id\":\"https:\\\/\\\/dipos.rs\\\/en\\\/events\\\/consular-corps-of-serbia\\\/\",\"url\":\"https:\\\/\\\/dipos.rs\\\/en\\\/events\\\/consular-corps-of-serbia\\\/\",\"name\":\"Dipos Consular Corps of Serbia - Dipos d.o.o. Beograd\",\"isPartOf\":{\"@id\":\"https:\\\/\\\/dipos.rs\\\/en\\\/#website\"},\"primaryImageOfPage\":{\"@id\":\"https:\\\/\\\/dipos.rs\\\/en\\\/events\\\/consular-corps-of-serbia\\\/#primaryimage\"},\"image\":{\"@id\":\"https:\\\/\\\/dipos.rs\\\/en\\\/events\\\/consular-corps-of-serbia\\\/#primaryimage\"},\"thumbnailUrl\":\"https:\\\/\\\/dipos.rs\\\/wp-content\\\/uploads\\\/2018\\\/12\\\/vesti118.jpg\",\"datePublished\":\"2018-05-03T15:27:57+00:00\",\"dateModified\":\"2019-02-28T11:22:47+00:00\",\"description\":\"Direktor \u0110oko Krivokapi\u0107, \u0110oko Krivokapi\u0107, dipos direktor, Djoko Krivokapic, CONSULAR CORPS OF SERBIA i Privredno drustvo Dipos\",\"breadcrumb\":{\"@id\":\"https:\\\/\\\/dipos.rs\\\/en\\\/events\\\/consular-corps-of-serbia\\\/#breadcrumb\"},\"inLanguage\":\"en-US\",\"potentialAction\":[{\"@type\":\"ReadAction\",\"target\":[\"https:\\\/\\\/dipos.rs\\\/en\\\/events\\\/consular-corps-of-serbia\\\/\"]}]},{\"@type\":\"ImageObject\",\"inLanguage\":\"en-US\",\"@id\":\"https:\\\/\\\/dipos.rs\\\/en\\\/events\\\/consular-corps-of-serbia\\\/#primaryimage\",\"url\":\"https:\\\/\\\/dipos.rs\\\/wp-content\\\/uploads\\\/2018\\\/12\\\/vesti118.jpg\",\"contentUrl\":\"https:\\\/\\\/dipos.rs\\\/wp-content\\\/uploads\\\/2018\\\/12\\\/vesti118.jpg\",\"width\":720,\"height\":540},{\"@type\":\"BreadcrumbList\",\"@id\":\"https:\\\/\\\/dipos.rs\\\/en\\\/events\\\/consular-corps-of-serbia\\\/#breadcrumb\",\"itemListElement\":[{\"@type\":\"ListItem\",\"position\":1,\"name\":\"Home\",\"item\":\"https:\\\/\\\/dipos.rs\\\/en\\\/\"},{\"@type\":\"ListItem\",\"position\":2,\"name\":\"Consular Corps of Serbia\"}]},{\"@type\":\"WebSite\",\"@id\":\"https:\\\/\\\/dipos.rs\\\/en\\\/#website\",\"url\":\"https:\\\/\\\/dipos.rs\\\/en\\\/\",\"name\":\"\u0414\u0438\u043f\u043e\u0441\",\"description\":\"Privredno dru\u0161tvo koje se bavi upravljanjem, izdavanjem i odr\u017eavanjem nekretnina u vlasni\u0161tvu Republike Srbije\",\"publisher\":{\"@id\":\"https:\\\/\\\/dipos.rs\\\/en\\\/#organization\"},\"potentialAction\":[{\"@type\":\"SearchAction\",\"target\":{\"@type\":\"EntryPoint\",\"urlTemplate\":\"https:\\\/\\\/dipos.rs\\\/en\\\/?s={search_term_string}\"},\"query-input\":{\"@type\":\"PropertyValueSpecification\",\"valueRequired\":true,\"valueName\":\"search_term_string\"}}],\"inLanguage\":\"en-US\"},{\"@type\":\"Organization\",\"@id\":\"https:\\\/\\\/dipos.rs\\\/en\\\/#organization\",\"name\":\"\u0414\u0438\u043f\u043e\u0441\",\"url\":\"https:\\\/\\\/dipos.rs\\\/en\\\/\",\"logo\":{\"@type\":\"ImageObject\",\"inLanguage\":\"en-US\",\"@id\":\"https:\\\/\\\/dipos.rs\\\/en\\\/#\\\/schema\\\/logo\\\/image\\\/\",\"url\":\"https:\\\/\\\/dipos.rs\\\/wp-content\\\/uploads\\\/2022\\\/04\\\/logo-plavi.png\",\"contentUrl\":\"https:\\\/\\\/dipos.rs\\\/wp-content\\\/uploads\\\/2022\\\/04\\\/logo-plavi.png\",\"width\":380,\"height\":280,\"caption\":\"\u0414\u0438\u043f\u043e\u0441\"},\"image\":{\"@id\":\"https:\\\/\\\/dipos.rs\\\/en\\\/#\\\/schema\\\/logo\\\/image\\\/\"}},{\"@type\":\"Person\",\"@id\":\"https:\\\/\\\/dipos.rs\\\/en\\\/#\\\/schema\\\/person\\\/ef0a1e2cd72fcaa1513d7e0eeb90333e\",\"name\":\"obi\",\"image\":{\"@type\":\"ImageObject\",\"inLanguage\":\"en-US\",\"@id\":\"https:\\\/\\\/secure.gravatar.com\\\/avatar\\\/0a3d20358857d983bcc69368f56bd816e1ba6a2f8ff92d7d7490507d3b5cbed6?s=96&d=mm&r=g\",\"url\":\"https:\\\/\\\/secure.gravatar.com\\\/avatar\\\/0a3d20358857d983bcc69368f56bd816e1ba6a2f8ff92d7d7490507d3b5cbed6?s=96&d=mm&r=g\",\"contentUrl\":\"https:\\\/\\\/secure.gravatar.com\\\/avatar\\\/0a3d20358857d983bcc69368f56bd816e1ba6a2f8ff92d7d7490507d3b5cbed6?s=96&d=mm&r=g\",\"caption\":\"obi\"},\"url\":\"https:\\\/\\\/dipos.rs\\\/en\\\/author\\\/obi\\\/\"}]}<\/script>\n<!-- \/ Yoast SEO Premium plugin. -->","yoast_head_json":{"title":"Dipos Consular Corps of Serbia - Dipos d.o.o. Beograd","description":"Direktor \u0110oko Krivokapi\u0107, \u0110oko Krivokapi\u0107, dipos direktor, Djoko Krivokapic, CONSULAR CORPS OF SERBIA i Privredno drustvo Dipos","robots":{"index":"index","follow":"follow","max-snippet":"max-snippet:-1","max-image-preview":"max-image-preview:large","max-video-preview":"max-video-preview:-1"},"canonical":"https:\/\/dipos.rs\/en\/events\/consular-corps-of-serbia\/","og_locale":"en_US","og_type":"article","og_title":"Consular Corps of Serbia","og_description":"Direktor \u0110oko Krivokapi\u0107, \u0110oko Krivokapi\u0107, dipos direktor, Djoko Krivokapic, CONSULAR CORPS OF SERBIA i Privredno drustvo Dipos","og_url":"https:\/\/dipos.rs\/en\/events\/consular-corps-of-serbia\/","og_site_name":"Dipos","article_published_time":"2018-05-03T15:27:57+00:00","article_modified_time":"2019-02-28T11:22:47+00:00","og_image":[{"width":720,"height":540,"url":"https:\/\/dipos.rs\/wp-content\/uploads\/2018\/12\/vesti118.jpg","type":"image\/jpeg"}],"author":"obi","twitter_card":"summary_large_image","twitter_misc":{"Written by":"obi","Est. reading time":"4 minutes"},"schema":{"@context":"https:\/\/schema.org","@graph":[{"@type":"Article","@id":"https:\/\/dipos.rs\/en\/events\/consular-corps-of-serbia\/#article","isPartOf":{"@id":"https:\/\/dipos.rs\/en\/events\/consular-corps-of-serbia\/"},"author":{"name":"obi","@id":"https:\/\/dipos.rs\/en\/#\/schema\/person\/ef0a1e2cd72fcaa1513d7e0eeb90333e"},"headline":"Consular Corps of Serbia","datePublished":"2018-05-03T15:27:57+00:00","dateModified":"2019-02-28T11:22:47+00:00","mainEntityOfPage":{"@id":"https:\/\/dipos.rs\/en\/events\/consular-corps-of-serbia\/"},"wordCount":730,"publisher":{"@id":"https:\/\/dipos.rs\/en\/#organization"},"image":{"@id":"https:\/\/dipos.rs\/en\/events\/consular-corps-of-serbia\/#primaryimage"},"thumbnailUrl":"https:\/\/dipos.rs\/wp-content\/uploads\/2018\/12\/vesti118.jpg","articleSection":["Events","News"],"inLanguage":"en-US"},{"@type":"WebPage","@id":"https:\/\/dipos.rs\/en\/events\/consular-corps-of-serbia\/","url":"https:\/\/dipos.rs\/en\/events\/consular-corps-of-serbia\/","name":"Dipos Consular Corps of Serbia - Dipos d.o.o. Beograd","isPartOf":{"@id":"https:\/\/dipos.rs\/en\/#website"},"primaryImageOfPage":{"@id":"https:\/\/dipos.rs\/en\/events\/consular-corps-of-serbia\/#primaryimage"},"image":{"@id":"https:\/\/dipos.rs\/en\/events\/consular-corps-of-serbia\/#primaryimage"},"thumbnailUrl":"https:\/\/dipos.rs\/wp-content\/uploads\/2018\/12\/vesti118.jpg","datePublished":"2018-05-03T15:27:57+00:00","dateModified":"2019-02-28T11:22:47+00:00","description":"Direktor \u0110oko Krivokapi\u0107, \u0110oko Krivokapi\u0107, dipos direktor, Djoko Krivokapic, CONSULAR CORPS OF SERBIA i Privredno drustvo Dipos","breadcrumb":{"@id":"https:\/\/dipos.rs\/en\/events\/consular-corps-of-serbia\/#breadcrumb"},"inLanguage":"en-US","potentialAction":[{"@type":"ReadAction","target":["https:\/\/dipos.rs\/en\/events\/consular-corps-of-serbia\/"]}]},{"@type":"ImageObject","inLanguage":"en-US","@id":"https:\/\/dipos.rs\/en\/events\/consular-corps-of-serbia\/#primaryimage","url":"https:\/\/dipos.rs\/wp-content\/uploads\/2018\/12\/vesti118.jpg","contentUrl":"https:\/\/dipos.rs\/wp-content\/uploads\/2018\/12\/vesti118.jpg","width":720,"height":540},{"@type":"BreadcrumbList","@id":"https:\/\/dipos.rs\/en\/events\/consular-corps-of-serbia\/#breadcrumb","itemListElement":[{"@type":"ListItem","position":1,"name":"Home","item":"https:\/\/dipos.rs\/en\/"},{"@type":"ListItem","position":2,"name":"Consular Corps of Serbia"}]},{"@type":"WebSite","@id":"https:\/\/dipos.rs\/en\/#website","url":"https:\/\/dipos.rs\/en\/","name":"\u0414\u0438\u043f\u043e\u0441","description":"Privredno dru\u0161tvo koje se bavi upravljanjem, izdavanjem i odr\u017eavanjem nekretnina u vlasni\u0161tvu Republike Srbije","publisher":{"@id":"https:\/\/dipos.rs\/en\/#organization"},"potentialAction":[{"@type":"SearchAction","target":{"@type":"EntryPoint","urlTemplate":"https:\/\/dipos.rs\/en\/?s={search_term_string}"},"query-input":{"@type":"PropertyValueSpecification","valueRequired":true,"valueName":"search_term_string"}}],"inLanguage":"en-US"},{"@type":"Organization","@id":"https:\/\/dipos.rs\/en\/#organization","name":"\u0414\u0438\u043f\u043e\u0441","url":"https:\/\/dipos.rs\/en\/","logo":{"@type":"ImageObject","inLanguage":"en-US","@id":"https:\/\/dipos.rs\/en\/#\/schema\/logo\/image\/","url":"https:\/\/dipos.rs\/wp-content\/uploads\/2022\/04\/logo-plavi.png","contentUrl":"https:\/\/dipos.rs\/wp-content\/uploads\/2022\/04\/logo-plavi.png","width":380,"height":280,"caption":"\u0414\u0438\u043f\u043e\u0441"},"image":{"@id":"https:\/\/dipos.rs\/en\/#\/schema\/logo\/image\/"}},{"@type":"Person","@id":"https:\/\/dipos.rs\/en\/#\/schema\/person\/ef0a1e2cd72fcaa1513d7e0eeb90333e","name":"obi","image":{"@type":"ImageObject","inLanguage":"en-US","@id":"https:\/\/secure.gravatar.com\/avatar\/0a3d20358857d983bcc69368f56bd816e1ba6a2f8ff92d7d7490507d3b5cbed6?s=96&d=mm&r=g","url":"https:\/\/secure.gravatar.com\/avatar\/0a3d20358857d983bcc69368f56bd816e1ba6a2f8ff92d7d7490507d3b5cbed6?s=96&d=mm&r=g","contentUrl":"https:\/\/secure.gravatar.com\/avatar\/0a3d20358857d983bcc69368f56bd816e1ba6a2f8ff92d7d7490507d3b5cbed6?s=96&d=mm&r=g","caption":"obi"},"url":"https:\/\/dipos.rs\/en\/author\/obi\/"}]}},"_links":{"self":[{"href":"https:\/\/dipos.rs\/en\/wp-json\/wp\/v2\/posts\/6257","targetHints":{"allow":["GET"]}}],"collection":[{"href":"https:\/\/dipos.rs\/en\/wp-json\/wp\/v2\/posts"}],"about":[{"href":"https:\/\/dipos.rs\/en\/wp-json\/wp\/v2\/types\/post"}],"author":[{"embeddable":true,"href":"https:\/\/dipos.rs\/en\/wp-json\/wp\/v2\/users\/8"}],"replies":[{"embeddable":true,"href":"https:\/\/dipos.rs\/en\/wp-json\/wp\/v2\/comments?post=6257"}],"version-history":[{"count":0,"href":"https:\/\/dipos.rs\/en\/wp-json\/wp\/v2\/posts\/6257\/revisions"}],"wp:featuredmedia":[{"embeddable":true,"href":"https:\/\/dipos.rs\/en\/wp-json\/wp\/v2\/media\/384"}],"wp:attachment":[{"href":"https:\/\/dipos.rs\/en\/wp-json\/wp\/v2\/media?parent=6257"}],"wp:term":[{"taxonomy":"category","embeddable":true,"href":"https:\/\/dipos.rs\/en\/wp-json\/wp\/v2\/categories?post=6257"},{"taxonomy":"post_tag","embeddable":true,"href":"https:\/\/dipos.rs\/en\/wp-json\/wp\/v2\/tags?post=6257"}],"curies":[{"name":"wp","href":"https:\/\/api.w.org\/{rel}","templated":true}]}}