{"id":6893,"date":"2018-03-23T17:33:47","date_gmt":"2018-03-23T16:33:47","guid":{"rendered":"https:\/\/1639A201-9F0A-4E74-A129-2F6334DBA26B"},"modified":"2019-02-28T12:27:44","modified_gmt":"2019-02-28T11:27:44","slug":"a-visit-of-the-international-school-in-belgrade-to-dipos-ltd-belgrade","status":"publish","type":"post","link":"https:\/\/dipos.rs\/en\/events\/a-visit-of-the-international-school-in-belgrade-to-dipos-ltd-belgrade\/","title":{"rendered":"A visit of the International School in Belgrade to Dipos d.o.o. Belgrade"},"content":{"rendered":"<p>On March 14, 2018 in the offices of &#8220;Dipos&#8221; d.o.o. Belgrade a meeting was held between the representatives of the International School in Belgrade and the Real Estate Rental Company &#8220;Dipos&#8221; Ltd Belgrade, on the subject of improving business cooperation, bearing in mind the fact that the International School in Belgrade has been using for many years property owned by the Republic of Serbia and managed by the Property management and rental company &#8220;Dipos&#8221; d.o.o. Belgrade.<\/p>\n<p>The meeting was hosted by the General Manager and deputy General Manager of the Company and was attended by the representatives of the International School in Belgrade headed by the school principal, Mr. Robert Risch.<\/p>\n<p>During the meeting, both parties expressed great satisfaction with the cooperation. Future principles were also determined for improving it.<\/p>\n<p>Considering the significant property resources owned by the Republic of Serbia which the Property management and rental company &#8220;Dipos&#8221; d.o.o. Belgrade manages, as well as a set of services that it provides in terms of maintaining them, both sides, in friendly conversations, have viewed great potentials for improvement, and expansion of business cooperation.<\/p>\n<p><img loading=\"lazy\" decoding=\"async\" src=\"https:\/\/dipos.rs\/wp-content\/uploads\/2018\/12\/vesti128.jpg\" alt=\"\" width=\"720\" height=\"960\" class=\"alignnone size-full wp-image-82\" \/><\/p>\n","protected":false},"excerpt":{"rendered":"<p>On March 14, 2018 in the offices of &#8220;Dipos&#8221; d.o.o. Belgrade a meeting was held between the representatives of the International School in Belgrade and the Real Estate Rental Company &#8220;Dipos&#8221; Ltd Belgrade, on the subject of improving business cooperation, bearing in mind the fact that the International School in Belgrade has been using for [&hellip;]<\/p>\n","protected":false},"author":8,"featured_media":3674,"comment_status":"closed","ping_status":"closed","sticky":false,"template":"","format":"standard","meta":{"_et_pb_use_builder":"o","_et_pb_old_content":"","_et_gb_content_width":"","inline_featured_image":false,"footnotes":""},"categories":[9,34],"tags":[],"class_list":["post-6893","post","type-post","status-publish","format-standard","has-post-thumbnail","hentry","category-events","category-news-cat"],"yoast_head":"<!-- This site is optimized with the Yoast SEO Premium plugin v22.2 (Yoast SEO v27.4) - https:\/\/yoast.com\/product\/yoast-seo-premium-wordpress\/ -->\n<title>A visit of the International School in Belgrade to Dipos d.o.o. Belgrade - Dipos<\/title>\n<meta name=\"description\" content=\"Direktor \u0110oko Krivokapi\u0107, \u0110oko Krivokapi\u0107, dipos direktor, Djoko Krivokapic, poseta Internacionalne \u0161kole u Beogradu direktoru Dipos-a\" \/>\n<meta name=\"robots\" content=\"index, follow, max-snippet:-1, max-image-preview:large, max-video-preview:-1\" \/>\n<link rel=\"canonical\" href=\"https:\/\/dipos.rs\/en\/events\/a-visit-of-the-international-school-in-belgrade-to-dipos-ltd-belgrade\/\" \/>\n<meta property=\"og:locale\" content=\"en_US\" \/>\n<meta property=\"og:type\" content=\"article\" \/>\n<meta property=\"og:title\" content=\"A visit of the International School in Belgrade to Dipos d.o.o. Belgrade\" \/>\n<meta property=\"og:description\" content=\"Direktor \u0110oko Krivokapi\u0107, \u0110oko Krivokapi\u0107, dipos direktor, Djoko Krivokapic, poseta Internacionalne \u0161kole u Beogradu direktoru Dipos-a\" \/>\n<meta property=\"og:url\" content=\"https:\/\/dipos.rs\/en\/events\/a-visit-of-the-international-school-in-belgrade-to-dipos-ltd-belgrade\/\" \/>\n<meta property=\"og:site_name\" content=\"Dipos\" \/>\n<meta property=\"article:published_time\" content=\"2018-03-23T16:33:47+00:00\" \/>\n<meta property=\"article:modified_time\" content=\"2019-02-28T11:27:44+00:00\" \/>\n<meta property=\"og:image\" content=\"https:\/\/dipos.rs\/wp-content\/uploads\/2018\/12\/vesti128.jpg\" \/>\n\t<meta property=\"og:image:width\" content=\"720\" \/>\n\t<meta property=\"og:image:height\" content=\"960\" \/>\n\t<meta property=\"og:image:type\" content=\"image\/jpeg\" \/>\n<meta name=\"author\" content=\"obi\" \/>\n<meta name=\"twitter:card\" content=\"summary_large_image\" \/>\n<meta name=\"twitter:label1\" content=\"Written by\" \/>\n\t<meta name=\"twitter:data1\" content=\"obi\" \/>\n\t<meta name=\"twitter:label2\" content=\"Est. reading time\" \/>\n\t<meta name=\"twitter:data2\" content=\"1 minute\" \/>\n<script type=\"application\/ld+json\" class=\"yoast-schema-graph\">{\"@context\":\"https:\\\/\\\/schema.org\",\"@graph\":[{\"@type\":\"Article\",\"@id\":\"https:\\\/\\\/dipos.rs\\\/en\\\/events\\\/a-visit-of-the-international-school-in-belgrade-to-dipos-ltd-belgrade\\\/#article\",\"isPartOf\":{\"@id\":\"https:\\\/\\\/dipos.rs\\\/en\\\/events\\\/a-visit-of-the-international-school-in-belgrade-to-dipos-ltd-belgrade\\\/\"},\"author\":{\"name\":\"obi\",\"@id\":\"https:\\\/\\\/dipos.rs\\\/en\\\/#\\\/schema\\\/person\\\/ef0a1e2cd72fcaa1513d7e0eeb90333e\"},\"headline\":\"A visit of the International School in Belgrade to Dipos d.o.o. Belgrade\",\"datePublished\":\"2018-03-23T16:33:47+00:00\",\"dateModified\":\"2019-02-28T11:27:44+00:00\",\"mainEntityOfPage\":{\"@id\":\"https:\\\/\\\/dipos.rs\\\/en\\\/events\\\/a-visit-of-the-international-school-in-belgrade-to-dipos-ltd-belgrade\\\/\"},\"wordCount\":201,\"publisher\":{\"@id\":\"https:\\\/\\\/dipos.rs\\\/en\\\/#organization\"},\"image\":{\"@id\":\"https:\\\/\\\/dipos.rs\\\/en\\\/events\\\/a-visit-of-the-international-school-in-belgrade-to-dipos-ltd-belgrade\\\/#primaryimage\"},\"thumbnailUrl\":\"https:\\\/\\\/dipos.rs\\\/wp-content\\\/uploads\\\/2018\\\/12\\\/vesti128.jpg\",\"articleSection\":[\"Events\",\"News\"],\"inLanguage\":\"en-US\"},{\"@type\":\"WebPage\",\"@id\":\"https:\\\/\\\/dipos.rs\\\/en\\\/events\\\/a-visit-of-the-international-school-in-belgrade-to-dipos-ltd-belgrade\\\/\",\"url\":\"https:\\\/\\\/dipos.rs\\\/en\\\/events\\\/a-visit-of-the-international-school-in-belgrade-to-dipos-ltd-belgrade\\\/\",\"name\":\"A visit of the International School in Belgrade to Dipos d.o.o. Belgrade - Dipos\",\"isPartOf\":{\"@id\":\"https:\\\/\\\/dipos.rs\\\/en\\\/#website\"},\"primaryImageOfPage\":{\"@id\":\"https:\\\/\\\/dipos.rs\\\/en\\\/events\\\/a-visit-of-the-international-school-in-belgrade-to-dipos-ltd-belgrade\\\/#primaryimage\"},\"image\":{\"@id\":\"https:\\\/\\\/dipos.rs\\\/en\\\/events\\\/a-visit-of-the-international-school-in-belgrade-to-dipos-ltd-belgrade\\\/#primaryimage\"},\"thumbnailUrl\":\"https:\\\/\\\/dipos.rs\\\/wp-content\\\/uploads\\\/2018\\\/12\\\/vesti128.jpg\",\"datePublished\":\"2018-03-23T16:33:47+00:00\",\"dateModified\":\"2019-02-28T11:27:44+00:00\",\"description\":\"Direktor \u0110oko Krivokapi\u0107, \u0110oko Krivokapi\u0107, dipos direktor, Djoko Krivokapic, poseta Internacionalne \u0161kole u Beogradu direktoru Dipos-a\",\"breadcrumb\":{\"@id\":\"https:\\\/\\\/dipos.rs\\\/en\\\/events\\\/a-visit-of-the-international-school-in-belgrade-to-dipos-ltd-belgrade\\\/#breadcrumb\"},\"inLanguage\":\"en-US\",\"potentialAction\":[{\"@type\":\"ReadAction\",\"target\":[\"https:\\\/\\\/dipos.rs\\\/en\\\/events\\\/a-visit-of-the-international-school-in-belgrade-to-dipos-ltd-belgrade\\\/\"]}]},{\"@type\":\"ImageObject\",\"inLanguage\":\"en-US\",\"@id\":\"https:\\\/\\\/dipos.rs\\\/en\\\/events\\\/a-visit-of-the-international-school-in-belgrade-to-dipos-ltd-belgrade\\\/#primaryimage\",\"url\":\"https:\\\/\\\/dipos.rs\\\/wp-content\\\/uploads\\\/2018\\\/12\\\/vesti128.jpg\",\"contentUrl\":\"https:\\\/\\\/dipos.rs\\\/wp-content\\\/uploads\\\/2018\\\/12\\\/vesti128.jpg\",\"width\":720,\"height\":960},{\"@type\":\"BreadcrumbList\",\"@id\":\"https:\\\/\\\/dipos.rs\\\/en\\\/events\\\/a-visit-of-the-international-school-in-belgrade-to-dipos-ltd-belgrade\\\/#breadcrumb\",\"itemListElement\":[{\"@type\":\"ListItem\",\"position\":1,\"name\":\"Home\",\"item\":\"https:\\\/\\\/dipos.rs\\\/en\\\/\"},{\"@type\":\"ListItem\",\"position\":2,\"name\":\"A visit of the International School in Belgrade to Dipos d.o.o. Belgrade\"}]},{\"@type\":\"WebSite\",\"@id\":\"https:\\\/\\\/dipos.rs\\\/en\\\/#website\",\"url\":\"https:\\\/\\\/dipos.rs\\\/en\\\/\",\"name\":\"\u0414\u0438\u043f\u043e\u0441\",\"description\":\"Privredno dru\u0161tvo koje se bavi upravljanjem, izdavanjem i odr\u017eavanjem nekretnina u vlasni\u0161tvu Republike Srbije\",\"publisher\":{\"@id\":\"https:\\\/\\\/dipos.rs\\\/en\\\/#organization\"},\"potentialAction\":[{\"@type\":\"SearchAction\",\"target\":{\"@type\":\"EntryPoint\",\"urlTemplate\":\"https:\\\/\\\/dipos.rs\\\/en\\\/?s={search_term_string}\"},\"query-input\":{\"@type\":\"PropertyValueSpecification\",\"valueRequired\":true,\"valueName\":\"search_term_string\"}}],\"inLanguage\":\"en-US\"},{\"@type\":\"Organization\",\"@id\":\"https:\\\/\\\/dipos.rs\\\/en\\\/#organization\",\"name\":\"\u0414\u0438\u043f\u043e\u0441\",\"url\":\"https:\\\/\\\/dipos.rs\\\/en\\\/\",\"logo\":{\"@type\":\"ImageObject\",\"inLanguage\":\"en-US\",\"@id\":\"https:\\\/\\\/dipos.rs\\\/en\\\/#\\\/schema\\\/logo\\\/image\\\/\",\"url\":\"https:\\\/\\\/dipos.rs\\\/wp-content\\\/uploads\\\/2022\\\/04\\\/logo-plavi.png\",\"contentUrl\":\"https:\\\/\\\/dipos.rs\\\/wp-content\\\/uploads\\\/2022\\\/04\\\/logo-plavi.png\",\"width\":380,\"height\":280,\"caption\":\"\u0414\u0438\u043f\u043e\u0441\"},\"image\":{\"@id\":\"https:\\\/\\\/dipos.rs\\\/en\\\/#\\\/schema\\\/logo\\\/image\\\/\"}},{\"@type\":\"Person\",\"@id\":\"https:\\\/\\\/dipos.rs\\\/en\\\/#\\\/schema\\\/person\\\/ef0a1e2cd72fcaa1513d7e0eeb90333e\",\"name\":\"obi\",\"image\":{\"@type\":\"ImageObject\",\"inLanguage\":\"en-US\",\"@id\":\"https:\\\/\\\/secure.gravatar.com\\\/avatar\\\/0a3d20358857d983bcc69368f56bd816e1ba6a2f8ff92d7d7490507d3b5cbed6?s=96&d=mm&r=g\",\"url\":\"https:\\\/\\\/secure.gravatar.com\\\/avatar\\\/0a3d20358857d983bcc69368f56bd816e1ba6a2f8ff92d7d7490507d3b5cbed6?s=96&d=mm&r=g\",\"contentUrl\":\"https:\\\/\\\/secure.gravatar.com\\\/avatar\\\/0a3d20358857d983bcc69368f56bd816e1ba6a2f8ff92d7d7490507d3b5cbed6?s=96&d=mm&r=g\",\"caption\":\"obi\"},\"url\":\"https:\\\/\\\/dipos.rs\\\/en\\\/author\\\/obi\\\/\"}]}<\/script>\n<!-- \/ Yoast SEO Premium plugin. -->","yoast_head_json":{"title":"A visit of the International School in Belgrade to Dipos d.o.o. Belgrade - Dipos","description":"Direktor \u0110oko Krivokapi\u0107, \u0110oko Krivokapi\u0107, dipos direktor, Djoko Krivokapic, poseta Internacionalne \u0161kole u Beogradu direktoru Dipos-a","robots":{"index":"index","follow":"follow","max-snippet":"max-snippet:-1","max-image-preview":"max-image-preview:large","max-video-preview":"max-video-preview:-1"},"canonical":"https:\/\/dipos.rs\/en\/events\/a-visit-of-the-international-school-in-belgrade-to-dipos-ltd-belgrade\/","og_locale":"en_US","og_type":"article","og_title":"A visit of the International School in Belgrade to Dipos d.o.o. Belgrade","og_description":"Direktor \u0110oko Krivokapi\u0107, \u0110oko Krivokapi\u0107, dipos direktor, Djoko Krivokapic, poseta Internacionalne \u0161kole u Beogradu direktoru Dipos-a","og_url":"https:\/\/dipos.rs\/en\/events\/a-visit-of-the-international-school-in-belgrade-to-dipos-ltd-belgrade\/","og_site_name":"Dipos","article_published_time":"2018-03-23T16:33:47+00:00","article_modified_time":"2019-02-28T11:27:44+00:00","og_image":[{"width":720,"height":960,"url":"https:\/\/dipos.rs\/wp-content\/uploads\/2018\/12\/vesti128.jpg","type":"image\/jpeg"}],"author":"obi","twitter_card":"summary_large_image","twitter_misc":{"Written by":"obi","Est. reading time":"1 minute"},"schema":{"@context":"https:\/\/schema.org","@graph":[{"@type":"Article","@id":"https:\/\/dipos.rs\/en\/events\/a-visit-of-the-international-school-in-belgrade-to-dipos-ltd-belgrade\/#article","isPartOf":{"@id":"https:\/\/dipos.rs\/en\/events\/a-visit-of-the-international-school-in-belgrade-to-dipos-ltd-belgrade\/"},"author":{"name":"obi","@id":"https:\/\/dipos.rs\/en\/#\/schema\/person\/ef0a1e2cd72fcaa1513d7e0eeb90333e"},"headline":"A visit of the International School in Belgrade to Dipos d.o.o. Belgrade","datePublished":"2018-03-23T16:33:47+00:00","dateModified":"2019-02-28T11:27:44+00:00","mainEntityOfPage":{"@id":"https:\/\/dipos.rs\/en\/events\/a-visit-of-the-international-school-in-belgrade-to-dipos-ltd-belgrade\/"},"wordCount":201,"publisher":{"@id":"https:\/\/dipos.rs\/en\/#organization"},"image":{"@id":"https:\/\/dipos.rs\/en\/events\/a-visit-of-the-international-school-in-belgrade-to-dipos-ltd-belgrade\/#primaryimage"},"thumbnailUrl":"https:\/\/dipos.rs\/wp-content\/uploads\/2018\/12\/vesti128.jpg","articleSection":["Events","News"],"inLanguage":"en-US"},{"@type":"WebPage","@id":"https:\/\/dipos.rs\/en\/events\/a-visit-of-the-international-school-in-belgrade-to-dipos-ltd-belgrade\/","url":"https:\/\/dipos.rs\/en\/events\/a-visit-of-the-international-school-in-belgrade-to-dipos-ltd-belgrade\/","name":"A visit of the International School in Belgrade to Dipos d.o.o. Belgrade - Dipos","isPartOf":{"@id":"https:\/\/dipos.rs\/en\/#website"},"primaryImageOfPage":{"@id":"https:\/\/dipos.rs\/en\/events\/a-visit-of-the-international-school-in-belgrade-to-dipos-ltd-belgrade\/#primaryimage"},"image":{"@id":"https:\/\/dipos.rs\/en\/events\/a-visit-of-the-international-school-in-belgrade-to-dipos-ltd-belgrade\/#primaryimage"},"thumbnailUrl":"https:\/\/dipos.rs\/wp-content\/uploads\/2018\/12\/vesti128.jpg","datePublished":"2018-03-23T16:33:47+00:00","dateModified":"2019-02-28T11:27:44+00:00","description":"Direktor \u0110oko Krivokapi\u0107, \u0110oko Krivokapi\u0107, dipos direktor, Djoko Krivokapic, poseta Internacionalne \u0161kole u Beogradu direktoru Dipos-a","breadcrumb":{"@id":"https:\/\/dipos.rs\/en\/events\/a-visit-of-the-international-school-in-belgrade-to-dipos-ltd-belgrade\/#breadcrumb"},"inLanguage":"en-US","potentialAction":[{"@type":"ReadAction","target":["https:\/\/dipos.rs\/en\/events\/a-visit-of-the-international-school-in-belgrade-to-dipos-ltd-belgrade\/"]}]},{"@type":"ImageObject","inLanguage":"en-US","@id":"https:\/\/dipos.rs\/en\/events\/a-visit-of-the-international-school-in-belgrade-to-dipos-ltd-belgrade\/#primaryimage","url":"https:\/\/dipos.rs\/wp-content\/uploads\/2018\/12\/vesti128.jpg","contentUrl":"https:\/\/dipos.rs\/wp-content\/uploads\/2018\/12\/vesti128.jpg","width":720,"height":960},{"@type":"BreadcrumbList","@id":"https:\/\/dipos.rs\/en\/events\/a-visit-of-the-international-school-in-belgrade-to-dipos-ltd-belgrade\/#breadcrumb","itemListElement":[{"@type":"ListItem","position":1,"name":"Home","item":"https:\/\/dipos.rs\/en\/"},{"@type":"ListItem","position":2,"name":"A visit of the International School in Belgrade to Dipos d.o.o. Belgrade"}]},{"@type":"WebSite","@id":"https:\/\/dipos.rs\/en\/#website","url":"https:\/\/dipos.rs\/en\/","name":"\u0414\u0438\u043f\u043e\u0441","description":"Privredno dru\u0161tvo koje se bavi upravljanjem, izdavanjem i odr\u017eavanjem nekretnina u vlasni\u0161tvu Republike Srbije","publisher":{"@id":"https:\/\/dipos.rs\/en\/#organization"},"potentialAction":[{"@type":"SearchAction","target":{"@type":"EntryPoint","urlTemplate":"https:\/\/dipos.rs\/en\/?s={search_term_string}"},"query-input":{"@type":"PropertyValueSpecification","valueRequired":true,"valueName":"search_term_string"}}],"inLanguage":"en-US"},{"@type":"Organization","@id":"https:\/\/dipos.rs\/en\/#organization","name":"\u0414\u0438\u043f\u043e\u0441","url":"https:\/\/dipos.rs\/en\/","logo":{"@type":"ImageObject","inLanguage":"en-US","@id":"https:\/\/dipos.rs\/en\/#\/schema\/logo\/image\/","url":"https:\/\/dipos.rs\/wp-content\/uploads\/2022\/04\/logo-plavi.png","contentUrl":"https:\/\/dipos.rs\/wp-content\/uploads\/2022\/04\/logo-plavi.png","width":380,"height":280,"caption":"\u0414\u0438\u043f\u043e\u0441"},"image":{"@id":"https:\/\/dipos.rs\/en\/#\/schema\/logo\/image\/"}},{"@type":"Person","@id":"https:\/\/dipos.rs\/en\/#\/schema\/person\/ef0a1e2cd72fcaa1513d7e0eeb90333e","name":"obi","image":{"@type":"ImageObject","inLanguage":"en-US","@id":"https:\/\/secure.gravatar.com\/avatar\/0a3d20358857d983bcc69368f56bd816e1ba6a2f8ff92d7d7490507d3b5cbed6?s=96&d=mm&r=g","url":"https:\/\/secure.gravatar.com\/avatar\/0a3d20358857d983bcc69368f56bd816e1ba6a2f8ff92d7d7490507d3b5cbed6?s=96&d=mm&r=g","contentUrl":"https:\/\/secure.gravatar.com\/avatar\/0a3d20358857d983bcc69368f56bd816e1ba6a2f8ff92d7d7490507d3b5cbed6?s=96&d=mm&r=g","caption":"obi"},"url":"https:\/\/dipos.rs\/en\/author\/obi\/"}]}},"_links":{"self":[{"href":"https:\/\/dipos.rs\/en\/wp-json\/wp\/v2\/posts\/6893","targetHints":{"allow":["GET"]}}],"collection":[{"href":"https:\/\/dipos.rs\/en\/wp-json\/wp\/v2\/posts"}],"about":[{"href":"https:\/\/dipos.rs\/en\/wp-json\/wp\/v2\/types\/post"}],"author":[{"embeddable":true,"href":"https:\/\/dipos.rs\/en\/wp-json\/wp\/v2\/users\/8"}],"replies":[{"embeddable":true,"href":"https:\/\/dipos.rs\/en\/wp-json\/wp\/v2\/comments?post=6893"}],"version-history":[{"count":0,"href":"https:\/\/dipos.rs\/en\/wp-json\/wp\/v2\/posts\/6893\/revisions"}],"wp:featuredmedia":[{"embeddable":true,"href":"https:\/\/dipos.rs\/en\/wp-json\/wp\/v2\/media\/3674"}],"wp:attachment":[{"href":"https:\/\/dipos.rs\/en\/wp-json\/wp\/v2\/media?parent=6893"}],"wp:term":[{"taxonomy":"category","embeddable":true,"href":"https:\/\/dipos.rs\/en\/wp-json\/wp\/v2\/categories?post=6893"},{"taxonomy":"post_tag","embeddable":true,"href":"https:\/\/dipos.rs\/en\/wp-json\/wp\/v2\/tags?post=6893"}],"curies":[{"name":"wp","href":"https:\/\/api.w.org\/{rel}","templated":true}]}}