{"id":7220,"date":"2018-09-26T16:25:39","date_gmt":"2018-09-26T14:25:39","guid":{"rendered":"https:\/\/B163F8CF-28B5-4A81-AC71-4E41351C003D"},"modified":"2019-02-28T11:50:13","modified_gmt":"2019-02-28T10:50:13","slug":"the-ambassador-of-the-republic-of-montenegro-in-belgrade-in-a-friendly-visit-to-the-company-dipos-ltd-belgrade","status":"publish","type":"post","link":"https:\/\/dipos.rs\/en\/events\/the-ambassador-of-the-republic-of-montenegro-in-belgrade-in-a-friendly-visit-to-the-company-dipos-ltd-belgrade\/","title":{"rendered":"The Ambassador of the Republic of Montenegro in Belgrade in a friendly visit to the Dipos d.o.o. Belgrade"},"content":{"rendered":"<p>[et_pb_section bb_built=&#8217;1&#8242;][et_pb_row background_position=&#8217;top_left&#8217; background_repeat=&#8217;repeat&#8217; background_size=&#8217;initial&#8217;][et_pb_column type=&#8217;4_4&#8242;][et_pb_text _builder_version=&#8217;3.17.1&#8242;]<\/p>\n<p>On Tuesday, 25 September 2018, H.E. the Ambassador of the Republic of Montenegro in Belgrade, Mr. Branislav Mi\u0107unovi\u0107, visited Property management and rental company &#8220;Dipos&#8221; d.o.o. Belgrade.<\/p>\n<p>H. E. the Ambassador of the Republic of Montenegro, Mr. Mi\u0107unovi\u0107 was welcomed and received by the General Manager of the Company, Mr. Djoko Krivokapi\u0107.<\/p>\n<p>Both sides expressed great satisfaction with today&#8217;s friendly visit with firm beliefs in improving cooperation.<\/p>\n<p>H.E. the Ambassador of the Republic of Montenegro in Belgrade and the General Manager of &#8220;Dipos&#8221; d.o.o. Belgrade took the opportunity of today&#8217;s visit of the Ambassador by photographing in front of the flag of the Republic of Serbia and the flag of the company &#8220;Dipos&#8221; d.o.o. Belgrade, in the business premises of the Company. On this occasion, the General Manager of the Company expressed his deepest gratitude to H.E. the Ambassador of the Republic of Montenegro in Belgrade for visiting Property management and rental company &#8220;Dipos&#8221; d.o.o. Belgrade.<\/p>\n<p>[\/et_pb_text][\/et_pb_column][\/et_pb_row][et_pb_row background_position=&#8217;top_left&#8217; background_repeat=&#8217;repeat&#8217; background_size=&#8217;initial&#8217;][et_pb_column type=&#8217;4_4&#8242;][et_pb_image _builder_version=&#8217;3.17.1&#8242; src=&#8217;https:\/\/dipos.rs\/wp-content\/uploads\/2018\/12\/vesti53.jpg&#8217; \/][et_pb_image _builder_version=&#8217;3.17.1&#8242; src=&#8217;https:\/\/dipos.rs\/wp-content\/uploads\/2018\/12\/vesti54.jpg&#8217; \/][\/et_pb_column][\/et_pb_row][\/et_pb_section]<\/p>\n","protected":false},"excerpt":{"rendered":"<p>On Tuesday, 25 September 2018, H.E. the Ambassador of the Republic of Montenegro in Belgrade, Mr. Branislav Mi\u0107unovi\u0107, visited Property management and rental company &#8220;Dipos&#8221; d.o.o. Belgrade. H. E. the Ambassador of the Republic of Montenegro, Mr. Mi\u0107unovi\u0107 was welcomed and received by the General Manager of the Company, Mr. Djoko Krivokapi\u0107. Both sides expressed [&hellip;]<\/p>\n","protected":false},"author":8,"featured_media":3331,"comment_status":"closed","ping_status":"closed","sticky":false,"template":"","format":"standard","meta":{"_et_pb_use_builder":"o","_et_pb_old_content":"","_et_gb_content_width":"","inline_featured_image":false,"footnotes":""},"categories":[9,34],"tags":[],"class_list":["post-7220","post","type-post","status-publish","format-standard","has-post-thumbnail","hentry","category-events","category-news-cat"],"yoast_head":"<!-- This site is optimized with the Yoast SEO Premium plugin v22.2 (Yoast SEO v27.4) - https:\/\/yoast.com\/product\/yoast-seo-premium-wordpress\/ -->\n<title>The Ambassador of the Republic of Montenegro in Belgrade in a friendly visit to the Dipos d.o.o. Belgrade - Dipos<\/title>\n<meta name=\"description\" content=\"Djoko Krivokapic, \u0110oko Krivokapi\u0107, Direktor \u0110oko Krivokapi\u0107, dipos direktor, Djoko Krivokapic, poseta Ambasadora Crne Gore direktoru Dipos-a\" \/>\n<meta name=\"robots\" content=\"index, follow, max-snippet:-1, max-image-preview:large, max-video-preview:-1\" \/>\n<link rel=\"canonical\" href=\"https:\/\/dipos.rs\/en\/events\/the-ambassador-of-the-republic-of-montenegro-in-belgrade-in-a-friendly-visit-to-the-company-dipos-ltd-belgrade\/\" \/>\n<meta property=\"og:locale\" content=\"en_US\" \/>\n<meta property=\"og:type\" content=\"article\" \/>\n<meta property=\"og:title\" content=\"The Ambassador of the Republic of Montenegro in Belgrade in a friendly visit to the Dipos d.o.o. Belgrade\" \/>\n<meta property=\"og:description\" content=\"Djoko Krivokapic, \u0110oko Krivokapi\u0107, Direktor \u0110oko Krivokapi\u0107, dipos direktor, Djoko Krivokapic, poseta Ambasadora Crne Gore direktoru Dipos-a\" \/>\n<meta property=\"og:url\" content=\"https:\/\/dipos.rs\/en\/events\/the-ambassador-of-the-republic-of-montenegro-in-belgrade-in-a-friendly-visit-to-the-company-dipos-ltd-belgrade\/\" \/>\n<meta property=\"og:site_name\" content=\"Dipos\" \/>\n<meta property=\"article:published_time\" content=\"2018-09-26T14:25:39+00:00\" \/>\n<meta property=\"article:modified_time\" content=\"2019-02-28T10:50:13+00:00\" \/>\n<meta property=\"og:image\" content=\"https:\/\/dipos.rs\/wp-content\/uploads\/2018\/12\/vesti54.jpg\" \/>\n\t<meta property=\"og:image:width\" content=\"720\" \/>\n\t<meta property=\"og:image:height\" content=\"540\" \/>\n\t<meta property=\"og:image:type\" content=\"image\/jpeg\" \/>\n<meta name=\"author\" content=\"obi\" \/>\n<meta name=\"twitter:card\" content=\"summary_large_image\" \/>\n<meta name=\"twitter:label1\" content=\"Written by\" \/>\n\t<meta name=\"twitter:data1\" content=\"obi\" \/>\n\t<meta name=\"twitter:label2\" content=\"Est. reading time\" \/>\n\t<meta name=\"twitter:data2\" content=\"1 minute\" \/>\n<script type=\"application\/ld+json\" class=\"yoast-schema-graph\">{\"@context\":\"https:\\\/\\\/schema.org\",\"@graph\":[{\"@type\":\"Article\",\"@id\":\"https:\\\/\\\/dipos.rs\\\/en\\\/events\\\/the-ambassador-of-the-republic-of-montenegro-in-belgrade-in-a-friendly-visit-to-the-company-dipos-ltd-belgrade\\\/#article\",\"isPartOf\":{\"@id\":\"https:\\\/\\\/dipos.rs\\\/en\\\/events\\\/the-ambassador-of-the-republic-of-montenegro-in-belgrade-in-a-friendly-visit-to-the-company-dipos-ltd-belgrade\\\/\"},\"author\":{\"name\":\"obi\",\"@id\":\"https:\\\/\\\/dipos.rs\\\/en\\\/#\\\/schema\\\/person\\\/ef0a1e2cd72fcaa1513d7e0eeb90333e\"},\"headline\":\"The Ambassador of the Republic of Montenegro in Belgrade in a friendly visit to the Dipos d.o.o. Belgrade\",\"datePublished\":\"2018-09-26T14:25:39+00:00\",\"dateModified\":\"2019-02-28T10:50:13+00:00\",\"mainEntityOfPage\":{\"@id\":\"https:\\\/\\\/dipos.rs\\\/en\\\/events\\\/the-ambassador-of-the-republic-of-montenegro-in-belgrade-in-a-friendly-visit-to-the-company-dipos-ltd-belgrade\\\/\"},\"wordCount\":287,\"publisher\":{\"@id\":\"https:\\\/\\\/dipos.rs\\\/en\\\/#organization\"},\"image\":{\"@id\":\"https:\\\/\\\/dipos.rs\\\/en\\\/events\\\/the-ambassador-of-the-republic-of-montenegro-in-belgrade-in-a-friendly-visit-to-the-company-dipos-ltd-belgrade\\\/#primaryimage\"},\"thumbnailUrl\":\"https:\\\/\\\/dipos.rs\\\/wp-content\\\/uploads\\\/2018\\\/12\\\/vesti54.jpg\",\"articleSection\":[\"Events\",\"News\"],\"inLanguage\":\"en-US\"},{\"@type\":\"WebPage\",\"@id\":\"https:\\\/\\\/dipos.rs\\\/en\\\/events\\\/the-ambassador-of-the-republic-of-montenegro-in-belgrade-in-a-friendly-visit-to-the-company-dipos-ltd-belgrade\\\/\",\"url\":\"https:\\\/\\\/dipos.rs\\\/en\\\/events\\\/the-ambassador-of-the-republic-of-montenegro-in-belgrade-in-a-friendly-visit-to-the-company-dipos-ltd-belgrade\\\/\",\"name\":\"The Ambassador of the Republic of Montenegro in Belgrade in a friendly visit to the Dipos d.o.o. Belgrade - Dipos\",\"isPartOf\":{\"@id\":\"https:\\\/\\\/dipos.rs\\\/en\\\/#website\"},\"primaryImageOfPage\":{\"@id\":\"https:\\\/\\\/dipos.rs\\\/en\\\/events\\\/the-ambassador-of-the-republic-of-montenegro-in-belgrade-in-a-friendly-visit-to-the-company-dipos-ltd-belgrade\\\/#primaryimage\"},\"image\":{\"@id\":\"https:\\\/\\\/dipos.rs\\\/en\\\/events\\\/the-ambassador-of-the-republic-of-montenegro-in-belgrade-in-a-friendly-visit-to-the-company-dipos-ltd-belgrade\\\/#primaryimage\"},\"thumbnailUrl\":\"https:\\\/\\\/dipos.rs\\\/wp-content\\\/uploads\\\/2018\\\/12\\\/vesti54.jpg\",\"datePublished\":\"2018-09-26T14:25:39+00:00\",\"dateModified\":\"2019-02-28T10:50:13+00:00\",\"description\":\"Djoko Krivokapic, \u0110oko Krivokapi\u0107, Direktor \u0110oko Krivokapi\u0107, dipos direktor, Djoko Krivokapic, poseta Ambasadora Crne Gore direktoru Dipos-a\",\"breadcrumb\":{\"@id\":\"https:\\\/\\\/dipos.rs\\\/en\\\/events\\\/the-ambassador-of-the-republic-of-montenegro-in-belgrade-in-a-friendly-visit-to-the-company-dipos-ltd-belgrade\\\/#breadcrumb\"},\"inLanguage\":\"en-US\",\"potentialAction\":[{\"@type\":\"ReadAction\",\"target\":[\"https:\\\/\\\/dipos.rs\\\/en\\\/events\\\/the-ambassador-of-the-republic-of-montenegro-in-belgrade-in-a-friendly-visit-to-the-company-dipos-ltd-belgrade\\\/\"]}]},{\"@type\":\"ImageObject\",\"inLanguage\":\"en-US\",\"@id\":\"https:\\\/\\\/dipos.rs\\\/en\\\/events\\\/the-ambassador-of-the-republic-of-montenegro-in-belgrade-in-a-friendly-visit-to-the-company-dipos-ltd-belgrade\\\/#primaryimage\",\"url\":\"https:\\\/\\\/dipos.rs\\\/wp-content\\\/uploads\\\/2018\\\/12\\\/vesti54.jpg\",\"contentUrl\":\"https:\\\/\\\/dipos.rs\\\/wp-content\\\/uploads\\\/2018\\\/12\\\/vesti54.jpg\",\"width\":720,\"height\":540},{\"@type\":\"BreadcrumbList\",\"@id\":\"https:\\\/\\\/dipos.rs\\\/en\\\/events\\\/the-ambassador-of-the-republic-of-montenegro-in-belgrade-in-a-friendly-visit-to-the-company-dipos-ltd-belgrade\\\/#breadcrumb\",\"itemListElement\":[{\"@type\":\"ListItem\",\"position\":1,\"name\":\"Home\",\"item\":\"https:\\\/\\\/dipos.rs\\\/en\\\/\"},{\"@type\":\"ListItem\",\"position\":2,\"name\":\"The Ambassador of the Republic of Montenegro in Belgrade in a friendly visit to the Dipos d.o.o. Belgrade\"}]},{\"@type\":\"WebSite\",\"@id\":\"https:\\\/\\\/dipos.rs\\\/en\\\/#website\",\"url\":\"https:\\\/\\\/dipos.rs\\\/en\\\/\",\"name\":\"\u0414\u0438\u043f\u043e\u0441\",\"description\":\"Privredno dru\u0161tvo koje se bavi upravljanjem, izdavanjem i odr\u017eavanjem nekretnina u vlasni\u0161tvu Republike Srbije\",\"publisher\":{\"@id\":\"https:\\\/\\\/dipos.rs\\\/en\\\/#organization\"},\"potentialAction\":[{\"@type\":\"SearchAction\",\"target\":{\"@type\":\"EntryPoint\",\"urlTemplate\":\"https:\\\/\\\/dipos.rs\\\/en\\\/?s={search_term_string}\"},\"query-input\":{\"@type\":\"PropertyValueSpecification\",\"valueRequired\":true,\"valueName\":\"search_term_string\"}}],\"inLanguage\":\"en-US\"},{\"@type\":\"Organization\",\"@id\":\"https:\\\/\\\/dipos.rs\\\/en\\\/#organization\",\"name\":\"\u0414\u0438\u043f\u043e\u0441\",\"url\":\"https:\\\/\\\/dipos.rs\\\/en\\\/\",\"logo\":{\"@type\":\"ImageObject\",\"inLanguage\":\"en-US\",\"@id\":\"https:\\\/\\\/dipos.rs\\\/en\\\/#\\\/schema\\\/logo\\\/image\\\/\",\"url\":\"https:\\\/\\\/dipos.rs\\\/wp-content\\\/uploads\\\/2022\\\/04\\\/logo-plavi.png\",\"contentUrl\":\"https:\\\/\\\/dipos.rs\\\/wp-content\\\/uploads\\\/2022\\\/04\\\/logo-plavi.png\",\"width\":380,\"height\":280,\"caption\":\"\u0414\u0438\u043f\u043e\u0441\"},\"image\":{\"@id\":\"https:\\\/\\\/dipos.rs\\\/en\\\/#\\\/schema\\\/logo\\\/image\\\/\"}},{\"@type\":\"Person\",\"@id\":\"https:\\\/\\\/dipos.rs\\\/en\\\/#\\\/schema\\\/person\\\/ef0a1e2cd72fcaa1513d7e0eeb90333e\",\"name\":\"obi\",\"image\":{\"@type\":\"ImageObject\",\"inLanguage\":\"en-US\",\"@id\":\"https:\\\/\\\/secure.gravatar.com\\\/avatar\\\/0a3d20358857d983bcc69368f56bd816e1ba6a2f8ff92d7d7490507d3b5cbed6?s=96&d=mm&r=g\",\"url\":\"https:\\\/\\\/secure.gravatar.com\\\/avatar\\\/0a3d20358857d983bcc69368f56bd816e1ba6a2f8ff92d7d7490507d3b5cbed6?s=96&d=mm&r=g\",\"contentUrl\":\"https:\\\/\\\/secure.gravatar.com\\\/avatar\\\/0a3d20358857d983bcc69368f56bd816e1ba6a2f8ff92d7d7490507d3b5cbed6?s=96&d=mm&r=g\",\"caption\":\"obi\"},\"url\":\"https:\\\/\\\/dipos.rs\\\/en\\\/author\\\/obi\\\/\"}]}<\/script>\n<!-- \/ Yoast SEO Premium plugin. -->","yoast_head_json":{"title":"The Ambassador of the Republic of Montenegro in Belgrade in a friendly visit to the Dipos d.o.o. Belgrade - Dipos","description":"Djoko Krivokapic, \u0110oko Krivokapi\u0107, Direktor \u0110oko Krivokapi\u0107, dipos direktor, Djoko Krivokapic, poseta Ambasadora Crne Gore direktoru Dipos-a","robots":{"index":"index","follow":"follow","max-snippet":"max-snippet:-1","max-image-preview":"max-image-preview:large","max-video-preview":"max-video-preview:-1"},"canonical":"https:\/\/dipos.rs\/en\/events\/the-ambassador-of-the-republic-of-montenegro-in-belgrade-in-a-friendly-visit-to-the-company-dipos-ltd-belgrade\/","og_locale":"en_US","og_type":"article","og_title":"The Ambassador of the Republic of Montenegro in Belgrade in a friendly visit to the Dipos d.o.o. Belgrade","og_description":"Djoko Krivokapic, \u0110oko Krivokapi\u0107, Direktor \u0110oko Krivokapi\u0107, dipos direktor, Djoko Krivokapic, poseta Ambasadora Crne Gore direktoru Dipos-a","og_url":"https:\/\/dipos.rs\/en\/events\/the-ambassador-of-the-republic-of-montenegro-in-belgrade-in-a-friendly-visit-to-the-company-dipos-ltd-belgrade\/","og_site_name":"Dipos","article_published_time":"2018-09-26T14:25:39+00:00","article_modified_time":"2019-02-28T10:50:13+00:00","og_image":[{"width":720,"height":540,"url":"https:\/\/dipos.rs\/wp-content\/uploads\/2018\/12\/vesti54.jpg","type":"image\/jpeg"}],"author":"obi","twitter_card":"summary_large_image","twitter_misc":{"Written by":"obi","Est. reading time":"1 minute"},"schema":{"@context":"https:\/\/schema.org","@graph":[{"@type":"Article","@id":"https:\/\/dipos.rs\/en\/events\/the-ambassador-of-the-republic-of-montenegro-in-belgrade-in-a-friendly-visit-to-the-company-dipos-ltd-belgrade\/#article","isPartOf":{"@id":"https:\/\/dipos.rs\/en\/events\/the-ambassador-of-the-republic-of-montenegro-in-belgrade-in-a-friendly-visit-to-the-company-dipos-ltd-belgrade\/"},"author":{"name":"obi","@id":"https:\/\/dipos.rs\/en\/#\/schema\/person\/ef0a1e2cd72fcaa1513d7e0eeb90333e"},"headline":"The Ambassador of the Republic of Montenegro in Belgrade in a friendly visit to the Dipos d.o.o. Belgrade","datePublished":"2018-09-26T14:25:39+00:00","dateModified":"2019-02-28T10:50:13+00:00","mainEntityOfPage":{"@id":"https:\/\/dipos.rs\/en\/events\/the-ambassador-of-the-republic-of-montenegro-in-belgrade-in-a-friendly-visit-to-the-company-dipos-ltd-belgrade\/"},"wordCount":287,"publisher":{"@id":"https:\/\/dipos.rs\/en\/#organization"},"image":{"@id":"https:\/\/dipos.rs\/en\/events\/the-ambassador-of-the-republic-of-montenegro-in-belgrade-in-a-friendly-visit-to-the-company-dipos-ltd-belgrade\/#primaryimage"},"thumbnailUrl":"https:\/\/dipos.rs\/wp-content\/uploads\/2018\/12\/vesti54.jpg","articleSection":["Events","News"],"inLanguage":"en-US"},{"@type":"WebPage","@id":"https:\/\/dipos.rs\/en\/events\/the-ambassador-of-the-republic-of-montenegro-in-belgrade-in-a-friendly-visit-to-the-company-dipos-ltd-belgrade\/","url":"https:\/\/dipos.rs\/en\/events\/the-ambassador-of-the-republic-of-montenegro-in-belgrade-in-a-friendly-visit-to-the-company-dipos-ltd-belgrade\/","name":"The Ambassador of the Republic of Montenegro in Belgrade in a friendly visit to the Dipos d.o.o. Belgrade - Dipos","isPartOf":{"@id":"https:\/\/dipos.rs\/en\/#website"},"primaryImageOfPage":{"@id":"https:\/\/dipos.rs\/en\/events\/the-ambassador-of-the-republic-of-montenegro-in-belgrade-in-a-friendly-visit-to-the-company-dipos-ltd-belgrade\/#primaryimage"},"image":{"@id":"https:\/\/dipos.rs\/en\/events\/the-ambassador-of-the-republic-of-montenegro-in-belgrade-in-a-friendly-visit-to-the-company-dipos-ltd-belgrade\/#primaryimage"},"thumbnailUrl":"https:\/\/dipos.rs\/wp-content\/uploads\/2018\/12\/vesti54.jpg","datePublished":"2018-09-26T14:25:39+00:00","dateModified":"2019-02-28T10:50:13+00:00","description":"Djoko Krivokapic, \u0110oko Krivokapi\u0107, Direktor \u0110oko Krivokapi\u0107, dipos direktor, Djoko Krivokapic, poseta Ambasadora Crne Gore direktoru Dipos-a","breadcrumb":{"@id":"https:\/\/dipos.rs\/en\/events\/the-ambassador-of-the-republic-of-montenegro-in-belgrade-in-a-friendly-visit-to-the-company-dipos-ltd-belgrade\/#breadcrumb"},"inLanguage":"en-US","potentialAction":[{"@type":"ReadAction","target":["https:\/\/dipos.rs\/en\/events\/the-ambassador-of-the-republic-of-montenegro-in-belgrade-in-a-friendly-visit-to-the-company-dipos-ltd-belgrade\/"]}]},{"@type":"ImageObject","inLanguage":"en-US","@id":"https:\/\/dipos.rs\/en\/events\/the-ambassador-of-the-republic-of-montenegro-in-belgrade-in-a-friendly-visit-to-the-company-dipos-ltd-belgrade\/#primaryimage","url":"https:\/\/dipos.rs\/wp-content\/uploads\/2018\/12\/vesti54.jpg","contentUrl":"https:\/\/dipos.rs\/wp-content\/uploads\/2018\/12\/vesti54.jpg","width":720,"height":540},{"@type":"BreadcrumbList","@id":"https:\/\/dipos.rs\/en\/events\/the-ambassador-of-the-republic-of-montenegro-in-belgrade-in-a-friendly-visit-to-the-company-dipos-ltd-belgrade\/#breadcrumb","itemListElement":[{"@type":"ListItem","position":1,"name":"Home","item":"https:\/\/dipos.rs\/en\/"},{"@type":"ListItem","position":2,"name":"The Ambassador of the Republic of Montenegro in Belgrade in a friendly visit to the Dipos d.o.o. Belgrade"}]},{"@type":"WebSite","@id":"https:\/\/dipos.rs\/en\/#website","url":"https:\/\/dipos.rs\/en\/","name":"\u0414\u0438\u043f\u043e\u0441","description":"Privredno dru\u0161tvo koje se bavi upravljanjem, izdavanjem i odr\u017eavanjem nekretnina u vlasni\u0161tvu Republike Srbije","publisher":{"@id":"https:\/\/dipos.rs\/en\/#organization"},"potentialAction":[{"@type":"SearchAction","target":{"@type":"EntryPoint","urlTemplate":"https:\/\/dipos.rs\/en\/?s={search_term_string}"},"query-input":{"@type":"PropertyValueSpecification","valueRequired":true,"valueName":"search_term_string"}}],"inLanguage":"en-US"},{"@type":"Organization","@id":"https:\/\/dipos.rs\/en\/#organization","name":"\u0414\u0438\u043f\u043e\u0441","url":"https:\/\/dipos.rs\/en\/","logo":{"@type":"ImageObject","inLanguage":"en-US","@id":"https:\/\/dipos.rs\/en\/#\/schema\/logo\/image\/","url":"https:\/\/dipos.rs\/wp-content\/uploads\/2022\/04\/logo-plavi.png","contentUrl":"https:\/\/dipos.rs\/wp-content\/uploads\/2022\/04\/logo-plavi.png","width":380,"height":280,"caption":"\u0414\u0438\u043f\u043e\u0441"},"image":{"@id":"https:\/\/dipos.rs\/en\/#\/schema\/logo\/image\/"}},{"@type":"Person","@id":"https:\/\/dipos.rs\/en\/#\/schema\/person\/ef0a1e2cd72fcaa1513d7e0eeb90333e","name":"obi","image":{"@type":"ImageObject","inLanguage":"en-US","@id":"https:\/\/secure.gravatar.com\/avatar\/0a3d20358857d983bcc69368f56bd816e1ba6a2f8ff92d7d7490507d3b5cbed6?s=96&d=mm&r=g","url":"https:\/\/secure.gravatar.com\/avatar\/0a3d20358857d983bcc69368f56bd816e1ba6a2f8ff92d7d7490507d3b5cbed6?s=96&d=mm&r=g","contentUrl":"https:\/\/secure.gravatar.com\/avatar\/0a3d20358857d983bcc69368f56bd816e1ba6a2f8ff92d7d7490507d3b5cbed6?s=96&d=mm&r=g","caption":"obi"},"url":"https:\/\/dipos.rs\/en\/author\/obi\/"}]}},"_links":{"self":[{"href":"https:\/\/dipos.rs\/en\/wp-json\/wp\/v2\/posts\/7220","targetHints":{"allow":["GET"]}}],"collection":[{"href":"https:\/\/dipos.rs\/en\/wp-json\/wp\/v2\/posts"}],"about":[{"href":"https:\/\/dipos.rs\/en\/wp-json\/wp\/v2\/types\/post"}],"author":[{"embeddable":true,"href":"https:\/\/dipos.rs\/en\/wp-json\/wp\/v2\/users\/8"}],"replies":[{"embeddable":true,"href":"https:\/\/dipos.rs\/en\/wp-json\/wp\/v2\/comments?post=7220"}],"version-history":[{"count":0,"href":"https:\/\/dipos.rs\/en\/wp-json\/wp\/v2\/posts\/7220\/revisions"}],"wp:featuredmedia":[{"embeddable":true,"href":"https:\/\/dipos.rs\/en\/wp-json\/wp\/v2\/media\/3331"}],"wp:attachment":[{"href":"https:\/\/dipos.rs\/en\/wp-json\/wp\/v2\/media?parent=7220"}],"wp:term":[{"taxonomy":"category","embeddable":true,"href":"https:\/\/dipos.rs\/en\/wp-json\/wp\/v2\/categories?post=7220"},{"taxonomy":"post_tag","embeddable":true,"href":"https:\/\/dipos.rs\/en\/wp-json\/wp\/v2\/tags?post=7220"}],"curies":[{"name":"wp","href":"https:\/\/api.w.org\/{rel}","templated":true}]}}