{"id":7243,"date":"2018-06-12T17:09:45","date_gmt":"2018-06-12T15:09:45","guid":{"rendered":"https:\/\/3867E7FA-520C-4630-926D-4DC1E7551384"},"modified":"2019-02-28T12:10:48","modified_gmt":"2019-02-28T11:10:48","slug":"his-excellency-the-ambasasdor-of-the-republic-of-cyprus-in-a-visit-to-dipos-ltd-belgrade","status":"publish","type":"post","link":"https:\/\/dipos.rs\/en\/events\/his-excellency-the-ambasasdor-of-the-republic-of-cyprus-in-a-visit-to-dipos-ltd-belgrade\/","title":{"rendered":"His Excellency the Ambassador of the Republic of Cyprus in a visit to Dipos d.o.o. Belgrade"},"content":{"rendered":"<p>[et_pb_section bb_built=&#8217;1&#8242;][et_pb_row background_position=&#8217;top_left&#8217; background_repeat=&#8217;repeat&#8217; background_size=&#8217;initial&#8217;][et_pb_column type=&#8217;4_4&#8242;][et_pb_text _builder_version=&#8217;3.17.1&#8242;]<\/p>\n<p>On June 08, 2018 The Ambassador of the Republic of Cyprus to the Republic of Serbia, His Excellency, Mr. Constantionos ELIADES visited Property management and rental company &#8220;Dipos&#8221; d.o.o. Belgrade.<\/p>\n<p>His Excellency was welcomed and hosted by the General Manager of &#8220;Dipos&#8221; d.o.o. Belgrade, Mr. \u0110oko Krivokapi\u0107.<\/p>\n<p>Since the Embassy of the Republic of Cyprus in Belgrade, for many years now, uses for its own needs real estate owned by the Republic of Serbia, which is entrusted temporary for management to &#8220;Dipos&#8221; d.o.o. Belgrade, His Excellency Mr. Constantionos ELIADES visited &#8220;Dipos&#8221; d.o.o. Belgrade, in order to improve the cooperation between the Embassy and this Company.<\/p>\n<p>During friendly conversations, both sides expressed great satisfaction with their long-standing cooperation, taking into account the set of services provided by the Company with regard to the maintenance of the real estate it manages, the possibilities for further improvement, expansion and business improvement cooperation, were also discussed.<\/p>\n<p>The General Manger of &#8220;Dipos&#8221; d.o.o. Belgrade took the opportunity to present, to His Excellency Mr. Constantionos ELIADES, the project of the new Diplomatic Club in Belgrade, with which the Company will start its construction in the upcoming period.<\/p>\n<p>[\/et_pb_text][\/et_pb_column][\/et_pb_row][et_pb_row background_position=&#8217;top_left&#8217; background_repeat=&#8217;repeat&#8217; background_size=&#8217;initial&#8217;][et_pb_column type=&#8217;4_4&#8242;][et_pb_image _builder_version=&#8217;3.17.1&#8242; src=&#8217;https:\/\/dipos.rs\/wp-content\/uploads\/2018\/12\/vesti108.jpg&#8217; \/][et_pb_image _builder_version=&#8217;3.17.1&#8242; src=&#8217;https:\/\/dipos.rs\/wp-content\/uploads\/2018\/12\/vesti109.jpg&#8217; \/][et_pb_image _builder_version=&#8217;3.17.1&#8242; src=&#8217;https:\/\/dipos.rs\/wp-content\/uploads\/2018\/12\/vesti110.jpg&#8217; \/][\/et_pb_column][\/et_pb_row][\/et_pb_section]<\/p>\n","protected":false},"excerpt":{"rendered":"<p>On June 08, 2018 The Ambassador of the Republic of Cyprus to the Republic of Serbia, His Excellency, Mr. Constantionos ELIADES visited Property management and rental company &#8220;Dipos&#8221; d.o.o. Belgrade. His Excellency was welcomed and hosted by the General Manager of &#8220;Dipos&#8221; d.o.o. Belgrade, Mr. \u0110oko Krivokapi\u0107. Since the Embassy of the Republic of Cyprus [&hellip;]<\/p>\n","protected":false},"author":8,"featured_media":1012,"comment_status":"closed","ping_status":"closed","sticky":false,"template":"","format":"standard","meta":{"_et_pb_use_builder":"o","_et_pb_old_content":"","_et_gb_content_width":"","inline_featured_image":false,"footnotes":""},"categories":[9,34],"tags":[],"class_list":["post-7243","post","type-post","status-publish","format-standard","has-post-thumbnail","hentry","category-events","category-news-cat"],"yoast_head":"<!-- This site is optimized with the Yoast SEO Premium plugin v22.2 (Yoast SEO v27.4) - https:\/\/yoast.com\/product\/yoast-seo-premium-wordpress\/ -->\n<title>Dipos His Excellency the Ambassador of the Republic of Cyprus in a visit to Dipos d.o.o. Belgrade - Dipos<\/title>\n<meta name=\"description\" content=\"Direktor \u0110oko Krivokapi\u0107, \u0110oko Krivokapi\u0107, dipos direktor, Djoko Krivokapic, poseta Ambasadora Republike Kipar direktoru Dipos-a\" \/>\n<meta name=\"robots\" content=\"index, follow, max-snippet:-1, max-image-preview:large, max-video-preview:-1\" \/>\n<link rel=\"canonical\" href=\"https:\/\/dipos.rs\/en\/events\/his-excellency-the-ambasasdor-of-the-republic-of-cyprus-in-a-visit-to-dipos-ltd-belgrade\/\" \/>\n<meta property=\"og:locale\" content=\"en_US\" \/>\n<meta property=\"og:type\" content=\"article\" \/>\n<meta property=\"og:title\" content=\"His Excellency the Ambassador of the Republic of Cyprus in a visit to Dipos d.o.o. Belgrade\" \/>\n<meta property=\"og:description\" content=\"Direktor \u0110oko Krivokapi\u0107, \u0110oko Krivokapi\u0107, dipos direktor, Djoko Krivokapic, poseta Ambasadora Republike Kipar direktoru Dipos-a\" \/>\n<meta property=\"og:url\" content=\"https:\/\/dipos.rs\/en\/events\/his-excellency-the-ambasasdor-of-the-republic-of-cyprus-in-a-visit-to-dipos-ltd-belgrade\/\" \/>\n<meta property=\"og:site_name\" content=\"Dipos\" \/>\n<meta property=\"article:published_time\" content=\"2018-06-12T15:09:45+00:00\" \/>\n<meta property=\"article:modified_time\" content=\"2019-02-28T11:10:48+00:00\" \/>\n<meta property=\"og:image\" content=\"https:\/\/dipos.rs\/wp-content\/uploads\/2018\/12\/vesti108.jpg\" \/>\n\t<meta property=\"og:image:width\" content=\"720\" \/>\n\t<meta property=\"og:image:height\" content=\"540\" \/>\n\t<meta property=\"og:image:type\" content=\"image\/jpeg\" \/>\n<meta name=\"author\" content=\"obi\" \/>\n<meta name=\"twitter:card\" content=\"summary_large_image\" \/>\n<meta name=\"twitter:label1\" content=\"Written by\" \/>\n\t<meta name=\"twitter:data1\" content=\"obi\" \/>\n\t<meta name=\"twitter:label2\" content=\"Est. reading time\" \/>\n\t<meta name=\"twitter:data2\" content=\"2 minutes\" \/>\n<script type=\"application\/ld+json\" class=\"yoast-schema-graph\">{\"@context\":\"https:\\\/\\\/schema.org\",\"@graph\":[{\"@type\":\"Article\",\"@id\":\"https:\\\/\\\/dipos.rs\\\/en\\\/events\\\/his-excellency-the-ambasasdor-of-the-republic-of-cyprus-in-a-visit-to-dipos-ltd-belgrade\\\/#article\",\"isPartOf\":{\"@id\":\"https:\\\/\\\/dipos.rs\\\/en\\\/events\\\/his-excellency-the-ambasasdor-of-the-republic-of-cyprus-in-a-visit-to-dipos-ltd-belgrade\\\/\"},\"author\":{\"name\":\"obi\",\"@id\":\"https:\\\/\\\/dipos.rs\\\/en\\\/#\\\/schema\\\/person\\\/ef0a1e2cd72fcaa1513d7e0eeb90333e\"},\"headline\":\"His Excellency the Ambassador of the Republic of Cyprus in a visit to Dipos d.o.o. Belgrade\",\"datePublished\":\"2018-06-12T15:09:45+00:00\",\"dateModified\":\"2019-02-28T11:10:48+00:00\",\"mainEntityOfPage\":{\"@id\":\"https:\\\/\\\/dipos.rs\\\/en\\\/events\\\/his-excellency-the-ambasasdor-of-the-republic-of-cyprus-in-a-visit-to-dipos-ltd-belgrade\\\/\"},\"wordCount\":332,\"publisher\":{\"@id\":\"https:\\\/\\\/dipos.rs\\\/en\\\/#organization\"},\"image\":{\"@id\":\"https:\\\/\\\/dipos.rs\\\/en\\\/events\\\/his-excellency-the-ambasasdor-of-the-republic-of-cyprus-in-a-visit-to-dipos-ltd-belgrade\\\/#primaryimage\"},\"thumbnailUrl\":\"https:\\\/\\\/dipos.rs\\\/wp-content\\\/uploads\\\/2018\\\/12\\\/vesti108.jpg\",\"articleSection\":[\"Events\",\"News\"],\"inLanguage\":\"en-US\"},{\"@type\":\"WebPage\",\"@id\":\"https:\\\/\\\/dipos.rs\\\/en\\\/events\\\/his-excellency-the-ambasasdor-of-the-republic-of-cyprus-in-a-visit-to-dipos-ltd-belgrade\\\/\",\"url\":\"https:\\\/\\\/dipos.rs\\\/en\\\/events\\\/his-excellency-the-ambasasdor-of-the-republic-of-cyprus-in-a-visit-to-dipos-ltd-belgrade\\\/\",\"name\":\"Dipos His Excellency the Ambassador of the Republic of Cyprus in a visit to Dipos d.o.o. Belgrade - Dipos\",\"isPartOf\":{\"@id\":\"https:\\\/\\\/dipos.rs\\\/en\\\/#website\"},\"primaryImageOfPage\":{\"@id\":\"https:\\\/\\\/dipos.rs\\\/en\\\/events\\\/his-excellency-the-ambasasdor-of-the-republic-of-cyprus-in-a-visit-to-dipos-ltd-belgrade\\\/#primaryimage\"},\"image\":{\"@id\":\"https:\\\/\\\/dipos.rs\\\/en\\\/events\\\/his-excellency-the-ambasasdor-of-the-republic-of-cyprus-in-a-visit-to-dipos-ltd-belgrade\\\/#primaryimage\"},\"thumbnailUrl\":\"https:\\\/\\\/dipos.rs\\\/wp-content\\\/uploads\\\/2018\\\/12\\\/vesti108.jpg\",\"datePublished\":\"2018-06-12T15:09:45+00:00\",\"dateModified\":\"2019-02-28T11:10:48+00:00\",\"description\":\"Direktor \u0110oko Krivokapi\u0107, \u0110oko Krivokapi\u0107, dipos direktor, Djoko Krivokapic, poseta Ambasadora Republike Kipar direktoru Dipos-a\",\"breadcrumb\":{\"@id\":\"https:\\\/\\\/dipos.rs\\\/en\\\/events\\\/his-excellency-the-ambasasdor-of-the-republic-of-cyprus-in-a-visit-to-dipos-ltd-belgrade\\\/#breadcrumb\"},\"inLanguage\":\"en-US\",\"potentialAction\":[{\"@type\":\"ReadAction\",\"target\":[\"https:\\\/\\\/dipos.rs\\\/en\\\/events\\\/his-excellency-the-ambasasdor-of-the-republic-of-cyprus-in-a-visit-to-dipos-ltd-belgrade\\\/\"]}]},{\"@type\":\"ImageObject\",\"inLanguage\":\"en-US\",\"@id\":\"https:\\\/\\\/dipos.rs\\\/en\\\/events\\\/his-excellency-the-ambasasdor-of-the-republic-of-cyprus-in-a-visit-to-dipos-ltd-belgrade\\\/#primaryimage\",\"url\":\"https:\\\/\\\/dipos.rs\\\/wp-content\\\/uploads\\\/2018\\\/12\\\/vesti108.jpg\",\"contentUrl\":\"https:\\\/\\\/dipos.rs\\\/wp-content\\\/uploads\\\/2018\\\/12\\\/vesti108.jpg\",\"width\":720,\"height\":540},{\"@type\":\"BreadcrumbList\",\"@id\":\"https:\\\/\\\/dipos.rs\\\/en\\\/events\\\/his-excellency-the-ambasasdor-of-the-republic-of-cyprus-in-a-visit-to-dipos-ltd-belgrade\\\/#breadcrumb\",\"itemListElement\":[{\"@type\":\"ListItem\",\"position\":1,\"name\":\"Home\",\"item\":\"https:\\\/\\\/dipos.rs\\\/en\\\/\"},{\"@type\":\"ListItem\",\"position\":2,\"name\":\"His Excellency the Ambassador of the Republic of Cyprus in a visit to Dipos d.o.o. Belgrade\"}]},{\"@type\":\"WebSite\",\"@id\":\"https:\\\/\\\/dipos.rs\\\/en\\\/#website\",\"url\":\"https:\\\/\\\/dipos.rs\\\/en\\\/\",\"name\":\"\u0414\u0438\u043f\u043e\u0441\",\"description\":\"Privredno dru\u0161tvo koje se bavi upravljanjem, izdavanjem i odr\u017eavanjem nekretnina u vlasni\u0161tvu Republike Srbije\",\"publisher\":{\"@id\":\"https:\\\/\\\/dipos.rs\\\/en\\\/#organization\"},\"potentialAction\":[{\"@type\":\"SearchAction\",\"target\":{\"@type\":\"EntryPoint\",\"urlTemplate\":\"https:\\\/\\\/dipos.rs\\\/en\\\/?s={search_term_string}\"},\"query-input\":{\"@type\":\"PropertyValueSpecification\",\"valueRequired\":true,\"valueName\":\"search_term_string\"}}],\"inLanguage\":\"en-US\"},{\"@type\":\"Organization\",\"@id\":\"https:\\\/\\\/dipos.rs\\\/en\\\/#organization\",\"name\":\"\u0414\u0438\u043f\u043e\u0441\",\"url\":\"https:\\\/\\\/dipos.rs\\\/en\\\/\",\"logo\":{\"@type\":\"ImageObject\",\"inLanguage\":\"en-US\",\"@id\":\"https:\\\/\\\/dipos.rs\\\/en\\\/#\\\/schema\\\/logo\\\/image\\\/\",\"url\":\"https:\\\/\\\/dipos.rs\\\/wp-content\\\/uploads\\\/2022\\\/04\\\/logo-plavi.png\",\"contentUrl\":\"https:\\\/\\\/dipos.rs\\\/wp-content\\\/uploads\\\/2022\\\/04\\\/logo-plavi.png\",\"width\":380,\"height\":280,\"caption\":\"\u0414\u0438\u043f\u043e\u0441\"},\"image\":{\"@id\":\"https:\\\/\\\/dipos.rs\\\/en\\\/#\\\/schema\\\/logo\\\/image\\\/\"}},{\"@type\":\"Person\",\"@id\":\"https:\\\/\\\/dipos.rs\\\/en\\\/#\\\/schema\\\/person\\\/ef0a1e2cd72fcaa1513d7e0eeb90333e\",\"name\":\"obi\",\"image\":{\"@type\":\"ImageObject\",\"inLanguage\":\"en-US\",\"@id\":\"https:\\\/\\\/secure.gravatar.com\\\/avatar\\\/0a3d20358857d983bcc69368f56bd816e1ba6a2f8ff92d7d7490507d3b5cbed6?s=96&d=mm&r=g\",\"url\":\"https:\\\/\\\/secure.gravatar.com\\\/avatar\\\/0a3d20358857d983bcc69368f56bd816e1ba6a2f8ff92d7d7490507d3b5cbed6?s=96&d=mm&r=g\",\"contentUrl\":\"https:\\\/\\\/secure.gravatar.com\\\/avatar\\\/0a3d20358857d983bcc69368f56bd816e1ba6a2f8ff92d7d7490507d3b5cbed6?s=96&d=mm&r=g\",\"caption\":\"obi\"},\"url\":\"https:\\\/\\\/dipos.rs\\\/en\\\/author\\\/obi\\\/\"}]}<\/script>\n<!-- \/ Yoast SEO Premium plugin. -->","yoast_head_json":{"title":"Dipos His Excellency the Ambassador of the Republic of Cyprus in a visit to Dipos d.o.o. Belgrade - Dipos","description":"Direktor \u0110oko Krivokapi\u0107, \u0110oko Krivokapi\u0107, dipos direktor, Djoko Krivokapic, poseta Ambasadora Republike Kipar direktoru Dipos-a","robots":{"index":"index","follow":"follow","max-snippet":"max-snippet:-1","max-image-preview":"max-image-preview:large","max-video-preview":"max-video-preview:-1"},"canonical":"https:\/\/dipos.rs\/en\/events\/his-excellency-the-ambasasdor-of-the-republic-of-cyprus-in-a-visit-to-dipos-ltd-belgrade\/","og_locale":"en_US","og_type":"article","og_title":"His Excellency the Ambassador of the Republic of Cyprus in a visit to Dipos d.o.o. Belgrade","og_description":"Direktor \u0110oko Krivokapi\u0107, \u0110oko Krivokapi\u0107, dipos direktor, Djoko Krivokapic, poseta Ambasadora Republike Kipar direktoru Dipos-a","og_url":"https:\/\/dipos.rs\/en\/events\/his-excellency-the-ambasasdor-of-the-republic-of-cyprus-in-a-visit-to-dipos-ltd-belgrade\/","og_site_name":"Dipos","article_published_time":"2018-06-12T15:09:45+00:00","article_modified_time":"2019-02-28T11:10:48+00:00","og_image":[{"width":720,"height":540,"url":"https:\/\/dipos.rs\/wp-content\/uploads\/2018\/12\/vesti108.jpg","type":"image\/jpeg"}],"author":"obi","twitter_card":"summary_large_image","twitter_misc":{"Written by":"obi","Est. reading time":"2 minutes"},"schema":{"@context":"https:\/\/schema.org","@graph":[{"@type":"Article","@id":"https:\/\/dipos.rs\/en\/events\/his-excellency-the-ambasasdor-of-the-republic-of-cyprus-in-a-visit-to-dipos-ltd-belgrade\/#article","isPartOf":{"@id":"https:\/\/dipos.rs\/en\/events\/his-excellency-the-ambasasdor-of-the-republic-of-cyprus-in-a-visit-to-dipos-ltd-belgrade\/"},"author":{"name":"obi","@id":"https:\/\/dipos.rs\/en\/#\/schema\/person\/ef0a1e2cd72fcaa1513d7e0eeb90333e"},"headline":"His Excellency the Ambassador of the Republic of Cyprus in a visit to Dipos d.o.o. Belgrade","datePublished":"2018-06-12T15:09:45+00:00","dateModified":"2019-02-28T11:10:48+00:00","mainEntityOfPage":{"@id":"https:\/\/dipos.rs\/en\/events\/his-excellency-the-ambasasdor-of-the-republic-of-cyprus-in-a-visit-to-dipos-ltd-belgrade\/"},"wordCount":332,"publisher":{"@id":"https:\/\/dipos.rs\/en\/#organization"},"image":{"@id":"https:\/\/dipos.rs\/en\/events\/his-excellency-the-ambasasdor-of-the-republic-of-cyprus-in-a-visit-to-dipos-ltd-belgrade\/#primaryimage"},"thumbnailUrl":"https:\/\/dipos.rs\/wp-content\/uploads\/2018\/12\/vesti108.jpg","articleSection":["Events","News"],"inLanguage":"en-US"},{"@type":"WebPage","@id":"https:\/\/dipos.rs\/en\/events\/his-excellency-the-ambasasdor-of-the-republic-of-cyprus-in-a-visit-to-dipos-ltd-belgrade\/","url":"https:\/\/dipos.rs\/en\/events\/his-excellency-the-ambasasdor-of-the-republic-of-cyprus-in-a-visit-to-dipos-ltd-belgrade\/","name":"Dipos His Excellency the Ambassador of the Republic of Cyprus in a visit to Dipos d.o.o. Belgrade - Dipos","isPartOf":{"@id":"https:\/\/dipos.rs\/en\/#website"},"primaryImageOfPage":{"@id":"https:\/\/dipos.rs\/en\/events\/his-excellency-the-ambasasdor-of-the-republic-of-cyprus-in-a-visit-to-dipos-ltd-belgrade\/#primaryimage"},"image":{"@id":"https:\/\/dipos.rs\/en\/events\/his-excellency-the-ambasasdor-of-the-republic-of-cyprus-in-a-visit-to-dipos-ltd-belgrade\/#primaryimage"},"thumbnailUrl":"https:\/\/dipos.rs\/wp-content\/uploads\/2018\/12\/vesti108.jpg","datePublished":"2018-06-12T15:09:45+00:00","dateModified":"2019-02-28T11:10:48+00:00","description":"Direktor \u0110oko Krivokapi\u0107, \u0110oko Krivokapi\u0107, dipos direktor, Djoko Krivokapic, poseta Ambasadora Republike Kipar direktoru Dipos-a","breadcrumb":{"@id":"https:\/\/dipos.rs\/en\/events\/his-excellency-the-ambasasdor-of-the-republic-of-cyprus-in-a-visit-to-dipos-ltd-belgrade\/#breadcrumb"},"inLanguage":"en-US","potentialAction":[{"@type":"ReadAction","target":["https:\/\/dipos.rs\/en\/events\/his-excellency-the-ambasasdor-of-the-republic-of-cyprus-in-a-visit-to-dipos-ltd-belgrade\/"]}]},{"@type":"ImageObject","inLanguage":"en-US","@id":"https:\/\/dipos.rs\/en\/events\/his-excellency-the-ambasasdor-of-the-republic-of-cyprus-in-a-visit-to-dipos-ltd-belgrade\/#primaryimage","url":"https:\/\/dipos.rs\/wp-content\/uploads\/2018\/12\/vesti108.jpg","contentUrl":"https:\/\/dipos.rs\/wp-content\/uploads\/2018\/12\/vesti108.jpg","width":720,"height":540},{"@type":"BreadcrumbList","@id":"https:\/\/dipos.rs\/en\/events\/his-excellency-the-ambasasdor-of-the-republic-of-cyprus-in-a-visit-to-dipos-ltd-belgrade\/#breadcrumb","itemListElement":[{"@type":"ListItem","position":1,"name":"Home","item":"https:\/\/dipos.rs\/en\/"},{"@type":"ListItem","position":2,"name":"His Excellency the Ambassador of the Republic of Cyprus in a visit to Dipos d.o.o. Belgrade"}]},{"@type":"WebSite","@id":"https:\/\/dipos.rs\/en\/#website","url":"https:\/\/dipos.rs\/en\/","name":"\u0414\u0438\u043f\u043e\u0441","description":"Privredno dru\u0161tvo koje se bavi upravljanjem, izdavanjem i odr\u017eavanjem nekretnina u vlasni\u0161tvu Republike Srbije","publisher":{"@id":"https:\/\/dipos.rs\/en\/#organization"},"potentialAction":[{"@type":"SearchAction","target":{"@type":"EntryPoint","urlTemplate":"https:\/\/dipos.rs\/en\/?s={search_term_string}"},"query-input":{"@type":"PropertyValueSpecification","valueRequired":true,"valueName":"search_term_string"}}],"inLanguage":"en-US"},{"@type":"Organization","@id":"https:\/\/dipos.rs\/en\/#organization","name":"\u0414\u0438\u043f\u043e\u0441","url":"https:\/\/dipos.rs\/en\/","logo":{"@type":"ImageObject","inLanguage":"en-US","@id":"https:\/\/dipos.rs\/en\/#\/schema\/logo\/image\/","url":"https:\/\/dipos.rs\/wp-content\/uploads\/2022\/04\/logo-plavi.png","contentUrl":"https:\/\/dipos.rs\/wp-content\/uploads\/2022\/04\/logo-plavi.png","width":380,"height":280,"caption":"\u0414\u0438\u043f\u043e\u0441"},"image":{"@id":"https:\/\/dipos.rs\/en\/#\/schema\/logo\/image\/"}},{"@type":"Person","@id":"https:\/\/dipos.rs\/en\/#\/schema\/person\/ef0a1e2cd72fcaa1513d7e0eeb90333e","name":"obi","image":{"@type":"ImageObject","inLanguage":"en-US","@id":"https:\/\/secure.gravatar.com\/avatar\/0a3d20358857d983bcc69368f56bd816e1ba6a2f8ff92d7d7490507d3b5cbed6?s=96&d=mm&r=g","url":"https:\/\/secure.gravatar.com\/avatar\/0a3d20358857d983bcc69368f56bd816e1ba6a2f8ff92d7d7490507d3b5cbed6?s=96&d=mm&r=g","contentUrl":"https:\/\/secure.gravatar.com\/avatar\/0a3d20358857d983bcc69368f56bd816e1ba6a2f8ff92d7d7490507d3b5cbed6?s=96&d=mm&r=g","caption":"obi"},"url":"https:\/\/dipos.rs\/en\/author\/obi\/"}]}},"_links":{"self":[{"href":"https:\/\/dipos.rs\/en\/wp-json\/wp\/v2\/posts\/7243","targetHints":{"allow":["GET"]}}],"collection":[{"href":"https:\/\/dipos.rs\/en\/wp-json\/wp\/v2\/posts"}],"about":[{"href":"https:\/\/dipos.rs\/en\/wp-json\/wp\/v2\/types\/post"}],"author":[{"embeddable":true,"href":"https:\/\/dipos.rs\/en\/wp-json\/wp\/v2\/users\/8"}],"replies":[{"embeddable":true,"href":"https:\/\/dipos.rs\/en\/wp-json\/wp\/v2\/comments?post=7243"}],"version-history":[{"count":0,"href":"https:\/\/dipos.rs\/en\/wp-json\/wp\/v2\/posts\/7243\/revisions"}],"wp:featuredmedia":[{"embeddable":true,"href":"https:\/\/dipos.rs\/en\/wp-json\/wp\/v2\/media\/1012"}],"wp:attachment":[{"href":"https:\/\/dipos.rs\/en\/wp-json\/wp\/v2\/media?parent=7243"}],"wp:term":[{"taxonomy":"category","embeddable":true,"href":"https:\/\/dipos.rs\/en\/wp-json\/wp\/v2\/categories?post=7243"},{"taxonomy":"post_tag","embeddable":true,"href":"https:\/\/dipos.rs\/en\/wp-json\/wp\/v2\/tags?post=7243"}],"curies":[{"name":"wp","href":"https:\/\/api.w.org\/{rel}","templated":true}]}}