{"id":8256,"date":"2023-02-22T13:04:09","date_gmt":"2023-02-22T12:04:09","guid":{"rendered":"https:\/\/DAAE4CAD-1557-4E3A-9DD0-673492C74D11"},"modified":"2023-02-22T13:21:34","modified_gmt":"2023-02-22T12:21:34","slug":"dipos-for-a-greener-serbia","status":"publish","type":"post","link":"https:\/\/dipos.rs\/en\/news-cat\/dipos-for-a-greener-serbia\/","title":{"rendered":"Dipos for a greener Serbia"},"content":{"rendered":"<p>[et_pb_section bb_built=&#8217;1&#8242;][et_pb_row ][et_pb_column type=&#8217;4_4&#8242;][et_pb_text _builder_version=&#8217;4.4.5&#8242;]<\/p>\n<p><span>For a greener Serbia! At Dipos, we treat waste as a value and waste processing as an industry. We take the importance of recycling in order to protect the environment very seriously, as well as our responsibility towards the Planet.<\/span><\/p>\n<p><span>That is why we have set up a container for collecting paper in our company, which is one of the most suitable raw materials for recycling.<\/span><\/p>\n<p>[\/et_pb_text][\/et_pb_column][\/et_pb_row][et_pb_row ][et_pb_column type=&#8217;1_2&#8242;][et_pb_image _builder_version=&#8217;4.4.5&#8242; src=&#8217;https:\/\/dipos.rs\/wp-content\/uploads\/2023\/02\/9-scaled.jpg&#8217; show_in_lightbox=&#8217;on&#8217; \/][\/et_pb_column][et_pb_column type=&#8217;1_2&#8242;][et_pb_image _builder_version=&#8217;4.4.5&#8242; src=&#8217;https:\/\/dipos.rs\/wp-content\/uploads\/2023\/02\/6-ili-7-koja-vam-vise-odgovara-scaled.jpg&#8217; show_in_lightbox=&#8217;on&#8217; \/][\/et_pb_column][\/et_pb_row][et_pb_row ][et_pb_column type=&#8217;4_4&#8242;][et_pb_text _builder_version=&#8217;4.4.5&#8242;]<\/p>\n<p><span>Paper can be recycled five to seven times, and in addition to saving natural resources and energy, recycling waste paper pollutes 74 percent less air and 35 percent less water than producing it from raw wood.<\/span><\/p>\n<p><span>For a greener Serbia!<\/span><\/p>\n<p>[\/et_pb_text][\/et_pb_column][\/et_pb_row][\/et_pb_section]<\/p>\n","protected":false},"excerpt":{"rendered":"<p>For a greener Serbia! At Dipos, we treat waste as a value and waste processing as an industry. We take the importance of recycling in order to protect the environment very seriously, as well as our responsibility towards the Planet. That is why we have set up a container for collecting paper in our company, [&hellip;]<\/p>\n","protected":false},"author":4,"featured_media":8253,"comment_status":"closed","ping_status":"closed","sticky":false,"template":"","format":"standard","meta":{"_et_pb_use_builder":"o","_et_pb_old_content":"","_et_gb_content_width":"","inline_featured_image":false,"footnotes":""},"categories":[34],"tags":[],"class_list":["post-8256","post","type-post","status-publish","format-standard","has-post-thumbnail","hentry","category-news-cat"],"yoast_head":"<!-- This site is optimized with the Yoast SEO Premium plugin v22.2 (Yoast SEO v27.4) - https:\/\/yoast.com\/product\/yoast-seo-premium-wordpress\/ -->\n<title>Dipos for a greener Serbia - Dipos recycling, environmental protection<\/title>\n<meta name=\"description\" content=\"We treat waste as a value, waste processing as industry and we take the importance of recycling to protect the environment very seriously.\" \/>\n<meta name=\"robots\" content=\"index, follow, max-snippet:-1, max-image-preview:large, max-video-preview:-1\" \/>\n<link rel=\"canonical\" href=\"https:\/\/dipos.rs\/en\/news-cat\/dipos-for-a-greener-serbia\/\" \/>\n<meta property=\"og:locale\" content=\"en_US\" \/>\n<meta property=\"og:type\" content=\"article\" \/>\n<meta property=\"og:title\" content=\"Dipos for a greener Serbia\" \/>\n<meta property=\"og:description\" content=\"We treat waste as a value, waste processing as industry and we take the importance of recycling to protect the environment very seriously.\" \/>\n<meta property=\"og:url\" content=\"https:\/\/dipos.rs\/en\/news-cat\/dipos-for-a-greener-serbia\/\" \/>\n<meta property=\"og:site_name\" content=\"Dipos\" \/>\n<meta property=\"article:published_time\" content=\"2023-02-22T12:04:09+00:00\" \/>\n<meta property=\"article:modified_time\" content=\"2023-02-22T12:21:34+00:00\" \/>\n<meta property=\"og:image\" content=\"https:\/\/dipos.rs\/wp-content\/uploads\/2023\/02\/6-ili-7-koja-vam-vise-odgovara-scaled.jpg\" \/>\n\t<meta property=\"og:image:width\" content=\"2560\" \/>\n\t<meta property=\"og:image:height\" content=\"1920\" \/>\n\t<meta property=\"og:image:type\" content=\"image\/jpeg\" \/>\n<meta name=\"author\" content=\"marko.stojkovic\" \/>\n<meta name=\"twitter:card\" content=\"summary_large_image\" \/>\n<meta name=\"twitter:label1\" content=\"Written by\" \/>\n\t<meta name=\"twitter:data1\" content=\"marko.stojkovic\" \/>\n\t<meta name=\"twitter:label2\" content=\"Est. reading time\" \/>\n\t<meta name=\"twitter:data2\" content=\"1 minute\" \/>\n<script type=\"application\/ld+json\" class=\"yoast-schema-graph\">{\"@context\":\"https:\\\/\\\/schema.org\",\"@graph\":[{\"@type\":\"Article\",\"@id\":\"https:\\\/\\\/dipos.rs\\\/en\\\/news-cat\\\/dipos-for-a-greener-serbia\\\/#article\",\"isPartOf\":{\"@id\":\"https:\\\/\\\/dipos.rs\\\/en\\\/news-cat\\\/dipos-for-a-greener-serbia\\\/\"},\"author\":{\"name\":\"marko.stojkovic\",\"@id\":\"https:\\\/\\\/dipos.rs\\\/en\\\/#\\\/schema\\\/person\\\/c20ee3851ab019e33d634e66aaf1149f\"},\"headline\":\"Dipos for a greener Serbia\",\"datePublished\":\"2023-02-22T12:04:09+00:00\",\"dateModified\":\"2023-02-22T12:21:34+00:00\",\"mainEntityOfPage\":{\"@id\":\"https:\\\/\\\/dipos.rs\\\/en\\\/news-cat\\\/dipos-for-a-greener-serbia\\\/\"},\"wordCount\":232,\"publisher\":{\"@id\":\"https:\\\/\\\/dipos.rs\\\/en\\\/#organization\"},\"image\":{\"@id\":\"https:\\\/\\\/dipos.rs\\\/en\\\/news-cat\\\/dipos-for-a-greener-serbia\\\/#primaryimage\"},\"thumbnailUrl\":\"https:\\\/\\\/dipos.rs\\\/wp-content\\\/uploads\\\/2023\\\/02\\\/6-ili-7-koja-vam-vise-odgovara-scaled.jpg\",\"articleSection\":[\"News\"],\"inLanguage\":\"en-US\"},{\"@type\":\"WebPage\",\"@id\":\"https:\\\/\\\/dipos.rs\\\/en\\\/news-cat\\\/dipos-for-a-greener-serbia\\\/\",\"url\":\"https:\\\/\\\/dipos.rs\\\/en\\\/news-cat\\\/dipos-for-a-greener-serbia\\\/\",\"name\":\"Dipos for a greener Serbia - Dipos recycling, environmental protection\",\"isPartOf\":{\"@id\":\"https:\\\/\\\/dipos.rs\\\/en\\\/#website\"},\"primaryImageOfPage\":{\"@id\":\"https:\\\/\\\/dipos.rs\\\/en\\\/news-cat\\\/dipos-for-a-greener-serbia\\\/#primaryimage\"},\"image\":{\"@id\":\"https:\\\/\\\/dipos.rs\\\/en\\\/news-cat\\\/dipos-for-a-greener-serbia\\\/#primaryimage\"},\"thumbnailUrl\":\"https:\\\/\\\/dipos.rs\\\/wp-content\\\/uploads\\\/2023\\\/02\\\/6-ili-7-koja-vam-vise-odgovara-scaled.jpg\",\"datePublished\":\"2023-02-22T12:04:09+00:00\",\"dateModified\":\"2023-02-22T12:21:34+00:00\",\"description\":\"We treat waste as a value, waste processing as industry and we take the importance of recycling to protect the environment very seriously.\",\"breadcrumb\":{\"@id\":\"https:\\\/\\\/dipos.rs\\\/en\\\/news-cat\\\/dipos-for-a-greener-serbia\\\/#breadcrumb\"},\"inLanguage\":\"en-US\",\"potentialAction\":[{\"@type\":\"ReadAction\",\"target\":[\"https:\\\/\\\/dipos.rs\\\/en\\\/news-cat\\\/dipos-for-a-greener-serbia\\\/\"]}]},{\"@type\":\"ImageObject\",\"inLanguage\":\"en-US\",\"@id\":\"https:\\\/\\\/dipos.rs\\\/en\\\/news-cat\\\/dipos-for-a-greener-serbia\\\/#primaryimage\",\"url\":\"https:\\\/\\\/dipos.rs\\\/wp-content\\\/uploads\\\/2023\\\/02\\\/6-ili-7-koja-vam-vise-odgovara-scaled.jpg\",\"contentUrl\":\"https:\\\/\\\/dipos.rs\\\/wp-content\\\/uploads\\\/2023\\\/02\\\/6-ili-7-koja-vam-vise-odgovara-scaled.jpg\",\"width\":2560,\"height\":1920,\"caption\":\"\u0414\u0438\u043f\u043e\u0441 \u0440\u0435\u0446\u0438\u043a\u043b\u0430\u0436\u0430 1\"},{\"@type\":\"BreadcrumbList\",\"@id\":\"https:\\\/\\\/dipos.rs\\\/en\\\/news-cat\\\/dipos-for-a-greener-serbia\\\/#breadcrumb\",\"itemListElement\":[{\"@type\":\"ListItem\",\"position\":1,\"name\":\"Home\",\"item\":\"https:\\\/\\\/dipos.rs\\\/en\\\/\"},{\"@type\":\"ListItem\",\"position\":2,\"name\":\"Dipos for a greener Serbia\"}]},{\"@type\":\"WebSite\",\"@id\":\"https:\\\/\\\/dipos.rs\\\/en\\\/#website\",\"url\":\"https:\\\/\\\/dipos.rs\\\/en\\\/\",\"name\":\"\u0414\u0438\u043f\u043e\u0441\",\"description\":\"Privredno dru\u0161tvo koje se bavi upravljanjem, izdavanjem i odr\u017eavanjem nekretnina u vlasni\u0161tvu Republike Srbije\",\"publisher\":{\"@id\":\"https:\\\/\\\/dipos.rs\\\/en\\\/#organization\"},\"potentialAction\":[{\"@type\":\"SearchAction\",\"target\":{\"@type\":\"EntryPoint\",\"urlTemplate\":\"https:\\\/\\\/dipos.rs\\\/en\\\/?s={search_term_string}\"},\"query-input\":{\"@type\":\"PropertyValueSpecification\",\"valueRequired\":true,\"valueName\":\"search_term_string\"}}],\"inLanguage\":\"en-US\"},{\"@type\":\"Organization\",\"@id\":\"https:\\\/\\\/dipos.rs\\\/en\\\/#organization\",\"name\":\"\u0414\u0438\u043f\u043e\u0441\",\"url\":\"https:\\\/\\\/dipos.rs\\\/en\\\/\",\"logo\":{\"@type\":\"ImageObject\",\"inLanguage\":\"en-US\",\"@id\":\"https:\\\/\\\/dipos.rs\\\/en\\\/#\\\/schema\\\/logo\\\/image\\\/\",\"url\":\"https:\\\/\\\/dipos.rs\\\/wp-content\\\/uploads\\\/2022\\\/04\\\/logo-plavi.png\",\"contentUrl\":\"https:\\\/\\\/dipos.rs\\\/wp-content\\\/uploads\\\/2022\\\/04\\\/logo-plavi.png\",\"width\":380,\"height\":280,\"caption\":\"\u0414\u0438\u043f\u043e\u0441\"},\"image\":{\"@id\":\"https:\\\/\\\/dipos.rs\\\/en\\\/#\\\/schema\\\/logo\\\/image\\\/\"}},{\"@type\":\"Person\",\"@id\":\"https:\\\/\\\/dipos.rs\\\/en\\\/#\\\/schema\\\/person\\\/c20ee3851ab019e33d634e66aaf1149f\",\"name\":\"marko.stojkovic\",\"image\":{\"@type\":\"ImageObject\",\"inLanguage\":\"en-US\",\"@id\":\"https:\\\/\\\/secure.gravatar.com\\\/avatar\\\/2266a4748fcc81af4e2ff41102d207aea3f59a4334f69611ab79a1873aad60d8?s=96&d=mm&r=g\",\"url\":\"https:\\\/\\\/secure.gravatar.com\\\/avatar\\\/2266a4748fcc81af4e2ff41102d207aea3f59a4334f69611ab79a1873aad60d8?s=96&d=mm&r=g\",\"contentUrl\":\"https:\\\/\\\/secure.gravatar.com\\\/avatar\\\/2266a4748fcc81af4e2ff41102d207aea3f59a4334f69611ab79a1873aad60d8?s=96&d=mm&r=g\",\"caption\":\"marko.stojkovic\"},\"url\":\"https:\\\/\\\/dipos.rs\\\/en\\\/author\\\/marko-stojkovic\\\/\"}]}<\/script>\n<!-- \/ Yoast SEO Premium plugin. -->","yoast_head_json":{"title":"Dipos for a greener Serbia - Dipos recycling, environmental protection","description":"We treat waste as a value, waste processing as industry and we take the importance of recycling to protect the environment very seriously.","robots":{"index":"index","follow":"follow","max-snippet":"max-snippet:-1","max-image-preview":"max-image-preview:large","max-video-preview":"max-video-preview:-1"},"canonical":"https:\/\/dipos.rs\/en\/news-cat\/dipos-for-a-greener-serbia\/","og_locale":"en_US","og_type":"article","og_title":"Dipos for a greener Serbia","og_description":"We treat waste as a value, waste processing as industry and we take the importance of recycling to protect the environment very seriously.","og_url":"https:\/\/dipos.rs\/en\/news-cat\/dipos-for-a-greener-serbia\/","og_site_name":"Dipos","article_published_time":"2023-02-22T12:04:09+00:00","article_modified_time":"2023-02-22T12:21:34+00:00","og_image":[{"width":2560,"height":1920,"url":"https:\/\/dipos.rs\/wp-content\/uploads\/2023\/02\/6-ili-7-koja-vam-vise-odgovara-scaled.jpg","type":"image\/jpeg"}],"author":"marko.stojkovic","twitter_card":"summary_large_image","twitter_misc":{"Written by":"marko.stojkovic","Est. reading time":"1 minute"},"schema":{"@context":"https:\/\/schema.org","@graph":[{"@type":"Article","@id":"https:\/\/dipos.rs\/en\/news-cat\/dipos-for-a-greener-serbia\/#article","isPartOf":{"@id":"https:\/\/dipos.rs\/en\/news-cat\/dipos-for-a-greener-serbia\/"},"author":{"name":"marko.stojkovic","@id":"https:\/\/dipos.rs\/en\/#\/schema\/person\/c20ee3851ab019e33d634e66aaf1149f"},"headline":"Dipos for a greener Serbia","datePublished":"2023-02-22T12:04:09+00:00","dateModified":"2023-02-22T12:21:34+00:00","mainEntityOfPage":{"@id":"https:\/\/dipos.rs\/en\/news-cat\/dipos-for-a-greener-serbia\/"},"wordCount":232,"publisher":{"@id":"https:\/\/dipos.rs\/en\/#organization"},"image":{"@id":"https:\/\/dipos.rs\/en\/news-cat\/dipos-for-a-greener-serbia\/#primaryimage"},"thumbnailUrl":"https:\/\/dipos.rs\/wp-content\/uploads\/2023\/02\/6-ili-7-koja-vam-vise-odgovara-scaled.jpg","articleSection":["News"],"inLanguage":"en-US"},{"@type":"WebPage","@id":"https:\/\/dipos.rs\/en\/news-cat\/dipos-for-a-greener-serbia\/","url":"https:\/\/dipos.rs\/en\/news-cat\/dipos-for-a-greener-serbia\/","name":"Dipos for a greener Serbia - Dipos recycling, environmental protection","isPartOf":{"@id":"https:\/\/dipos.rs\/en\/#website"},"primaryImageOfPage":{"@id":"https:\/\/dipos.rs\/en\/news-cat\/dipos-for-a-greener-serbia\/#primaryimage"},"image":{"@id":"https:\/\/dipos.rs\/en\/news-cat\/dipos-for-a-greener-serbia\/#primaryimage"},"thumbnailUrl":"https:\/\/dipos.rs\/wp-content\/uploads\/2023\/02\/6-ili-7-koja-vam-vise-odgovara-scaled.jpg","datePublished":"2023-02-22T12:04:09+00:00","dateModified":"2023-02-22T12:21:34+00:00","description":"We treat waste as a value, waste processing as industry and we take the importance of recycling to protect the environment very seriously.","breadcrumb":{"@id":"https:\/\/dipos.rs\/en\/news-cat\/dipos-for-a-greener-serbia\/#breadcrumb"},"inLanguage":"en-US","potentialAction":[{"@type":"ReadAction","target":["https:\/\/dipos.rs\/en\/news-cat\/dipos-for-a-greener-serbia\/"]}]},{"@type":"ImageObject","inLanguage":"en-US","@id":"https:\/\/dipos.rs\/en\/news-cat\/dipos-for-a-greener-serbia\/#primaryimage","url":"https:\/\/dipos.rs\/wp-content\/uploads\/2023\/02\/6-ili-7-koja-vam-vise-odgovara-scaled.jpg","contentUrl":"https:\/\/dipos.rs\/wp-content\/uploads\/2023\/02\/6-ili-7-koja-vam-vise-odgovara-scaled.jpg","width":2560,"height":1920,"caption":"\u0414\u0438\u043f\u043e\u0441 \u0440\u0435\u0446\u0438\u043a\u043b\u0430\u0436\u0430 1"},{"@type":"BreadcrumbList","@id":"https:\/\/dipos.rs\/en\/news-cat\/dipos-for-a-greener-serbia\/#breadcrumb","itemListElement":[{"@type":"ListItem","position":1,"name":"Home","item":"https:\/\/dipos.rs\/en\/"},{"@type":"ListItem","position":2,"name":"Dipos for a greener Serbia"}]},{"@type":"WebSite","@id":"https:\/\/dipos.rs\/en\/#website","url":"https:\/\/dipos.rs\/en\/","name":"\u0414\u0438\u043f\u043e\u0441","description":"Privredno dru\u0161tvo koje se bavi upravljanjem, izdavanjem i odr\u017eavanjem nekretnina u vlasni\u0161tvu Republike Srbije","publisher":{"@id":"https:\/\/dipos.rs\/en\/#organization"},"potentialAction":[{"@type":"SearchAction","target":{"@type":"EntryPoint","urlTemplate":"https:\/\/dipos.rs\/en\/?s={search_term_string}"},"query-input":{"@type":"PropertyValueSpecification","valueRequired":true,"valueName":"search_term_string"}}],"inLanguage":"en-US"},{"@type":"Organization","@id":"https:\/\/dipos.rs\/en\/#organization","name":"\u0414\u0438\u043f\u043e\u0441","url":"https:\/\/dipos.rs\/en\/","logo":{"@type":"ImageObject","inLanguage":"en-US","@id":"https:\/\/dipos.rs\/en\/#\/schema\/logo\/image\/","url":"https:\/\/dipos.rs\/wp-content\/uploads\/2022\/04\/logo-plavi.png","contentUrl":"https:\/\/dipos.rs\/wp-content\/uploads\/2022\/04\/logo-plavi.png","width":380,"height":280,"caption":"\u0414\u0438\u043f\u043e\u0441"},"image":{"@id":"https:\/\/dipos.rs\/en\/#\/schema\/logo\/image\/"}},{"@type":"Person","@id":"https:\/\/dipos.rs\/en\/#\/schema\/person\/c20ee3851ab019e33d634e66aaf1149f","name":"marko.stojkovic","image":{"@type":"ImageObject","inLanguage":"en-US","@id":"https:\/\/secure.gravatar.com\/avatar\/2266a4748fcc81af4e2ff41102d207aea3f59a4334f69611ab79a1873aad60d8?s=96&d=mm&r=g","url":"https:\/\/secure.gravatar.com\/avatar\/2266a4748fcc81af4e2ff41102d207aea3f59a4334f69611ab79a1873aad60d8?s=96&d=mm&r=g","contentUrl":"https:\/\/secure.gravatar.com\/avatar\/2266a4748fcc81af4e2ff41102d207aea3f59a4334f69611ab79a1873aad60d8?s=96&d=mm&r=g","caption":"marko.stojkovic"},"url":"https:\/\/dipos.rs\/en\/author\/marko-stojkovic\/"}]}},"_links":{"self":[{"href":"https:\/\/dipos.rs\/en\/wp-json\/wp\/v2\/posts\/8256","targetHints":{"allow":["GET"]}}],"collection":[{"href":"https:\/\/dipos.rs\/en\/wp-json\/wp\/v2\/posts"}],"about":[{"href":"https:\/\/dipos.rs\/en\/wp-json\/wp\/v2\/types\/post"}],"author":[{"embeddable":true,"href":"https:\/\/dipos.rs\/en\/wp-json\/wp\/v2\/users\/4"}],"replies":[{"embeddable":true,"href":"https:\/\/dipos.rs\/en\/wp-json\/wp\/v2\/comments?post=8256"}],"version-history":[{"count":0,"href":"https:\/\/dipos.rs\/en\/wp-json\/wp\/v2\/posts\/8256\/revisions"}],"wp:featuredmedia":[{"embeddable":true,"href":"https:\/\/dipos.rs\/en\/wp-json\/wp\/v2\/media\/8253"}],"wp:attachment":[{"href":"https:\/\/dipos.rs\/en\/wp-json\/wp\/v2\/media?parent=8256"}],"wp:term":[{"taxonomy":"category","embeddable":true,"href":"https:\/\/dipos.rs\/en\/wp-json\/wp\/v2\/categories?post=8256"},{"taxonomy":"post_tag","embeddable":true,"href":"https:\/\/dipos.rs\/en\/wp-json\/wp\/v2\/tags?post=8256"}],"curies":[{"name":"wp","href":"https:\/\/api.w.org\/{rel}","templated":true}]}}