{"id":8403,"date":"2023-04-06T13:28:15","date_gmt":"2023-04-06T11:28:15","guid":{"rendered":"https:\/\/F03E04E6-CAEC-498A-9059-2BECA58FD186"},"modified":"2023-04-06T13:54:04","modified_gmt":"2023-04-06T11:54:04","slug":"dipos-hosted-the-newly-accredited-ambassador-of-the-republic-of-cuba","status":"publish","type":"post","link":"https:\/\/dipos.rs\/en\/news-cat\/dipos-hosted-the-newly-accredited-ambassador-of-the-republic-of-cuba\/","title":{"rendered":"Dipos hosted the newly accredited ambassador of the Republic of Cuba"},"content":{"rendered":"<p>[et_pb_section bb_built=&#8217;1&#8242; inner_width=&#8217;auto&#8217; inner_max_width=&#8217;1100px&#8217;][et_pb_row ][et_pb_column type=&#8217;4_4&#8242; custom_padding__hover=&#8217;|||&#8217; custom_padding=&#8217;|||&#8217;][et_pb_text _builder_version=&#8217;4.4.5&#8242;]<\/p>\n<p>Today&#8217;s visit of the newly accredited ambassador of the Republic of Cuba, H.E. Mr. Leyde Ernesto Rodr\u00edguez Hern\u00e1ndez is another in a series of cordial and friendly meetings between the director of Dipos, Mr. Krivokapic, and representatives of the diplomatic community in Belgrade.<\/p>\n<p>[\/et_pb_text][et_pb_image _builder_version=&#8217;4.4.5&#8242; src=&#8217;https:\/\/dipos.rs\/wp-content\/uploads\/2023\/04\/2.-predlog-scaled.jpg&#8217; show_in_lightbox=&#8217;on&#8217; \/][et_pb_text _builder_version=&#8217;4.4.5&#8242;]<\/p>\n<p>The Director of Dipos, Mr. Krivokapic, at the beginning of today&#8217;s conversation, welcomed the ambassador, H.E. Mr. Rodr\u00edguez Hern\u00e1ndez, introduced him more closely to the work of Dipos and especially noted that the Cuban embassy in Dipos will always have a good partner, and the ambassador a safe support during his work and stay in Belgrade.<\/p>\n<p>Thanking for the warm welcome and cordial meeting, Mr. Rodr\u00edguez Hernandez pointed out that he greatly appreciates the extraordinary cooperation that the Dipos and the Embassy have been fostering for years.<\/p>\n<p>[\/et_pb_text][et_pb_image _builder_version=&#8217;4.4.5&#8242; src=&#8217;https:\/\/dipos.rs\/wp-content\/uploads\/2023\/04\/1.1.-predlog-scaled.jpg&#8217; show_in_lightbox=&#8217;on&#8217; \/][et_pb_text _builder_version=&#8217;4.4.5&#8242;]<\/p>\n<p>In addition to the courtesy meeting, the topic of today&#8217;s conversation was the establishment of closer cooperation between the Dipos and the Embassy of Cuba through the exchange of experiences and delegations with the company that takes care of housing members of the diplomatic community in Cuba.<\/p>\n<p>During the friendly conversation, both parties expressed great satisfaction with the long-term mutual cooperation, the quality of services provided by the Company to the esteemed Embassy, and considered the possibility of additional improvement of business cooperation.<\/p>\n<p>The ambassador&#8217;s assistant, Mrs. Natalija Stojankic, and the deputy director of Dipos, Ivana Milosavljevic, also had the pleasure of attending this meeting.<\/p>\n<p>[\/et_pb_text][\/et_pb_column][\/et_pb_row][\/et_pb_section]<\/p>\n","protected":false},"excerpt":{"rendered":"<p>Today&#8217;s visit of the newly accredited ambassador of the Republic of Cuba, H.E. Mr. Leyde Ernesto Rodr\u00edguez Hern\u00e1ndez is another in a series of cordial and friendly meetings between the director of Dipos, Mr. Krivokapic, and representatives of the diplomatic community in Belgrade. The Director of Dipos, Mr. Krivokapic, at the beginning of today&#8217;s conversation, [&hellip;]<\/p>\n","protected":false},"author":4,"featured_media":8399,"comment_status":"closed","ping_status":"closed","sticky":false,"template":"","format":"standard","meta":{"_et_pb_use_builder":"o","_et_pb_old_content":"","_et_gb_content_width":"","inline_featured_image":false,"footnotes":""},"categories":[34],"tags":[],"class_list":["post-8403","post","type-post","status-publish","format-standard","has-post-thumbnail","hentry","category-news-cat"],"yoast_head":"<!-- This site is optimized with the Yoast SEO Premium plugin v22.2 (Yoast SEO v27.4) - https:\/\/yoast.com\/product\/yoast-seo-premium-wordpress\/ -->\n<title>Dipos hosted the newly accredited ambassador of the Republic of Cuba - Dipos<\/title>\n<meta name=\"description\" content=\"Visit of newly accredited ambassador of Cuba to Dipos, long cooperstion, Cuba in Belgrade, Serbia Cuba embassy of Cuba\" \/>\n<meta name=\"robots\" content=\"index, follow, max-snippet:-1, max-image-preview:large, max-video-preview:-1\" \/>\n<link rel=\"canonical\" href=\"https:\/\/dipos.rs\/en\/news-cat\/dipos-hosted-the-newly-accredited-ambassador-of-the-republic-of-cuba\/\" \/>\n<meta property=\"og:locale\" content=\"en_US\" \/>\n<meta property=\"og:type\" content=\"article\" \/>\n<meta property=\"og:title\" content=\"Dipos hosted the newly accredited ambassador of the Republic of Cuba\" \/>\n<meta property=\"og:description\" content=\"Visit of newly accredited ambassador of Cuba to Dipos, long cooperstion, Cuba in Belgrade, Serbia Cuba embassy of Cuba\" \/>\n<meta property=\"og:url\" content=\"https:\/\/dipos.rs\/en\/news-cat\/dipos-hosted-the-newly-accredited-ambassador-of-the-republic-of-cuba\/\" \/>\n<meta property=\"og:site_name\" content=\"Dipos\" \/>\n<meta property=\"article:published_time\" content=\"2023-04-06T11:28:15+00:00\" \/>\n<meta property=\"article:modified_time\" content=\"2023-04-06T11:54:04+00:00\" \/>\n<meta property=\"og:image\" content=\"https:\/\/dipos.rs\/wp-content\/uploads\/2023\/04\/1.1.-predlog-scaled.jpg\" \/>\n\t<meta property=\"og:image:width\" content=\"2560\" \/>\n\t<meta property=\"og:image:height\" content=\"2507\" \/>\n\t<meta property=\"og:image:type\" content=\"image\/jpeg\" \/>\n<meta name=\"author\" content=\"marko.stojkovic\" \/>\n<meta name=\"twitter:card\" content=\"summary_large_image\" \/>\n<meta name=\"twitter:label1\" content=\"Written by\" \/>\n\t<meta name=\"twitter:data1\" content=\"marko.stojkovic\" \/>\n\t<meta name=\"twitter:label2\" content=\"Est. reading time\" \/>\n\t<meta name=\"twitter:data2\" content=\"2 minutes\" \/>\n<script type=\"application\/ld+json\" class=\"yoast-schema-graph\">{\"@context\":\"https:\\\/\\\/schema.org\",\"@graph\":[{\"@type\":\"Article\",\"@id\":\"https:\\\/\\\/dipos.rs\\\/en\\\/news-cat\\\/dipos-hosted-the-newly-accredited-ambassador-of-the-republic-of-cuba\\\/#article\",\"isPartOf\":{\"@id\":\"https:\\\/\\\/dipos.rs\\\/en\\\/news-cat\\\/dipos-hosted-the-newly-accredited-ambassador-of-the-republic-of-cuba\\\/\"},\"author\":{\"name\":\"marko.stojkovic\",\"@id\":\"https:\\\/\\\/dipos.rs\\\/en\\\/#\\\/schema\\\/person\\\/c20ee3851ab019e33d634e66aaf1149f\"},\"headline\":\"Dipos hosted the newly accredited ambassador of the Republic of Cuba\",\"datePublished\":\"2023-04-06T11:28:15+00:00\",\"dateModified\":\"2023-04-06T11:54:04+00:00\",\"mainEntityOfPage\":{\"@id\":\"https:\\\/\\\/dipos.rs\\\/en\\\/news-cat\\\/dipos-hosted-the-newly-accredited-ambassador-of-the-republic-of-cuba\\\/\"},\"wordCount\":363,\"publisher\":{\"@id\":\"https:\\\/\\\/dipos.rs\\\/en\\\/#organization\"},\"image\":{\"@id\":\"https:\\\/\\\/dipos.rs\\\/en\\\/news-cat\\\/dipos-hosted-the-newly-accredited-ambassador-of-the-republic-of-cuba\\\/#primaryimage\"},\"thumbnailUrl\":\"https:\\\/\\\/dipos.rs\\\/wp-content\\\/uploads\\\/2023\\\/04\\\/1.1.-predlog-scaled.jpg\",\"articleSection\":[\"News\"],\"inLanguage\":\"en-US\"},{\"@type\":\"WebPage\",\"@id\":\"https:\\\/\\\/dipos.rs\\\/en\\\/news-cat\\\/dipos-hosted-the-newly-accredited-ambassador-of-the-republic-of-cuba\\\/\",\"url\":\"https:\\\/\\\/dipos.rs\\\/en\\\/news-cat\\\/dipos-hosted-the-newly-accredited-ambassador-of-the-republic-of-cuba\\\/\",\"name\":\"Dipos hosted the newly accredited ambassador of the Republic of Cuba - Dipos\",\"isPartOf\":{\"@id\":\"https:\\\/\\\/dipos.rs\\\/en\\\/#website\"},\"primaryImageOfPage\":{\"@id\":\"https:\\\/\\\/dipos.rs\\\/en\\\/news-cat\\\/dipos-hosted-the-newly-accredited-ambassador-of-the-republic-of-cuba\\\/#primaryimage\"},\"image\":{\"@id\":\"https:\\\/\\\/dipos.rs\\\/en\\\/news-cat\\\/dipos-hosted-the-newly-accredited-ambassador-of-the-republic-of-cuba\\\/#primaryimage\"},\"thumbnailUrl\":\"https:\\\/\\\/dipos.rs\\\/wp-content\\\/uploads\\\/2023\\\/04\\\/1.1.-predlog-scaled.jpg\",\"datePublished\":\"2023-04-06T11:28:15+00:00\",\"dateModified\":\"2023-04-06T11:54:04+00:00\",\"description\":\"Visit of newly accredited ambassador of Cuba to Dipos, long cooperstion, Cuba in Belgrade, Serbia Cuba embassy of Cuba\",\"breadcrumb\":{\"@id\":\"https:\\\/\\\/dipos.rs\\\/en\\\/news-cat\\\/dipos-hosted-the-newly-accredited-ambassador-of-the-republic-of-cuba\\\/#breadcrumb\"},\"inLanguage\":\"en-US\",\"potentialAction\":[{\"@type\":\"ReadAction\",\"target\":[\"https:\\\/\\\/dipos.rs\\\/en\\\/news-cat\\\/dipos-hosted-the-newly-accredited-ambassador-of-the-republic-of-cuba\\\/\"]}]},{\"@type\":\"ImageObject\",\"inLanguage\":\"en-US\",\"@id\":\"https:\\\/\\\/dipos.rs\\\/en\\\/news-cat\\\/dipos-hosted-the-newly-accredited-ambassador-of-the-republic-of-cuba\\\/#primaryimage\",\"url\":\"https:\\\/\\\/dipos.rs\\\/wp-content\\\/uploads\\\/2023\\\/04\\\/1.1.-predlog-scaled.jpg\",\"contentUrl\":\"https:\\\/\\\/dipos.rs\\\/wp-content\\\/uploads\\\/2023\\\/04\\\/1.1.-predlog-scaled.jpg\",\"width\":2560,\"height\":2507,\"caption\":\"Dipos Ambasada Kube u Srbiji, direktor Djoko Krivokapic DIpos i novoimenovani ambasador Kube 2\"},{\"@type\":\"BreadcrumbList\",\"@id\":\"https:\\\/\\\/dipos.rs\\\/en\\\/news-cat\\\/dipos-hosted-the-newly-accredited-ambassador-of-the-republic-of-cuba\\\/#breadcrumb\",\"itemListElement\":[{\"@type\":\"ListItem\",\"position\":1,\"name\":\"Home\",\"item\":\"https:\\\/\\\/dipos.rs\\\/en\\\/\"},{\"@type\":\"ListItem\",\"position\":2,\"name\":\"Dipos hosted the newly accredited ambassador of the Republic of Cuba\"}]},{\"@type\":\"WebSite\",\"@id\":\"https:\\\/\\\/dipos.rs\\\/en\\\/#website\",\"url\":\"https:\\\/\\\/dipos.rs\\\/en\\\/\",\"name\":\"\u0414\u0438\u043f\u043e\u0441\",\"description\":\"Privredno dru\u0161tvo koje se bavi upravljanjem, izdavanjem i odr\u017eavanjem nekretnina u vlasni\u0161tvu Republike Srbije\",\"publisher\":{\"@id\":\"https:\\\/\\\/dipos.rs\\\/en\\\/#organization\"},\"potentialAction\":[{\"@type\":\"SearchAction\",\"target\":{\"@type\":\"EntryPoint\",\"urlTemplate\":\"https:\\\/\\\/dipos.rs\\\/en\\\/?s={search_term_string}\"},\"query-input\":{\"@type\":\"PropertyValueSpecification\",\"valueRequired\":true,\"valueName\":\"search_term_string\"}}],\"inLanguage\":\"en-US\"},{\"@type\":\"Organization\",\"@id\":\"https:\\\/\\\/dipos.rs\\\/en\\\/#organization\",\"name\":\"\u0414\u0438\u043f\u043e\u0441\",\"url\":\"https:\\\/\\\/dipos.rs\\\/en\\\/\",\"logo\":{\"@type\":\"ImageObject\",\"inLanguage\":\"en-US\",\"@id\":\"https:\\\/\\\/dipos.rs\\\/en\\\/#\\\/schema\\\/logo\\\/image\\\/\",\"url\":\"https:\\\/\\\/dipos.rs\\\/wp-content\\\/uploads\\\/2022\\\/04\\\/logo-plavi.png\",\"contentUrl\":\"https:\\\/\\\/dipos.rs\\\/wp-content\\\/uploads\\\/2022\\\/04\\\/logo-plavi.png\",\"width\":380,\"height\":280,\"caption\":\"\u0414\u0438\u043f\u043e\u0441\"},\"image\":{\"@id\":\"https:\\\/\\\/dipos.rs\\\/en\\\/#\\\/schema\\\/logo\\\/image\\\/\"}},{\"@type\":\"Person\",\"@id\":\"https:\\\/\\\/dipos.rs\\\/en\\\/#\\\/schema\\\/person\\\/c20ee3851ab019e33d634e66aaf1149f\",\"name\":\"marko.stojkovic\",\"image\":{\"@type\":\"ImageObject\",\"inLanguage\":\"en-US\",\"@id\":\"https:\\\/\\\/secure.gravatar.com\\\/avatar\\\/2266a4748fcc81af4e2ff41102d207aea3f59a4334f69611ab79a1873aad60d8?s=96&d=mm&r=g\",\"url\":\"https:\\\/\\\/secure.gravatar.com\\\/avatar\\\/2266a4748fcc81af4e2ff41102d207aea3f59a4334f69611ab79a1873aad60d8?s=96&d=mm&r=g\",\"contentUrl\":\"https:\\\/\\\/secure.gravatar.com\\\/avatar\\\/2266a4748fcc81af4e2ff41102d207aea3f59a4334f69611ab79a1873aad60d8?s=96&d=mm&r=g\",\"caption\":\"marko.stojkovic\"},\"url\":\"https:\\\/\\\/dipos.rs\\\/en\\\/author\\\/marko-stojkovic\\\/\"}]}<\/script>\n<!-- \/ Yoast SEO Premium plugin. -->","yoast_head_json":{"title":"Dipos hosted the newly accredited ambassador of the Republic of Cuba - Dipos","description":"Visit of newly accredited ambassador of Cuba to Dipos, long cooperstion, Cuba in Belgrade, Serbia Cuba embassy of Cuba","robots":{"index":"index","follow":"follow","max-snippet":"max-snippet:-1","max-image-preview":"max-image-preview:large","max-video-preview":"max-video-preview:-1"},"canonical":"https:\/\/dipos.rs\/en\/news-cat\/dipos-hosted-the-newly-accredited-ambassador-of-the-republic-of-cuba\/","og_locale":"en_US","og_type":"article","og_title":"Dipos hosted the newly accredited ambassador of the Republic of Cuba","og_description":"Visit of newly accredited ambassador of Cuba to Dipos, long cooperstion, Cuba in Belgrade, Serbia Cuba embassy of Cuba","og_url":"https:\/\/dipos.rs\/en\/news-cat\/dipos-hosted-the-newly-accredited-ambassador-of-the-republic-of-cuba\/","og_site_name":"Dipos","article_published_time":"2023-04-06T11:28:15+00:00","article_modified_time":"2023-04-06T11:54:04+00:00","og_image":[{"width":2560,"height":2507,"url":"https:\/\/dipos.rs\/wp-content\/uploads\/2023\/04\/1.1.-predlog-scaled.jpg","type":"image\/jpeg"}],"author":"marko.stojkovic","twitter_card":"summary_large_image","twitter_misc":{"Written by":"marko.stojkovic","Est. reading time":"2 minutes"},"schema":{"@context":"https:\/\/schema.org","@graph":[{"@type":"Article","@id":"https:\/\/dipos.rs\/en\/news-cat\/dipos-hosted-the-newly-accredited-ambassador-of-the-republic-of-cuba\/#article","isPartOf":{"@id":"https:\/\/dipos.rs\/en\/news-cat\/dipos-hosted-the-newly-accredited-ambassador-of-the-republic-of-cuba\/"},"author":{"name":"marko.stojkovic","@id":"https:\/\/dipos.rs\/en\/#\/schema\/person\/c20ee3851ab019e33d634e66aaf1149f"},"headline":"Dipos hosted the newly accredited ambassador of the Republic of Cuba","datePublished":"2023-04-06T11:28:15+00:00","dateModified":"2023-04-06T11:54:04+00:00","mainEntityOfPage":{"@id":"https:\/\/dipos.rs\/en\/news-cat\/dipos-hosted-the-newly-accredited-ambassador-of-the-republic-of-cuba\/"},"wordCount":363,"publisher":{"@id":"https:\/\/dipos.rs\/en\/#organization"},"image":{"@id":"https:\/\/dipos.rs\/en\/news-cat\/dipos-hosted-the-newly-accredited-ambassador-of-the-republic-of-cuba\/#primaryimage"},"thumbnailUrl":"https:\/\/dipos.rs\/wp-content\/uploads\/2023\/04\/1.1.-predlog-scaled.jpg","articleSection":["News"],"inLanguage":"en-US"},{"@type":"WebPage","@id":"https:\/\/dipos.rs\/en\/news-cat\/dipos-hosted-the-newly-accredited-ambassador-of-the-republic-of-cuba\/","url":"https:\/\/dipos.rs\/en\/news-cat\/dipos-hosted-the-newly-accredited-ambassador-of-the-republic-of-cuba\/","name":"Dipos hosted the newly accredited ambassador of the Republic of Cuba - Dipos","isPartOf":{"@id":"https:\/\/dipos.rs\/en\/#website"},"primaryImageOfPage":{"@id":"https:\/\/dipos.rs\/en\/news-cat\/dipos-hosted-the-newly-accredited-ambassador-of-the-republic-of-cuba\/#primaryimage"},"image":{"@id":"https:\/\/dipos.rs\/en\/news-cat\/dipos-hosted-the-newly-accredited-ambassador-of-the-republic-of-cuba\/#primaryimage"},"thumbnailUrl":"https:\/\/dipos.rs\/wp-content\/uploads\/2023\/04\/1.1.-predlog-scaled.jpg","datePublished":"2023-04-06T11:28:15+00:00","dateModified":"2023-04-06T11:54:04+00:00","description":"Visit of newly accredited ambassador of Cuba to Dipos, long cooperstion, Cuba in Belgrade, Serbia Cuba embassy of Cuba","breadcrumb":{"@id":"https:\/\/dipos.rs\/en\/news-cat\/dipos-hosted-the-newly-accredited-ambassador-of-the-republic-of-cuba\/#breadcrumb"},"inLanguage":"en-US","potentialAction":[{"@type":"ReadAction","target":["https:\/\/dipos.rs\/en\/news-cat\/dipos-hosted-the-newly-accredited-ambassador-of-the-republic-of-cuba\/"]}]},{"@type":"ImageObject","inLanguage":"en-US","@id":"https:\/\/dipos.rs\/en\/news-cat\/dipos-hosted-the-newly-accredited-ambassador-of-the-republic-of-cuba\/#primaryimage","url":"https:\/\/dipos.rs\/wp-content\/uploads\/2023\/04\/1.1.-predlog-scaled.jpg","contentUrl":"https:\/\/dipos.rs\/wp-content\/uploads\/2023\/04\/1.1.-predlog-scaled.jpg","width":2560,"height":2507,"caption":"Dipos Ambasada Kube u Srbiji, direktor Djoko Krivokapic DIpos i novoimenovani ambasador Kube 2"},{"@type":"BreadcrumbList","@id":"https:\/\/dipos.rs\/en\/news-cat\/dipos-hosted-the-newly-accredited-ambassador-of-the-republic-of-cuba\/#breadcrumb","itemListElement":[{"@type":"ListItem","position":1,"name":"Home","item":"https:\/\/dipos.rs\/en\/"},{"@type":"ListItem","position":2,"name":"Dipos hosted the newly accredited ambassador of the Republic of Cuba"}]},{"@type":"WebSite","@id":"https:\/\/dipos.rs\/en\/#website","url":"https:\/\/dipos.rs\/en\/","name":"\u0414\u0438\u043f\u043e\u0441","description":"Privredno dru\u0161tvo koje se bavi upravljanjem, izdavanjem i odr\u017eavanjem nekretnina u vlasni\u0161tvu Republike Srbije","publisher":{"@id":"https:\/\/dipos.rs\/en\/#organization"},"potentialAction":[{"@type":"SearchAction","target":{"@type":"EntryPoint","urlTemplate":"https:\/\/dipos.rs\/en\/?s={search_term_string}"},"query-input":{"@type":"PropertyValueSpecification","valueRequired":true,"valueName":"search_term_string"}}],"inLanguage":"en-US"},{"@type":"Organization","@id":"https:\/\/dipos.rs\/en\/#organization","name":"\u0414\u0438\u043f\u043e\u0441","url":"https:\/\/dipos.rs\/en\/","logo":{"@type":"ImageObject","inLanguage":"en-US","@id":"https:\/\/dipos.rs\/en\/#\/schema\/logo\/image\/","url":"https:\/\/dipos.rs\/wp-content\/uploads\/2022\/04\/logo-plavi.png","contentUrl":"https:\/\/dipos.rs\/wp-content\/uploads\/2022\/04\/logo-plavi.png","width":380,"height":280,"caption":"\u0414\u0438\u043f\u043e\u0441"},"image":{"@id":"https:\/\/dipos.rs\/en\/#\/schema\/logo\/image\/"}},{"@type":"Person","@id":"https:\/\/dipos.rs\/en\/#\/schema\/person\/c20ee3851ab019e33d634e66aaf1149f","name":"marko.stojkovic","image":{"@type":"ImageObject","inLanguage":"en-US","@id":"https:\/\/secure.gravatar.com\/avatar\/2266a4748fcc81af4e2ff41102d207aea3f59a4334f69611ab79a1873aad60d8?s=96&d=mm&r=g","url":"https:\/\/secure.gravatar.com\/avatar\/2266a4748fcc81af4e2ff41102d207aea3f59a4334f69611ab79a1873aad60d8?s=96&d=mm&r=g","contentUrl":"https:\/\/secure.gravatar.com\/avatar\/2266a4748fcc81af4e2ff41102d207aea3f59a4334f69611ab79a1873aad60d8?s=96&d=mm&r=g","caption":"marko.stojkovic"},"url":"https:\/\/dipos.rs\/en\/author\/marko-stojkovic\/"}]}},"_links":{"self":[{"href":"https:\/\/dipos.rs\/en\/wp-json\/wp\/v2\/posts\/8403","targetHints":{"allow":["GET"]}}],"collection":[{"href":"https:\/\/dipos.rs\/en\/wp-json\/wp\/v2\/posts"}],"about":[{"href":"https:\/\/dipos.rs\/en\/wp-json\/wp\/v2\/types\/post"}],"author":[{"embeddable":true,"href":"https:\/\/dipos.rs\/en\/wp-json\/wp\/v2\/users\/4"}],"replies":[{"embeddable":true,"href":"https:\/\/dipos.rs\/en\/wp-json\/wp\/v2\/comments?post=8403"}],"version-history":[{"count":0,"href":"https:\/\/dipos.rs\/en\/wp-json\/wp\/v2\/posts\/8403\/revisions"}],"wp:featuredmedia":[{"embeddable":true,"href":"https:\/\/dipos.rs\/en\/wp-json\/wp\/v2\/media\/8399"}],"wp:attachment":[{"href":"https:\/\/dipos.rs\/en\/wp-json\/wp\/v2\/media?parent=8403"}],"wp:term":[{"taxonomy":"category","embeddable":true,"href":"https:\/\/dipos.rs\/en\/wp-json\/wp\/v2\/categories?post=8403"},{"taxonomy":"post_tag","embeddable":true,"href":"https:\/\/dipos.rs\/en\/wp-json\/wp\/v2\/tags?post=8403"}],"curies":[{"name":"wp","href":"https:\/\/api.w.org\/{rel}","templated":true}]}}