{"id":9008,"date":"2023-11-01T13:15:40","date_gmt":"2023-11-01T12:15:40","guid":{"rendered":"https:\/\/dipos.rs\/ambassador-of-albania-in-a-farewell-visit-to-dipos\/"},"modified":"2023-11-01T15:50:07","modified_gmt":"2023-11-01T14:50:07","slug":"ambassador-of-albania-in-a-farewell-visit-to-dipos","status":"publish","type":"post","link":"https:\/\/dipos.rs\/en\/vest\/ambassador-of-albania-in-a-farewell-visit-to-dipos\/","title":{"rendered":"Ambassador of Albania in a farewell visit to Dipos"},"content":{"rendered":"<p>[et_pb_section bb_built=&#8221;1&#8243;][et_pb_row][et_pb_column type=&#8221;4_4&#8243;][et_pb_text _builder_version=&#8221;4.4.5&#8243;]<\/p>\n<p>In a cordial atmosphere, in the premises of our Company, a farewell meeting was held between the Director of the Company, Ms. Bojana Martinovic, and the Ambassador of the Republic of Albania, H.E. Mr. Iljir Bo\u0107ko, whose diplomatic service in our country is coming to an end.<\/p>\n<p>[\/et_pb_text][et_pb_image _builder_version=&#8221;4.4.5&#8243; show_in_lightbox=&#8221;on&#8221; src=&#8221;https:\/\/dipos.rs\/wp-content\/uploads\/2023\/11\/IMG_1813-scaled.jpg&#8221; \/][et_pb_text _builder_version=&#8221;4.4.5&#8243;]<\/p>\n<p>Speaking about the positive experiences during his stay and work in Belgrade, Ambassador Bo\u0107ka emphasized his satisfaction with the cooperation with Dipos, especially stressing that Dipos always met the needs of the Embassy of Albania in Belgrade and at the same time expressed his belief that the cooperation will continue in the same intensity and quality during the following years.<\/p>\n<p>Thanking the ambassador for the long-term cooperation, director Martinovic presented the ambassador with a suitable gift, expressing her gratitude for the outstanding long-term business cooperation and the shown trust.<\/p>\n<p>[\/et_pb_text][\/et_pb_column][\/et_pb_row][et_pb_row][et_pb_column type=&#8221;1_2&#8243;][et_pb_image _builder_version=&#8221;4.4.5&#8243; show_in_lightbox=&#8221;on&#8221; src=&#8221;https:\/\/dipos.rs\/wp-content\/uploads\/2023\/11\/IMG_1819-scaled.jpg&#8221; \/][\/et_pb_column][et_pb_column type=&#8221;1_2&#8243;][et_pb_image _builder_version=&#8221;4.4.5&#8243; show_in_lightbox=&#8221;on&#8221; src=&#8221;https:\/\/dipos.rs\/wp-content\/uploads\/2023\/11\/IMG_1818-scaled.jpg&#8221; \/][\/et_pb_column][\/et_pb_row][et_pb_row][et_pb_column type=&#8221;4_4&#8243;][et_pb_text _builder_version=&#8221;4.4.5&#8243;]<\/p>\n<p>Cooperation between the Embassy of the Republic of Albania and Dipos dates back to 1956, when the representatives of both entities continuously tried to improve business relations.<\/p>\n<p>Saying goodbye to Ambassador Bo\u0107ko, director Martinovic, on her own behalf and on behalf of all Dipos employees, wished Mr.Bo\u0107ko good luck in his future work, thanked him for his trust and emphasized the importance of further development of business relations and cooperation between the Embassy of the Republic of Albania and Dipos.<\/p>\n<p>[\/et_pb_text][\/et_pb_column][\/et_pb_row][\/et_pb_section]<\/p>\n","protected":false},"excerpt":{"rendered":"<p><div class=\"et_pb_row et_pb_row_0 et_pb_row_empty\">\n\t\t\t\t\n\t\t\t\t\n\t\t\t\t\n\t\t\t\t\n\t\t\t\t\n\t\t\t<\/div> In a cordial atmosphere, in the premises of our Company, a farewell meeting was held between the Director of the Company, Ms. Bojana Martinovic, and the Ambassador of the Republic of Albania, H.E. Mr. Iljir Bo\u0107ko, whose diplomatic service in our country is coming to an end. Speaking about the positive experiences during his [&hellip;]<\/p>\n","protected":false},"author":4,"featured_media":9002,"comment_status":"closed","ping_status":"closed","sticky":false,"template":"","format":"standard","meta":{"_et_pb_use_builder":"o","_et_pb_old_content":"","_et_gb_content_width":"","inline_featured_image":false,"footnotes":""},"categories":[32],"tags":[],"class_list":["post-9008","post","type-post","status-publish","format-standard","has-post-thumbnail","hentry","category-vest"],"yoast_head":"<!-- This site is optimized with the Yoast SEO Premium plugin v22.2 (Yoast SEO v27.4) - https:\/\/yoast.com\/product\/yoast-seo-premium-wordpress\/ -->\n<title>Ambassador of Albania in a farewell visit to Dipos - Dipos<\/title>\n<meta name=\"robots\" content=\"index, follow, max-snippet:-1, max-image-preview:large, max-video-preview:-1\" \/>\n<link rel=\"canonical\" href=\"https:\/\/dipos.rs\/en\/vest\/ambassador-of-albania-in-a-farewell-visit-to-dipos\/\" \/>\n<meta property=\"og:locale\" content=\"en_US\" \/>\n<meta property=\"og:type\" content=\"article\" \/>\n<meta property=\"og:title\" content=\"Ambassador of Albania in a farewell visit to Dipos\" \/>\n<meta property=\"og:description\" content=\"In a cordial atmosphere, in the premises of our Company, a farewell meeting was held between the Director of the Company, Ms. Bojana Martinovic, and the Ambassador of the Republic of Albania, H.E. Mr. Iljir Bo\u0107ko, whose diplomatic service in our country is coming to an end. Speaking about the positive experiences during his [&hellip;]\" \/>\n<meta property=\"og:url\" content=\"https:\/\/dipos.rs\/en\/vest\/ambassador-of-albania-in-a-farewell-visit-to-dipos\/\" \/>\n<meta property=\"og:site_name\" content=\"Dipos\" \/>\n<meta property=\"article:published_time\" content=\"2023-11-01T12:15:40+00:00\" \/>\n<meta property=\"article:modified_time\" content=\"2023-11-01T14:50:07+00:00\" \/>\n<meta property=\"og:image\" content=\"https:\/\/dipos.rs\/wp-content\/uploads\/2023\/11\/IMG_1813-scaled.jpg\" \/>\n\t<meta property=\"og:image:width\" content=\"2560\" \/>\n\t<meta property=\"og:image:height\" content=\"1707\" \/>\n\t<meta property=\"og:image:type\" content=\"image\/jpeg\" \/>\n<meta name=\"author\" content=\"marko.stojkovic\" \/>\n<meta name=\"twitter:card\" content=\"summary_large_image\" \/>\n<meta name=\"twitter:label1\" content=\"Written by\" \/>\n\t<meta name=\"twitter:data1\" content=\"marko.stojkovic\" \/>\n\t<meta name=\"twitter:label2\" content=\"Est. reading time\" \/>\n\t<meta name=\"twitter:data2\" content=\"2 minutes\" \/>\n<script type=\"application\/ld+json\" class=\"yoast-schema-graph\">{\"@context\":\"https:\\\/\\\/schema.org\",\"@graph\":[{\"@type\":\"Article\",\"@id\":\"https:\\\/\\\/dipos.rs\\\/en\\\/vest\\\/ambassador-of-albania-in-a-farewell-visit-to-dipos\\\/#article\",\"isPartOf\":{\"@id\":\"https:\\\/\\\/dipos.rs\\\/en\\\/vest\\\/ambassador-of-albania-in-a-farewell-visit-to-dipos\\\/\"},\"author\":{\"name\":\"marko.stojkovic\",\"@id\":\"https:\\\/\\\/dipos.rs\\\/en\\\/#\\\/schema\\\/person\\\/c20ee3851ab019e33d634e66aaf1149f\"},\"headline\":\"Ambassador of Albania in a farewell visit to Dipos\",\"datePublished\":\"2023-11-01T12:15:40+00:00\",\"dateModified\":\"2023-11-01T14:50:07+00:00\",\"mainEntityOfPage\":{\"@id\":\"https:\\\/\\\/dipos.rs\\\/en\\\/vest\\\/ambassador-of-albania-in-a-farewell-visit-to-dipos\\\/\"},\"wordCount\":362,\"publisher\":{\"@id\":\"https:\\\/\\\/dipos.rs\\\/en\\\/#organization\"},\"image\":{\"@id\":\"https:\\\/\\\/dipos.rs\\\/en\\\/vest\\\/ambassador-of-albania-in-a-farewell-visit-to-dipos\\\/#primaryimage\"},\"thumbnailUrl\":\"https:\\\/\\\/dipos.rs\\\/wp-content\\\/uploads\\\/2023\\\/11\\\/IMG_1813-scaled.jpg\",\"articleSection\":[\"\u0412\u0435\u0441\u0442\u0438\"],\"inLanguage\":\"en-US\"},{\"@type\":\"WebPage\",\"@id\":\"https:\\\/\\\/dipos.rs\\\/en\\\/vest\\\/ambassador-of-albania-in-a-farewell-visit-to-dipos\\\/\",\"url\":\"https:\\\/\\\/dipos.rs\\\/en\\\/vest\\\/ambassador-of-albania-in-a-farewell-visit-to-dipos\\\/\",\"name\":\"Ambassador of Albania in a farewell visit to Dipos - Dipos\",\"isPartOf\":{\"@id\":\"https:\\\/\\\/dipos.rs\\\/en\\\/#website\"},\"primaryImageOfPage\":{\"@id\":\"https:\\\/\\\/dipos.rs\\\/en\\\/vest\\\/ambassador-of-albania-in-a-farewell-visit-to-dipos\\\/#primaryimage\"},\"image\":{\"@id\":\"https:\\\/\\\/dipos.rs\\\/en\\\/vest\\\/ambassador-of-albania-in-a-farewell-visit-to-dipos\\\/#primaryimage\"},\"thumbnailUrl\":\"https:\\\/\\\/dipos.rs\\\/wp-content\\\/uploads\\\/2023\\\/11\\\/IMG_1813-scaled.jpg\",\"datePublished\":\"2023-11-01T12:15:40+00:00\",\"dateModified\":\"2023-11-01T14:50:07+00:00\",\"breadcrumb\":{\"@id\":\"https:\\\/\\\/dipos.rs\\\/en\\\/vest\\\/ambassador-of-albania-in-a-farewell-visit-to-dipos\\\/#breadcrumb\"},\"inLanguage\":\"en-US\",\"potentialAction\":[{\"@type\":\"ReadAction\",\"target\":[\"https:\\\/\\\/dipos.rs\\\/en\\\/vest\\\/ambassador-of-albania-in-a-farewell-visit-to-dipos\\\/\"]}]},{\"@type\":\"ImageObject\",\"inLanguage\":\"en-US\",\"@id\":\"https:\\\/\\\/dipos.rs\\\/en\\\/vest\\\/ambassador-of-albania-in-a-farewell-visit-to-dipos\\\/#primaryimage\",\"url\":\"https:\\\/\\\/dipos.rs\\\/wp-content\\\/uploads\\\/2023\\\/11\\\/IMG_1813-scaled.jpg\",\"contentUrl\":\"https:\\\/\\\/dipos.rs\\\/wp-content\\\/uploads\\\/2023\\\/11\\\/IMG_1813-scaled.jpg\",\"width\":2560,\"height\":1707},{\"@type\":\"BreadcrumbList\",\"@id\":\"https:\\\/\\\/dipos.rs\\\/en\\\/vest\\\/ambassador-of-albania-in-a-farewell-visit-to-dipos\\\/#breadcrumb\",\"itemListElement\":[{\"@type\":\"ListItem\",\"position\":1,\"name\":\"Home\",\"item\":\"https:\\\/\\\/dipos.rs\\\/en\\\/\"},{\"@type\":\"ListItem\",\"position\":2,\"name\":\"Ambassador of Albania in a farewell visit to Dipos\"}]},{\"@type\":\"WebSite\",\"@id\":\"https:\\\/\\\/dipos.rs\\\/en\\\/#website\",\"url\":\"https:\\\/\\\/dipos.rs\\\/en\\\/\",\"name\":\"\u0414\u0438\u043f\u043e\u0441\",\"description\":\"Privredno dru\u0161tvo koje se bavi upravljanjem, izdavanjem i odr\u017eavanjem nekretnina u vlasni\u0161tvu Republike Srbije\",\"publisher\":{\"@id\":\"https:\\\/\\\/dipos.rs\\\/en\\\/#organization\"},\"potentialAction\":[{\"@type\":\"SearchAction\",\"target\":{\"@type\":\"EntryPoint\",\"urlTemplate\":\"https:\\\/\\\/dipos.rs\\\/en\\\/?s={search_term_string}\"},\"query-input\":{\"@type\":\"PropertyValueSpecification\",\"valueRequired\":true,\"valueName\":\"search_term_string\"}}],\"inLanguage\":\"en-US\"},{\"@type\":\"Organization\",\"@id\":\"https:\\\/\\\/dipos.rs\\\/en\\\/#organization\",\"name\":\"\u0414\u0438\u043f\u043e\u0441\",\"url\":\"https:\\\/\\\/dipos.rs\\\/en\\\/\",\"logo\":{\"@type\":\"ImageObject\",\"inLanguage\":\"en-US\",\"@id\":\"https:\\\/\\\/dipos.rs\\\/en\\\/#\\\/schema\\\/logo\\\/image\\\/\",\"url\":\"https:\\\/\\\/dipos.rs\\\/wp-content\\\/uploads\\\/2022\\\/04\\\/logo-plavi.png\",\"contentUrl\":\"https:\\\/\\\/dipos.rs\\\/wp-content\\\/uploads\\\/2022\\\/04\\\/logo-plavi.png\",\"width\":380,\"height\":280,\"caption\":\"\u0414\u0438\u043f\u043e\u0441\"},\"image\":{\"@id\":\"https:\\\/\\\/dipos.rs\\\/en\\\/#\\\/schema\\\/logo\\\/image\\\/\"}},{\"@type\":\"Person\",\"@id\":\"https:\\\/\\\/dipos.rs\\\/en\\\/#\\\/schema\\\/person\\\/c20ee3851ab019e33d634e66aaf1149f\",\"name\":\"marko.stojkovic\",\"image\":{\"@type\":\"ImageObject\",\"inLanguage\":\"en-US\",\"@id\":\"https:\\\/\\\/secure.gravatar.com\\\/avatar\\\/2266a4748fcc81af4e2ff41102d207aea3f59a4334f69611ab79a1873aad60d8?s=96&d=mm&r=g\",\"url\":\"https:\\\/\\\/secure.gravatar.com\\\/avatar\\\/2266a4748fcc81af4e2ff41102d207aea3f59a4334f69611ab79a1873aad60d8?s=96&d=mm&r=g\",\"contentUrl\":\"https:\\\/\\\/secure.gravatar.com\\\/avatar\\\/2266a4748fcc81af4e2ff41102d207aea3f59a4334f69611ab79a1873aad60d8?s=96&d=mm&r=g\",\"caption\":\"marko.stojkovic\"},\"url\":\"https:\\\/\\\/dipos.rs\\\/en\\\/author\\\/marko-stojkovic\\\/\"}]}<\/script>\n<!-- \/ Yoast SEO Premium plugin. -->","yoast_head_json":{"title":"Ambassador of Albania in a farewell visit to Dipos - Dipos","robots":{"index":"index","follow":"follow","max-snippet":"max-snippet:-1","max-image-preview":"max-image-preview:large","max-video-preview":"max-video-preview:-1"},"canonical":"https:\/\/dipos.rs\/en\/vest\/ambassador-of-albania-in-a-farewell-visit-to-dipos\/","og_locale":"en_US","og_type":"article","og_title":"Ambassador of Albania in a farewell visit to Dipos","og_description":"In a cordial atmosphere, in the premises of our Company, a farewell meeting was held between the Director of the Company, Ms. Bojana Martinovic, and the Ambassador of the Republic of Albania, H.E. Mr. Iljir Bo\u0107ko, whose diplomatic service in our country is coming to an end. Speaking about the positive experiences during his [&hellip;]","og_url":"https:\/\/dipos.rs\/en\/vest\/ambassador-of-albania-in-a-farewell-visit-to-dipos\/","og_site_name":"Dipos","article_published_time":"2023-11-01T12:15:40+00:00","article_modified_time":"2023-11-01T14:50:07+00:00","og_image":[{"width":2560,"height":1707,"url":"https:\/\/dipos.rs\/wp-content\/uploads\/2023\/11\/IMG_1813-scaled.jpg","type":"image\/jpeg"}],"author":"marko.stojkovic","twitter_card":"summary_large_image","twitter_misc":{"Written by":"marko.stojkovic","Est. reading time":"2 minutes"},"schema":{"@context":"https:\/\/schema.org","@graph":[{"@type":"Article","@id":"https:\/\/dipos.rs\/en\/vest\/ambassador-of-albania-in-a-farewell-visit-to-dipos\/#article","isPartOf":{"@id":"https:\/\/dipos.rs\/en\/vest\/ambassador-of-albania-in-a-farewell-visit-to-dipos\/"},"author":{"name":"marko.stojkovic","@id":"https:\/\/dipos.rs\/en\/#\/schema\/person\/c20ee3851ab019e33d634e66aaf1149f"},"headline":"Ambassador of Albania in a farewell visit to Dipos","datePublished":"2023-11-01T12:15:40+00:00","dateModified":"2023-11-01T14:50:07+00:00","mainEntityOfPage":{"@id":"https:\/\/dipos.rs\/en\/vest\/ambassador-of-albania-in-a-farewell-visit-to-dipos\/"},"wordCount":362,"publisher":{"@id":"https:\/\/dipos.rs\/en\/#organization"},"image":{"@id":"https:\/\/dipos.rs\/en\/vest\/ambassador-of-albania-in-a-farewell-visit-to-dipos\/#primaryimage"},"thumbnailUrl":"https:\/\/dipos.rs\/wp-content\/uploads\/2023\/11\/IMG_1813-scaled.jpg","articleSection":["\u0412\u0435\u0441\u0442\u0438"],"inLanguage":"en-US"},{"@type":"WebPage","@id":"https:\/\/dipos.rs\/en\/vest\/ambassador-of-albania-in-a-farewell-visit-to-dipos\/","url":"https:\/\/dipos.rs\/en\/vest\/ambassador-of-albania-in-a-farewell-visit-to-dipos\/","name":"Ambassador of Albania in a farewell visit to Dipos - Dipos","isPartOf":{"@id":"https:\/\/dipos.rs\/en\/#website"},"primaryImageOfPage":{"@id":"https:\/\/dipos.rs\/en\/vest\/ambassador-of-albania-in-a-farewell-visit-to-dipos\/#primaryimage"},"image":{"@id":"https:\/\/dipos.rs\/en\/vest\/ambassador-of-albania-in-a-farewell-visit-to-dipos\/#primaryimage"},"thumbnailUrl":"https:\/\/dipos.rs\/wp-content\/uploads\/2023\/11\/IMG_1813-scaled.jpg","datePublished":"2023-11-01T12:15:40+00:00","dateModified":"2023-11-01T14:50:07+00:00","breadcrumb":{"@id":"https:\/\/dipos.rs\/en\/vest\/ambassador-of-albania-in-a-farewell-visit-to-dipos\/#breadcrumb"},"inLanguage":"en-US","potentialAction":[{"@type":"ReadAction","target":["https:\/\/dipos.rs\/en\/vest\/ambassador-of-albania-in-a-farewell-visit-to-dipos\/"]}]},{"@type":"ImageObject","inLanguage":"en-US","@id":"https:\/\/dipos.rs\/en\/vest\/ambassador-of-albania-in-a-farewell-visit-to-dipos\/#primaryimage","url":"https:\/\/dipos.rs\/wp-content\/uploads\/2023\/11\/IMG_1813-scaled.jpg","contentUrl":"https:\/\/dipos.rs\/wp-content\/uploads\/2023\/11\/IMG_1813-scaled.jpg","width":2560,"height":1707},{"@type":"BreadcrumbList","@id":"https:\/\/dipos.rs\/en\/vest\/ambassador-of-albania-in-a-farewell-visit-to-dipos\/#breadcrumb","itemListElement":[{"@type":"ListItem","position":1,"name":"Home","item":"https:\/\/dipos.rs\/en\/"},{"@type":"ListItem","position":2,"name":"Ambassador of Albania in a farewell visit to Dipos"}]},{"@type":"WebSite","@id":"https:\/\/dipos.rs\/en\/#website","url":"https:\/\/dipos.rs\/en\/","name":"\u0414\u0438\u043f\u043e\u0441","description":"Privredno dru\u0161tvo koje se bavi upravljanjem, izdavanjem i odr\u017eavanjem nekretnina u vlasni\u0161tvu Republike Srbije","publisher":{"@id":"https:\/\/dipos.rs\/en\/#organization"},"potentialAction":[{"@type":"SearchAction","target":{"@type":"EntryPoint","urlTemplate":"https:\/\/dipos.rs\/en\/?s={search_term_string}"},"query-input":{"@type":"PropertyValueSpecification","valueRequired":true,"valueName":"search_term_string"}}],"inLanguage":"en-US"},{"@type":"Organization","@id":"https:\/\/dipos.rs\/en\/#organization","name":"\u0414\u0438\u043f\u043e\u0441","url":"https:\/\/dipos.rs\/en\/","logo":{"@type":"ImageObject","inLanguage":"en-US","@id":"https:\/\/dipos.rs\/en\/#\/schema\/logo\/image\/","url":"https:\/\/dipos.rs\/wp-content\/uploads\/2022\/04\/logo-plavi.png","contentUrl":"https:\/\/dipos.rs\/wp-content\/uploads\/2022\/04\/logo-plavi.png","width":380,"height":280,"caption":"\u0414\u0438\u043f\u043e\u0441"},"image":{"@id":"https:\/\/dipos.rs\/en\/#\/schema\/logo\/image\/"}},{"@type":"Person","@id":"https:\/\/dipos.rs\/en\/#\/schema\/person\/c20ee3851ab019e33d634e66aaf1149f","name":"marko.stojkovic","image":{"@type":"ImageObject","inLanguage":"en-US","@id":"https:\/\/secure.gravatar.com\/avatar\/2266a4748fcc81af4e2ff41102d207aea3f59a4334f69611ab79a1873aad60d8?s=96&d=mm&r=g","url":"https:\/\/secure.gravatar.com\/avatar\/2266a4748fcc81af4e2ff41102d207aea3f59a4334f69611ab79a1873aad60d8?s=96&d=mm&r=g","contentUrl":"https:\/\/secure.gravatar.com\/avatar\/2266a4748fcc81af4e2ff41102d207aea3f59a4334f69611ab79a1873aad60d8?s=96&d=mm&r=g","caption":"marko.stojkovic"},"url":"https:\/\/dipos.rs\/en\/author\/marko-stojkovic\/"}]}},"_links":{"self":[{"href":"https:\/\/dipos.rs\/en\/wp-json\/wp\/v2\/posts\/9008","targetHints":{"allow":["GET"]}}],"collection":[{"href":"https:\/\/dipos.rs\/en\/wp-json\/wp\/v2\/posts"}],"about":[{"href":"https:\/\/dipos.rs\/en\/wp-json\/wp\/v2\/types\/post"}],"author":[{"embeddable":true,"href":"https:\/\/dipos.rs\/en\/wp-json\/wp\/v2\/users\/4"}],"replies":[{"embeddable":true,"href":"https:\/\/dipos.rs\/en\/wp-json\/wp\/v2\/comments?post=9008"}],"version-history":[{"count":0,"href":"https:\/\/dipos.rs\/en\/wp-json\/wp\/v2\/posts\/9008\/revisions"}],"wp:featuredmedia":[{"embeddable":true,"href":"https:\/\/dipos.rs\/en\/wp-json\/wp\/v2\/media\/9002"}],"wp:attachment":[{"href":"https:\/\/dipos.rs\/en\/wp-json\/wp\/v2\/media?parent=9008"}],"wp:term":[{"taxonomy":"category","embeddable":true,"href":"https:\/\/dipos.rs\/en\/wp-json\/wp\/v2\/categories?post=9008"},{"taxonomy":"post_tag","embeddable":true,"href":"https:\/\/dipos.rs\/en\/wp-json\/wp\/v2\/tags?post=9008"}],"curies":[{"name":"wp","href":"https:\/\/api.w.org\/{rel}","templated":true}]}}