{"id":936,"date":"2018-10-25T18:05:59","date_gmt":"2018-10-25T16:05:59","guid":{"rendered":"https:\/\/A4CA3496-BC49-4E6A-9E78-9529762810C6"},"modified":"2025-11-19T08:26:52","modified_gmt":"2025-11-19T07:26:52","slug":"gala-graduation-awards-for-the-generation-year-of-of-the-diplomatic-academy","status":"publish","type":"post","link":"https:\/\/dipos.rs\/en\/events\/gala-graduation-awards-for-the-generation-year-of-of-the-diplomatic-academy\/","title":{"rendered":"Gala graduation awards for the generation year of 2017\/2018 of the Diplomatic Academy"},"content":{"rendered":"<p>[et_pb_section bb_built=&#8217;1&#8242;][et_pb_row background_position=&#8217;top_left&#8217; background_repeat=&#8217;repeat&#8217; background_size=&#8217;initial&#8217;][et_pb_column type=&#8217;4_4&#8242;][et_pb_text _builder_version=&#8217;3.17.1&#8242;]<\/p>\n<p>First Deputy Prime Minister and Minister of Foreign Affairs of the Republic of Serbia, Mr. Ivica Da\u010di\u0107, on 24 October 2018, at a ceremony in the festive hall of the Ministry of Foreign Affairs, handed out diplomas to the students of the Basic Diploma Training Program of the Diplomatic Academy school year of 2017\/2018.<\/p>\n<p>The Minister of Foreign Affairs of the Republic of Serbia Mr. Ivica Da\u010di\u0107 congratulated the students of the Diplomatic Academy generation 2017\/2018 on the successful completion of the training course and achieved results.<\/p>\n<p>On this occasion, Minister Da\u010di\u0107 emphasized that the diplomatic invitation is a privilege and honor which will belong to a small number of those who will present their country in the best way. He took the opportunity to instruct all participants of the Diplomatic Academy to believe and expect that the knowledge and experience gained at the academy will be used appropriately in their further professional careers.<\/p>\n<p>One of the graduates of the generations 2017\/2018 is Miss. Marija Ivanovi\u0107, employed as a Independent Senior associate of the Department for Commercial Affairs and Marketing in &#8220;Dipos&#8221; d.o.o. Belgrade, who successfully completed the Basic Diplomatic Training Program at the Diplomatic Academy of the Ministry of Foreign Affairs of the Republic of  Serbia.<\/p>\n<p>[\/et_pb_text][\/et_pb_column][\/et_pb_row][et_pb_row background_position=&#8217;top_left&#8217; background_repeat=&#8217;repeat&#8217; background_size=&#8217;initial&#8217;][et_pb_column type=&#8217;1_2&#8242;][et_pb_image _builder_version=&#8217;3.17.1&#8242; src=&#8217;https:\/\/dipos.rs\/wp-content\/uploads\/2018\/12\/vest38.jpg&#8217; show_in_lightbox=&#8217;on&#8217; \/][\/et_pb_column][et_pb_column type=&#8217;1_2&#8242;][et_pb_image _builder_version=&#8217;3.17.1&#8242; src=&#8217;https:\/\/dipos.rs\/wp-content\/uploads\/2018\/12\/vest39.jpg&#8217; show_in_lightbox=&#8217;on&#8217; \/][\/et_pb_column][\/et_pb_row][\/et_pb_section]<\/p>\n","protected":false},"excerpt":{"rendered":"<p>First Deputy Prime Minister and Minister of Foreign Affairs of the Republic of Serbia, Mr. Ivica Da\u010di\u0107, on 24 October 2018, at a ceremony in the festive hall of the Ministry of Foreign Affairs, handed out diplomas to the students of the Basic Diploma Training Program of the Diplomatic Academy school year of 2017\/2018. The [&hellip;]<\/p>\n","protected":false},"author":8,"featured_media":6492,"comment_status":"closed","ping_status":"closed","sticky":false,"template":"","format":"standard","meta":{"_et_pb_use_builder":"o","_et_pb_old_content":"","_et_gb_content_width":"","inline_featured_image":false,"footnotes":""},"categories":[9],"tags":[],"class_list":["post-936","post","type-post","status-publish","format-standard","has-post-thumbnail","hentry","category-events"],"yoast_head":"<!-- This site is optimized with the Yoast SEO Premium plugin v22.2 (Yoast SEO v27.4) - https:\/\/yoast.com\/product\/yoast-seo-premium-wordpress\/ -->\n<title>Diplomatska akademija - sve\u010dana dodela diploma - Dipos<\/title>\n<meta name=\"description\" content=\"dipos, dipos direktor, dipos beograd, dipos zakup, dipos doo, diplomatsko naselje, diplomatski klub, diplomatska kolonija\" \/>\n<meta name=\"robots\" content=\"index, follow, max-snippet:-1, max-image-preview:large, max-video-preview:-1\" \/>\n<link rel=\"canonical\" href=\"https:\/\/dipos.rs\/en\/events\/gala-graduation-awards-for-the-generation-year-of-of-the-diplomatic-academy\/\" \/>\n<meta property=\"og:locale\" content=\"en_US\" \/>\n<meta property=\"og:type\" content=\"article\" \/>\n<meta property=\"og:title\" content=\"Gala graduation awards for the generation year of 2017\/2018 of the Diplomatic Academy\" \/>\n<meta property=\"og:description\" content=\"dipos, dipos direktor, dipos beograd, dipos zakup, dipos doo, diplomatsko naselje, diplomatski klub, diplomatska kolonija\" \/>\n<meta property=\"og:url\" content=\"https:\/\/dipos.rs\/en\/events\/gala-graduation-awards-for-the-generation-year-of-of-the-diplomatic-academy\/\" \/>\n<meta property=\"og:site_name\" content=\"Dipos\" \/>\n<meta property=\"article:published_time\" content=\"2018-10-25T16:05:59+00:00\" \/>\n<meta property=\"article:modified_time\" content=\"2025-11-19T07:26:52+00:00\" \/>\n<meta property=\"og:image\" content=\"https:\/\/dipos.rs\/wp-content\/uploads\/2018\/12\/vest39.jpg\" \/>\n\t<meta property=\"og:image:width\" content=\"720\" \/>\n\t<meta property=\"og:image:height\" content=\"540\" \/>\n\t<meta property=\"og:image:type\" content=\"image\/jpeg\" \/>\n<meta name=\"author\" content=\"obi\" \/>\n<meta name=\"twitter:card\" content=\"summary_large_image\" \/>\n<meta name=\"twitter:label1\" content=\"Written by\" \/>\n\t<meta name=\"twitter:data1\" content=\"obi\" \/>\n\t<meta name=\"twitter:label2\" content=\"Est. reading time\" \/>\n\t<meta name=\"twitter:data2\" content=\"2 minutes\" \/>\n<script type=\"application\/ld+json\" class=\"yoast-schema-graph\">{\"@context\":\"https:\\\/\\\/schema.org\",\"@graph\":[{\"@type\":\"Article\",\"@id\":\"https:\\\/\\\/dipos.rs\\\/en\\\/events\\\/gala-graduation-awards-for-the-generation-year-of-of-the-diplomatic-academy\\\/#article\",\"isPartOf\":{\"@id\":\"https:\\\/\\\/dipos.rs\\\/en\\\/events\\\/gala-graduation-awards-for-the-generation-year-of-of-the-diplomatic-academy\\\/\"},\"author\":{\"name\":\"obi\",\"@id\":\"https:\\\/\\\/dipos.rs\\\/en\\\/#\\\/schema\\\/person\\\/ef0a1e2cd72fcaa1513d7e0eeb90333e\"},\"headline\":\"Gala graduation awards for the generation year of 2017\\\/2018 of the Diplomatic Academy\",\"datePublished\":\"2018-10-25T16:05:59+00:00\",\"dateModified\":\"2025-11-19T07:26:52+00:00\",\"mainEntityOfPage\":{\"@id\":\"https:\\\/\\\/dipos.rs\\\/en\\\/events\\\/gala-graduation-awards-for-the-generation-year-of-of-the-diplomatic-academy\\\/\"},\"wordCount\":336,\"publisher\":{\"@id\":\"https:\\\/\\\/dipos.rs\\\/en\\\/#organization\"},\"image\":{\"@id\":\"https:\\\/\\\/dipos.rs\\\/en\\\/events\\\/gala-graduation-awards-for-the-generation-year-of-of-the-diplomatic-academy\\\/#primaryimage\"},\"thumbnailUrl\":\"https:\\\/\\\/dipos.rs\\\/wp-content\\\/uploads\\\/2018\\\/12\\\/vest39.jpg\",\"articleSection\":[\"Events\"],\"inLanguage\":\"en-US\"},{\"@type\":\"WebPage\",\"@id\":\"https:\\\/\\\/dipos.rs\\\/en\\\/events\\\/gala-graduation-awards-for-the-generation-year-of-of-the-diplomatic-academy\\\/\",\"url\":\"https:\\\/\\\/dipos.rs\\\/en\\\/events\\\/gala-graduation-awards-for-the-generation-year-of-of-the-diplomatic-academy\\\/\",\"name\":\"Diplomatska akademija - sve\u010dana dodela diploma - Dipos\",\"isPartOf\":{\"@id\":\"https:\\\/\\\/dipos.rs\\\/en\\\/#website\"},\"primaryImageOfPage\":{\"@id\":\"https:\\\/\\\/dipos.rs\\\/en\\\/events\\\/gala-graduation-awards-for-the-generation-year-of-of-the-diplomatic-academy\\\/#primaryimage\"},\"image\":{\"@id\":\"https:\\\/\\\/dipos.rs\\\/en\\\/events\\\/gala-graduation-awards-for-the-generation-year-of-of-the-diplomatic-academy\\\/#primaryimage\"},\"thumbnailUrl\":\"https:\\\/\\\/dipos.rs\\\/wp-content\\\/uploads\\\/2018\\\/12\\\/vest39.jpg\",\"datePublished\":\"2018-10-25T16:05:59+00:00\",\"dateModified\":\"2025-11-19T07:26:52+00:00\",\"description\":\"dipos, dipos direktor, dipos beograd, dipos zakup, dipos doo, diplomatsko naselje, diplomatski klub, diplomatska kolonija\",\"breadcrumb\":{\"@id\":\"https:\\\/\\\/dipos.rs\\\/en\\\/events\\\/gala-graduation-awards-for-the-generation-year-of-of-the-diplomatic-academy\\\/#breadcrumb\"},\"inLanguage\":\"en-US\",\"potentialAction\":[{\"@type\":\"ReadAction\",\"target\":[\"https:\\\/\\\/dipos.rs\\\/en\\\/events\\\/gala-graduation-awards-for-the-generation-year-of-of-the-diplomatic-academy\\\/\"]}]},{\"@type\":\"ImageObject\",\"inLanguage\":\"en-US\",\"@id\":\"https:\\\/\\\/dipos.rs\\\/en\\\/events\\\/gala-graduation-awards-for-the-generation-year-of-of-the-diplomatic-academy\\\/#primaryimage\",\"url\":\"https:\\\/\\\/dipos.rs\\\/wp-content\\\/uploads\\\/2018\\\/12\\\/vest39.jpg\",\"contentUrl\":\"https:\\\/\\\/dipos.rs\\\/wp-content\\\/uploads\\\/2018\\\/12\\\/vest39.jpg\",\"width\":720,\"height\":540},{\"@type\":\"BreadcrumbList\",\"@id\":\"https:\\\/\\\/dipos.rs\\\/en\\\/events\\\/gala-graduation-awards-for-the-generation-year-of-of-the-diplomatic-academy\\\/#breadcrumb\",\"itemListElement\":[{\"@type\":\"ListItem\",\"position\":1,\"name\":\"Home\",\"item\":\"https:\\\/\\\/dipos.rs\\\/en\\\/\"},{\"@type\":\"ListItem\",\"position\":2,\"name\":\"Gala graduation awards for the generation year of 2017\\\/2018 of the Diplomatic Academy\"}]},{\"@type\":\"WebSite\",\"@id\":\"https:\\\/\\\/dipos.rs\\\/en\\\/#website\",\"url\":\"https:\\\/\\\/dipos.rs\\\/en\\\/\",\"name\":\"\u0414\u0438\u043f\u043e\u0441\",\"description\":\"Privredno dru\u0161tvo koje se bavi upravljanjem, izdavanjem i odr\u017eavanjem nekretnina u vlasni\u0161tvu Republike Srbije\",\"publisher\":{\"@id\":\"https:\\\/\\\/dipos.rs\\\/en\\\/#organization\"},\"potentialAction\":[{\"@type\":\"SearchAction\",\"target\":{\"@type\":\"EntryPoint\",\"urlTemplate\":\"https:\\\/\\\/dipos.rs\\\/en\\\/?s={search_term_string}\"},\"query-input\":{\"@type\":\"PropertyValueSpecification\",\"valueRequired\":true,\"valueName\":\"search_term_string\"}}],\"inLanguage\":\"en-US\"},{\"@type\":\"Organization\",\"@id\":\"https:\\\/\\\/dipos.rs\\\/en\\\/#organization\",\"name\":\"\u0414\u0438\u043f\u043e\u0441\",\"url\":\"https:\\\/\\\/dipos.rs\\\/en\\\/\",\"logo\":{\"@type\":\"ImageObject\",\"inLanguage\":\"en-US\",\"@id\":\"https:\\\/\\\/dipos.rs\\\/en\\\/#\\\/schema\\\/logo\\\/image\\\/\",\"url\":\"https:\\\/\\\/dipos.rs\\\/wp-content\\\/uploads\\\/2022\\\/04\\\/logo-plavi.png\",\"contentUrl\":\"https:\\\/\\\/dipos.rs\\\/wp-content\\\/uploads\\\/2022\\\/04\\\/logo-plavi.png\",\"width\":380,\"height\":280,\"caption\":\"\u0414\u0438\u043f\u043e\u0441\"},\"image\":{\"@id\":\"https:\\\/\\\/dipos.rs\\\/en\\\/#\\\/schema\\\/logo\\\/image\\\/\"}},{\"@type\":\"Person\",\"@id\":\"https:\\\/\\\/dipos.rs\\\/en\\\/#\\\/schema\\\/person\\\/ef0a1e2cd72fcaa1513d7e0eeb90333e\",\"name\":\"obi\",\"image\":{\"@type\":\"ImageObject\",\"inLanguage\":\"en-US\",\"@id\":\"https:\\\/\\\/secure.gravatar.com\\\/avatar\\\/0a3d20358857d983bcc69368f56bd816e1ba6a2f8ff92d7d7490507d3b5cbed6?s=96&d=mm&r=g\",\"url\":\"https:\\\/\\\/secure.gravatar.com\\\/avatar\\\/0a3d20358857d983bcc69368f56bd816e1ba6a2f8ff92d7d7490507d3b5cbed6?s=96&d=mm&r=g\",\"contentUrl\":\"https:\\\/\\\/secure.gravatar.com\\\/avatar\\\/0a3d20358857d983bcc69368f56bd816e1ba6a2f8ff92d7d7490507d3b5cbed6?s=96&d=mm&r=g\",\"caption\":\"obi\"},\"url\":\"https:\\\/\\\/dipos.rs\\\/en\\\/author\\\/obi\\\/\"}]}<\/script>\n<!-- \/ Yoast SEO Premium plugin. -->","yoast_head_json":{"title":"Diplomatska akademija - sve\u010dana dodela diploma - Dipos","description":"dipos, dipos direktor, dipos beograd, dipos zakup, dipos doo, diplomatsko naselje, diplomatski klub, diplomatska kolonija","robots":{"index":"index","follow":"follow","max-snippet":"max-snippet:-1","max-image-preview":"max-image-preview:large","max-video-preview":"max-video-preview:-1"},"canonical":"https:\/\/dipos.rs\/en\/events\/gala-graduation-awards-for-the-generation-year-of-of-the-diplomatic-academy\/","og_locale":"en_US","og_type":"article","og_title":"Gala graduation awards for the generation year of 2017\/2018 of the Diplomatic Academy","og_description":"dipos, dipos direktor, dipos beograd, dipos zakup, dipos doo, diplomatsko naselje, diplomatski klub, diplomatska kolonija","og_url":"https:\/\/dipos.rs\/en\/events\/gala-graduation-awards-for-the-generation-year-of-of-the-diplomatic-academy\/","og_site_name":"Dipos","article_published_time":"2018-10-25T16:05:59+00:00","article_modified_time":"2025-11-19T07:26:52+00:00","og_image":[{"width":720,"height":540,"url":"https:\/\/dipos.rs\/wp-content\/uploads\/2018\/12\/vest39.jpg","type":"image\/jpeg"}],"author":"obi","twitter_card":"summary_large_image","twitter_misc":{"Written by":"obi","Est. reading time":"2 minutes"},"schema":{"@context":"https:\/\/schema.org","@graph":[{"@type":"Article","@id":"https:\/\/dipos.rs\/en\/events\/gala-graduation-awards-for-the-generation-year-of-of-the-diplomatic-academy\/#article","isPartOf":{"@id":"https:\/\/dipos.rs\/en\/events\/gala-graduation-awards-for-the-generation-year-of-of-the-diplomatic-academy\/"},"author":{"name":"obi","@id":"https:\/\/dipos.rs\/en\/#\/schema\/person\/ef0a1e2cd72fcaa1513d7e0eeb90333e"},"headline":"Gala graduation awards for the generation year of 2017\/2018 of the Diplomatic Academy","datePublished":"2018-10-25T16:05:59+00:00","dateModified":"2025-11-19T07:26:52+00:00","mainEntityOfPage":{"@id":"https:\/\/dipos.rs\/en\/events\/gala-graduation-awards-for-the-generation-year-of-of-the-diplomatic-academy\/"},"wordCount":336,"publisher":{"@id":"https:\/\/dipos.rs\/en\/#organization"},"image":{"@id":"https:\/\/dipos.rs\/en\/events\/gala-graduation-awards-for-the-generation-year-of-of-the-diplomatic-academy\/#primaryimage"},"thumbnailUrl":"https:\/\/dipos.rs\/wp-content\/uploads\/2018\/12\/vest39.jpg","articleSection":["Events"],"inLanguage":"en-US"},{"@type":"WebPage","@id":"https:\/\/dipos.rs\/en\/events\/gala-graduation-awards-for-the-generation-year-of-of-the-diplomatic-academy\/","url":"https:\/\/dipos.rs\/en\/events\/gala-graduation-awards-for-the-generation-year-of-of-the-diplomatic-academy\/","name":"Diplomatska akademija - sve\u010dana dodela diploma - Dipos","isPartOf":{"@id":"https:\/\/dipos.rs\/en\/#website"},"primaryImageOfPage":{"@id":"https:\/\/dipos.rs\/en\/events\/gala-graduation-awards-for-the-generation-year-of-of-the-diplomatic-academy\/#primaryimage"},"image":{"@id":"https:\/\/dipos.rs\/en\/events\/gala-graduation-awards-for-the-generation-year-of-of-the-diplomatic-academy\/#primaryimage"},"thumbnailUrl":"https:\/\/dipos.rs\/wp-content\/uploads\/2018\/12\/vest39.jpg","datePublished":"2018-10-25T16:05:59+00:00","dateModified":"2025-11-19T07:26:52+00:00","description":"dipos, dipos direktor, dipos beograd, dipos zakup, dipos doo, diplomatsko naselje, diplomatski klub, diplomatska kolonija","breadcrumb":{"@id":"https:\/\/dipos.rs\/en\/events\/gala-graduation-awards-for-the-generation-year-of-of-the-diplomatic-academy\/#breadcrumb"},"inLanguage":"en-US","potentialAction":[{"@type":"ReadAction","target":["https:\/\/dipos.rs\/en\/events\/gala-graduation-awards-for-the-generation-year-of-of-the-diplomatic-academy\/"]}]},{"@type":"ImageObject","inLanguage":"en-US","@id":"https:\/\/dipos.rs\/en\/events\/gala-graduation-awards-for-the-generation-year-of-of-the-diplomatic-academy\/#primaryimage","url":"https:\/\/dipos.rs\/wp-content\/uploads\/2018\/12\/vest39.jpg","contentUrl":"https:\/\/dipos.rs\/wp-content\/uploads\/2018\/12\/vest39.jpg","width":720,"height":540},{"@type":"BreadcrumbList","@id":"https:\/\/dipos.rs\/en\/events\/gala-graduation-awards-for-the-generation-year-of-of-the-diplomatic-academy\/#breadcrumb","itemListElement":[{"@type":"ListItem","position":1,"name":"Home","item":"https:\/\/dipos.rs\/en\/"},{"@type":"ListItem","position":2,"name":"Gala graduation awards for the generation year of 2017\/2018 of the Diplomatic Academy"}]},{"@type":"WebSite","@id":"https:\/\/dipos.rs\/en\/#website","url":"https:\/\/dipos.rs\/en\/","name":"\u0414\u0438\u043f\u043e\u0441","description":"Privredno dru\u0161tvo koje se bavi upravljanjem, izdavanjem i odr\u017eavanjem nekretnina u vlasni\u0161tvu Republike Srbije","publisher":{"@id":"https:\/\/dipos.rs\/en\/#organization"},"potentialAction":[{"@type":"SearchAction","target":{"@type":"EntryPoint","urlTemplate":"https:\/\/dipos.rs\/en\/?s={search_term_string}"},"query-input":{"@type":"PropertyValueSpecification","valueRequired":true,"valueName":"search_term_string"}}],"inLanguage":"en-US"},{"@type":"Organization","@id":"https:\/\/dipos.rs\/en\/#organization","name":"\u0414\u0438\u043f\u043e\u0441","url":"https:\/\/dipos.rs\/en\/","logo":{"@type":"ImageObject","inLanguage":"en-US","@id":"https:\/\/dipos.rs\/en\/#\/schema\/logo\/image\/","url":"https:\/\/dipos.rs\/wp-content\/uploads\/2022\/04\/logo-plavi.png","contentUrl":"https:\/\/dipos.rs\/wp-content\/uploads\/2022\/04\/logo-plavi.png","width":380,"height":280,"caption":"\u0414\u0438\u043f\u043e\u0441"},"image":{"@id":"https:\/\/dipos.rs\/en\/#\/schema\/logo\/image\/"}},{"@type":"Person","@id":"https:\/\/dipos.rs\/en\/#\/schema\/person\/ef0a1e2cd72fcaa1513d7e0eeb90333e","name":"obi","image":{"@type":"ImageObject","inLanguage":"en-US","@id":"https:\/\/secure.gravatar.com\/avatar\/0a3d20358857d983bcc69368f56bd816e1ba6a2f8ff92d7d7490507d3b5cbed6?s=96&d=mm&r=g","url":"https:\/\/secure.gravatar.com\/avatar\/0a3d20358857d983bcc69368f56bd816e1ba6a2f8ff92d7d7490507d3b5cbed6?s=96&d=mm&r=g","contentUrl":"https:\/\/secure.gravatar.com\/avatar\/0a3d20358857d983bcc69368f56bd816e1ba6a2f8ff92d7d7490507d3b5cbed6?s=96&d=mm&r=g","caption":"obi"},"url":"https:\/\/dipos.rs\/en\/author\/obi\/"}]}},"_links":{"self":[{"href":"https:\/\/dipos.rs\/en\/wp-json\/wp\/v2\/posts\/936","targetHints":{"allow":["GET"]}}],"collection":[{"href":"https:\/\/dipos.rs\/en\/wp-json\/wp\/v2\/posts"}],"about":[{"href":"https:\/\/dipos.rs\/en\/wp-json\/wp\/v2\/types\/post"}],"author":[{"embeddable":true,"href":"https:\/\/dipos.rs\/en\/wp-json\/wp\/v2\/users\/8"}],"replies":[{"embeddable":true,"href":"https:\/\/dipos.rs\/en\/wp-json\/wp\/v2\/comments?post=936"}],"version-history":[{"count":0,"href":"https:\/\/dipos.rs\/en\/wp-json\/wp\/v2\/posts\/936\/revisions"}],"wp:featuredmedia":[{"embeddable":true,"href":"https:\/\/dipos.rs\/en\/wp-json\/wp\/v2\/media\/6492"}],"wp:attachment":[{"href":"https:\/\/dipos.rs\/en\/wp-json\/wp\/v2\/media?parent=936"}],"wp:term":[{"taxonomy":"category","embeddable":true,"href":"https:\/\/dipos.rs\/en\/wp-json\/wp\/v2\/categories?post=936"},{"taxonomy":"post_tag","embeddable":true,"href":"https:\/\/dipos.rs\/en\/wp-json\/wp\/v2\/tags?post=936"}],"curies":[{"name":"wp","href":"https:\/\/api.w.org\/{rel}","templated":true}]}}