{"id":9686,"date":"2024-07-05T14:43:17","date_gmt":"2024-07-05T12:43:17","guid":{"rendered":"https:\/\/dipos.rs\/the-director-of-dipos-hosts-the-ambassador-of-cyprus\/"},"modified":"2024-07-05T14:52:30","modified_gmt":"2024-07-05T12:52:30","slug":"the-director-of-dipos-hosts-the-ambassador-of-cyprus","status":"publish","type":"post","link":"https:\/\/dipos.rs\/en\/vest\/the-director-of-dipos-hosts-the-ambassador-of-cyprus\/","title":{"rendered":"The Director of Dipos Hosts the Ambassador of Cyprus"},"content":{"rendered":"<p>[et_pb_section bb_built=&#8221;1&#8243;][et_pb_row][et_pb_column type=&#8221;4_4&#8243;][et_pb_text _builder_version=&#8221;4.4.5&#8243;]<\/p>\n<p>Director of Property management and rental company &#8220;Dipos&#8221; d.o.o. Belgrade, Mrs. Bojana Martinovi\u0107 had the pleasure of hosting H.E. Mr. Andreas Fotiu, the Ambassador of Cyprus to Serbia, today in the company&#8217;s business premises. The meeting was also attended by the deputy director, Ivana Milosavljevi\u0107, and the director of the service for technical affairs, Jovan Roganovi\u0107. During the meeting, they discussed the improvement of business cooperation, the strengthening of good business relations and the celebration of the jubilee &#8211; 50 years of successful business cooperation between Dipos and the Embassy of Cyprus, which since 1974 has been using real estate from the fund managed by the Company for the accommodation of diplomatic and consular missions and their representatives in Serbia.<\/p>\n<p>[\/et_pb_text][et_pb_image _builder_version=&#8221;4.4.5&#8243; src=&#8221;https:\/\/dipos.rs\/wp-content\/uploads\/2024\/07\/IMG_4283-isecena-scaled.jpg&#8221; show_in_lightbox=&#8221;on&#8221; \/][et_pb_text _builder_version=&#8221;4.4.5&#8243;]<\/p>\n<p>His Excellency, Mr. Andreas Fotiu, took the opportunity to thank the director of the Company for the activities aimed at maintaining and improving the real estate used by the Embassy of the Republic of Cyprus in Belgrade.<\/p>\n<p>This meeting once again confirmed the importance of continuous investment in building and improving strong bilateral relations between our Company and the esteemed Embassy of the Republic of Cyprus in Belgrade.<\/p>\n<p>At the end of the visit, both parties expressed their belief that the cooperation between the Embassy of the Republic of Cyprus and &#8220;Dipos&#8221; d.o.o. Belgrade to continue and further develop to mutual satisfaction.<\/p>\n<p>[\/et_pb_text][\/et_pb_column][\/et_pb_row][\/et_pb_section]<\/p>\n","protected":false},"excerpt":{"rendered":"<p><div class=\"et_pb_row et_pb_row_0 et_pb_row_empty\">\n\t\t\t\t\n\t\t\t\t\n\t\t\t\t\n\t\t\t\t\n\t\t\t\t\n\t\t\t<\/div> Director of Property management and rental company &#8220;Dipos&#8221; d.o.o. Belgrade, Mrs. Bojana Martinovi\u0107 had the pleasure of hosting H.E. Mr. Andreas Fotiu, the Ambassador of Cyprus to Serbia, today in the company&#8217;s business premises. The meeting was also attended by the deputy director, Ivana Milosavljevi\u0107, and the director of the service for technical affairs, [&hellip;]<\/p>\n","protected":false},"author":4,"featured_media":9685,"comment_status":"closed","ping_status":"closed","sticky":false,"template":"","format":"standard","meta":{"_et_pb_use_builder":"o","_et_pb_old_content":"","_et_gb_content_width":"","inline_featured_image":false,"footnotes":""},"categories":[32],"tags":[],"class_list":["post-9686","post","type-post","status-publish","format-standard","has-post-thumbnail","hentry","category-vest"],"yoast_head":"<!-- This site is optimized with the Yoast SEO Premium plugin v22.2 (Yoast SEO v27.4) - https:\/\/yoast.com\/product\/yoast-seo-premium-wordpress\/ -->\n<title>The Director of Dipos Hosts the Ambassador of Cyprus - Dipos<\/title>\n<meta name=\"robots\" content=\"index, follow, max-snippet:-1, max-image-preview:large, max-video-preview:-1\" \/>\n<link rel=\"canonical\" href=\"https:\/\/dipos.rs\/en\/vest\/the-director-of-dipos-hosts-the-ambassador-of-cyprus\/\" \/>\n<meta property=\"og:locale\" content=\"en_US\" \/>\n<meta property=\"og:type\" content=\"article\" \/>\n<meta property=\"og:title\" content=\"The Director of Dipos Hosts the Ambassador of Cyprus\" \/>\n<meta property=\"og:description\" content=\"Director of Property management and rental company &quot;Dipos&quot; d.o.o. Belgrade, Mrs. Bojana Martinovi\u0107 had the pleasure of hosting H.E. Mr. Andreas Fotiu, the Ambassador of Cyprus to Serbia, today in the company&#039;s business premises. The meeting was also attended by the deputy director, Ivana Milosavljevi\u0107, and the director of the service for technical affairs, [&hellip;]\" \/>\n<meta property=\"og:url\" content=\"https:\/\/dipos.rs\/en\/vest\/the-director-of-dipos-hosts-the-ambassador-of-cyprus\/\" \/>\n<meta property=\"og:site_name\" content=\"Dipos\" \/>\n<meta property=\"article:published_time\" content=\"2024-07-05T12:43:17+00:00\" \/>\n<meta property=\"article:modified_time\" content=\"2024-07-05T12:52:30+00:00\" \/>\n<meta property=\"og:image\" content=\"https:\/\/dipos.rs\/wp-content\/uploads\/2024\/07\/IMG_4283-isecena-scaled.jpg\" \/>\n\t<meta property=\"og:image:width\" content=\"2560\" \/>\n\t<meta property=\"og:image:height\" content=\"1980\" \/>\n\t<meta property=\"og:image:type\" content=\"image\/jpeg\" \/>\n<meta name=\"author\" content=\"marko.stojkovic\" \/>\n<meta name=\"twitter:card\" content=\"summary_large_image\" \/>\n<meta name=\"twitter:label1\" content=\"Written by\" \/>\n\t<meta name=\"twitter:data1\" content=\"marko.stojkovic\" \/>\n\t<meta name=\"twitter:label2\" content=\"Est. reading time\" \/>\n\t<meta name=\"twitter:data2\" content=\"1 minute\" \/>\n<script type=\"application\/ld+json\" class=\"yoast-schema-graph\">{\"@context\":\"https:\\\/\\\/schema.org\",\"@graph\":[{\"@type\":\"Article\",\"@id\":\"https:\\\/\\\/dipos.rs\\\/en\\\/vest\\\/the-director-of-dipos-hosts-the-ambassador-of-cyprus\\\/#article\",\"isPartOf\":{\"@id\":\"https:\\\/\\\/dipos.rs\\\/en\\\/vest\\\/the-director-of-dipos-hosts-the-ambassador-of-cyprus\\\/\"},\"author\":{\"name\":\"marko.stojkovic\",\"@id\":\"https:\\\/\\\/dipos.rs\\\/en\\\/#\\\/schema\\\/person\\\/c20ee3851ab019e33d634e66aaf1149f\"},\"headline\":\"The Director of Dipos Hosts the Ambassador of Cyprus\",\"datePublished\":\"2024-07-05T12:43:17+00:00\",\"dateModified\":\"2024-07-05T12:52:30+00:00\",\"mainEntityOfPage\":{\"@id\":\"https:\\\/\\\/dipos.rs\\\/en\\\/vest\\\/the-director-of-dipos-hosts-the-ambassador-of-cyprus\\\/\"},\"wordCount\":289,\"publisher\":{\"@id\":\"https:\\\/\\\/dipos.rs\\\/en\\\/#organization\"},\"image\":{\"@id\":\"https:\\\/\\\/dipos.rs\\\/en\\\/vest\\\/the-director-of-dipos-hosts-the-ambassador-of-cyprus\\\/#primaryimage\"},\"thumbnailUrl\":\"https:\\\/\\\/dipos.rs\\\/wp-content\\\/uploads\\\/2024\\\/07\\\/IMG_4283-isecena-scaled.jpg\",\"articleSection\":[\"\u0412\u0435\u0441\u0442\u0438\"],\"inLanguage\":\"en-US\"},{\"@type\":\"WebPage\",\"@id\":\"https:\\\/\\\/dipos.rs\\\/en\\\/vest\\\/the-director-of-dipos-hosts-the-ambassador-of-cyprus\\\/\",\"url\":\"https:\\\/\\\/dipos.rs\\\/en\\\/vest\\\/the-director-of-dipos-hosts-the-ambassador-of-cyprus\\\/\",\"name\":\"The Director of Dipos Hosts the Ambassador of Cyprus - Dipos\",\"isPartOf\":{\"@id\":\"https:\\\/\\\/dipos.rs\\\/en\\\/#website\"},\"primaryImageOfPage\":{\"@id\":\"https:\\\/\\\/dipos.rs\\\/en\\\/vest\\\/the-director-of-dipos-hosts-the-ambassador-of-cyprus\\\/#primaryimage\"},\"image\":{\"@id\":\"https:\\\/\\\/dipos.rs\\\/en\\\/vest\\\/the-director-of-dipos-hosts-the-ambassador-of-cyprus\\\/#primaryimage\"},\"thumbnailUrl\":\"https:\\\/\\\/dipos.rs\\\/wp-content\\\/uploads\\\/2024\\\/07\\\/IMG_4283-isecena-scaled.jpg\",\"datePublished\":\"2024-07-05T12:43:17+00:00\",\"dateModified\":\"2024-07-05T12:52:30+00:00\",\"breadcrumb\":{\"@id\":\"https:\\\/\\\/dipos.rs\\\/en\\\/vest\\\/the-director-of-dipos-hosts-the-ambassador-of-cyprus\\\/#breadcrumb\"},\"inLanguage\":\"en-US\",\"potentialAction\":[{\"@type\":\"ReadAction\",\"target\":[\"https:\\\/\\\/dipos.rs\\\/en\\\/vest\\\/the-director-of-dipos-hosts-the-ambassador-of-cyprus\\\/\"]}]},{\"@type\":\"ImageObject\",\"inLanguage\":\"en-US\",\"@id\":\"https:\\\/\\\/dipos.rs\\\/en\\\/vest\\\/the-director-of-dipos-hosts-the-ambassador-of-cyprus\\\/#primaryimage\",\"url\":\"https:\\\/\\\/dipos.rs\\\/wp-content\\\/uploads\\\/2024\\\/07\\\/IMG_4283-isecena-scaled.jpg\",\"contentUrl\":\"https:\\\/\\\/dipos.rs\\\/wp-content\\\/uploads\\\/2024\\\/07\\\/IMG_4283-isecena-scaled.jpg\",\"width\":2560,\"height\":1980},{\"@type\":\"BreadcrumbList\",\"@id\":\"https:\\\/\\\/dipos.rs\\\/en\\\/vest\\\/the-director-of-dipos-hosts-the-ambassador-of-cyprus\\\/#breadcrumb\",\"itemListElement\":[{\"@type\":\"ListItem\",\"position\":1,\"name\":\"Home\",\"item\":\"https:\\\/\\\/dipos.rs\\\/en\\\/\"},{\"@type\":\"ListItem\",\"position\":2,\"name\":\"The Director of Dipos Hosts the Ambassador of Cyprus\"}]},{\"@type\":\"WebSite\",\"@id\":\"https:\\\/\\\/dipos.rs\\\/en\\\/#website\",\"url\":\"https:\\\/\\\/dipos.rs\\\/en\\\/\",\"name\":\"\u0414\u0438\u043f\u043e\u0441\",\"description\":\"Privredno dru\u0161tvo koje se bavi upravljanjem, izdavanjem i odr\u017eavanjem nekretnina u vlasni\u0161tvu Republike Srbije\",\"publisher\":{\"@id\":\"https:\\\/\\\/dipos.rs\\\/en\\\/#organization\"},\"potentialAction\":[{\"@type\":\"SearchAction\",\"target\":{\"@type\":\"EntryPoint\",\"urlTemplate\":\"https:\\\/\\\/dipos.rs\\\/en\\\/?s={search_term_string}\"},\"query-input\":{\"@type\":\"PropertyValueSpecification\",\"valueRequired\":true,\"valueName\":\"search_term_string\"}}],\"inLanguage\":\"en-US\"},{\"@type\":\"Organization\",\"@id\":\"https:\\\/\\\/dipos.rs\\\/en\\\/#organization\",\"name\":\"\u0414\u0438\u043f\u043e\u0441\",\"url\":\"https:\\\/\\\/dipos.rs\\\/en\\\/\",\"logo\":{\"@type\":\"ImageObject\",\"inLanguage\":\"en-US\",\"@id\":\"https:\\\/\\\/dipos.rs\\\/en\\\/#\\\/schema\\\/logo\\\/image\\\/\",\"url\":\"https:\\\/\\\/dipos.rs\\\/wp-content\\\/uploads\\\/2022\\\/04\\\/logo-plavi.png\",\"contentUrl\":\"https:\\\/\\\/dipos.rs\\\/wp-content\\\/uploads\\\/2022\\\/04\\\/logo-plavi.png\",\"width\":380,\"height\":280,\"caption\":\"\u0414\u0438\u043f\u043e\u0441\"},\"image\":{\"@id\":\"https:\\\/\\\/dipos.rs\\\/en\\\/#\\\/schema\\\/logo\\\/image\\\/\"}},{\"@type\":\"Person\",\"@id\":\"https:\\\/\\\/dipos.rs\\\/en\\\/#\\\/schema\\\/person\\\/c20ee3851ab019e33d634e66aaf1149f\",\"name\":\"marko.stojkovic\",\"image\":{\"@type\":\"ImageObject\",\"inLanguage\":\"en-US\",\"@id\":\"https:\\\/\\\/secure.gravatar.com\\\/avatar\\\/2266a4748fcc81af4e2ff41102d207aea3f59a4334f69611ab79a1873aad60d8?s=96&d=mm&r=g\",\"url\":\"https:\\\/\\\/secure.gravatar.com\\\/avatar\\\/2266a4748fcc81af4e2ff41102d207aea3f59a4334f69611ab79a1873aad60d8?s=96&d=mm&r=g\",\"contentUrl\":\"https:\\\/\\\/secure.gravatar.com\\\/avatar\\\/2266a4748fcc81af4e2ff41102d207aea3f59a4334f69611ab79a1873aad60d8?s=96&d=mm&r=g\",\"caption\":\"marko.stojkovic\"},\"url\":\"https:\\\/\\\/dipos.rs\\\/en\\\/author\\\/marko-stojkovic\\\/\"}]}<\/script>\n<!-- \/ Yoast SEO Premium plugin. -->","yoast_head_json":{"title":"The Director of Dipos Hosts the Ambassador of Cyprus - Dipos","robots":{"index":"index","follow":"follow","max-snippet":"max-snippet:-1","max-image-preview":"max-image-preview:large","max-video-preview":"max-video-preview:-1"},"canonical":"https:\/\/dipos.rs\/en\/vest\/the-director-of-dipos-hosts-the-ambassador-of-cyprus\/","og_locale":"en_US","og_type":"article","og_title":"The Director of Dipos Hosts the Ambassador of Cyprus","og_description":"Director of Property management and rental company \"Dipos\" d.o.o. Belgrade, Mrs. Bojana Martinovi\u0107 had the pleasure of hosting H.E. Mr. Andreas Fotiu, the Ambassador of Cyprus to Serbia, today in the company's business premises. The meeting was also attended by the deputy director, Ivana Milosavljevi\u0107, and the director of the service for technical affairs, [&hellip;]","og_url":"https:\/\/dipos.rs\/en\/vest\/the-director-of-dipos-hosts-the-ambassador-of-cyprus\/","og_site_name":"Dipos","article_published_time":"2024-07-05T12:43:17+00:00","article_modified_time":"2024-07-05T12:52:30+00:00","og_image":[{"width":2560,"height":1980,"url":"https:\/\/dipos.rs\/wp-content\/uploads\/2024\/07\/IMG_4283-isecena-scaled.jpg","type":"image\/jpeg"}],"author":"marko.stojkovic","twitter_card":"summary_large_image","twitter_misc":{"Written by":"marko.stojkovic","Est. reading time":"1 minute"},"schema":{"@context":"https:\/\/schema.org","@graph":[{"@type":"Article","@id":"https:\/\/dipos.rs\/en\/vest\/the-director-of-dipos-hosts-the-ambassador-of-cyprus\/#article","isPartOf":{"@id":"https:\/\/dipos.rs\/en\/vest\/the-director-of-dipos-hosts-the-ambassador-of-cyprus\/"},"author":{"name":"marko.stojkovic","@id":"https:\/\/dipos.rs\/en\/#\/schema\/person\/c20ee3851ab019e33d634e66aaf1149f"},"headline":"The Director of Dipos Hosts the Ambassador of Cyprus","datePublished":"2024-07-05T12:43:17+00:00","dateModified":"2024-07-05T12:52:30+00:00","mainEntityOfPage":{"@id":"https:\/\/dipos.rs\/en\/vest\/the-director-of-dipos-hosts-the-ambassador-of-cyprus\/"},"wordCount":289,"publisher":{"@id":"https:\/\/dipos.rs\/en\/#organization"},"image":{"@id":"https:\/\/dipos.rs\/en\/vest\/the-director-of-dipos-hosts-the-ambassador-of-cyprus\/#primaryimage"},"thumbnailUrl":"https:\/\/dipos.rs\/wp-content\/uploads\/2024\/07\/IMG_4283-isecena-scaled.jpg","articleSection":["\u0412\u0435\u0441\u0442\u0438"],"inLanguage":"en-US"},{"@type":"WebPage","@id":"https:\/\/dipos.rs\/en\/vest\/the-director-of-dipos-hosts-the-ambassador-of-cyprus\/","url":"https:\/\/dipos.rs\/en\/vest\/the-director-of-dipos-hosts-the-ambassador-of-cyprus\/","name":"The Director of Dipos Hosts the Ambassador of Cyprus - Dipos","isPartOf":{"@id":"https:\/\/dipos.rs\/en\/#website"},"primaryImageOfPage":{"@id":"https:\/\/dipos.rs\/en\/vest\/the-director-of-dipos-hosts-the-ambassador-of-cyprus\/#primaryimage"},"image":{"@id":"https:\/\/dipos.rs\/en\/vest\/the-director-of-dipos-hosts-the-ambassador-of-cyprus\/#primaryimage"},"thumbnailUrl":"https:\/\/dipos.rs\/wp-content\/uploads\/2024\/07\/IMG_4283-isecena-scaled.jpg","datePublished":"2024-07-05T12:43:17+00:00","dateModified":"2024-07-05T12:52:30+00:00","breadcrumb":{"@id":"https:\/\/dipos.rs\/en\/vest\/the-director-of-dipos-hosts-the-ambassador-of-cyprus\/#breadcrumb"},"inLanguage":"en-US","potentialAction":[{"@type":"ReadAction","target":["https:\/\/dipos.rs\/en\/vest\/the-director-of-dipos-hosts-the-ambassador-of-cyprus\/"]}]},{"@type":"ImageObject","inLanguage":"en-US","@id":"https:\/\/dipos.rs\/en\/vest\/the-director-of-dipos-hosts-the-ambassador-of-cyprus\/#primaryimage","url":"https:\/\/dipos.rs\/wp-content\/uploads\/2024\/07\/IMG_4283-isecena-scaled.jpg","contentUrl":"https:\/\/dipos.rs\/wp-content\/uploads\/2024\/07\/IMG_4283-isecena-scaled.jpg","width":2560,"height":1980},{"@type":"BreadcrumbList","@id":"https:\/\/dipos.rs\/en\/vest\/the-director-of-dipos-hosts-the-ambassador-of-cyprus\/#breadcrumb","itemListElement":[{"@type":"ListItem","position":1,"name":"Home","item":"https:\/\/dipos.rs\/en\/"},{"@type":"ListItem","position":2,"name":"The Director of Dipos Hosts the Ambassador of Cyprus"}]},{"@type":"WebSite","@id":"https:\/\/dipos.rs\/en\/#website","url":"https:\/\/dipos.rs\/en\/","name":"\u0414\u0438\u043f\u043e\u0441","description":"Privredno dru\u0161tvo koje se bavi upravljanjem, izdavanjem i odr\u017eavanjem nekretnina u vlasni\u0161tvu Republike Srbije","publisher":{"@id":"https:\/\/dipos.rs\/en\/#organization"},"potentialAction":[{"@type":"SearchAction","target":{"@type":"EntryPoint","urlTemplate":"https:\/\/dipos.rs\/en\/?s={search_term_string}"},"query-input":{"@type":"PropertyValueSpecification","valueRequired":true,"valueName":"search_term_string"}}],"inLanguage":"en-US"},{"@type":"Organization","@id":"https:\/\/dipos.rs\/en\/#organization","name":"\u0414\u0438\u043f\u043e\u0441","url":"https:\/\/dipos.rs\/en\/","logo":{"@type":"ImageObject","inLanguage":"en-US","@id":"https:\/\/dipos.rs\/en\/#\/schema\/logo\/image\/","url":"https:\/\/dipos.rs\/wp-content\/uploads\/2022\/04\/logo-plavi.png","contentUrl":"https:\/\/dipos.rs\/wp-content\/uploads\/2022\/04\/logo-plavi.png","width":380,"height":280,"caption":"\u0414\u0438\u043f\u043e\u0441"},"image":{"@id":"https:\/\/dipos.rs\/en\/#\/schema\/logo\/image\/"}},{"@type":"Person","@id":"https:\/\/dipos.rs\/en\/#\/schema\/person\/c20ee3851ab019e33d634e66aaf1149f","name":"marko.stojkovic","image":{"@type":"ImageObject","inLanguage":"en-US","@id":"https:\/\/secure.gravatar.com\/avatar\/2266a4748fcc81af4e2ff41102d207aea3f59a4334f69611ab79a1873aad60d8?s=96&d=mm&r=g","url":"https:\/\/secure.gravatar.com\/avatar\/2266a4748fcc81af4e2ff41102d207aea3f59a4334f69611ab79a1873aad60d8?s=96&d=mm&r=g","contentUrl":"https:\/\/secure.gravatar.com\/avatar\/2266a4748fcc81af4e2ff41102d207aea3f59a4334f69611ab79a1873aad60d8?s=96&d=mm&r=g","caption":"marko.stojkovic"},"url":"https:\/\/dipos.rs\/en\/author\/marko-stojkovic\/"}]}},"_links":{"self":[{"href":"https:\/\/dipos.rs\/en\/wp-json\/wp\/v2\/posts\/9686","targetHints":{"allow":["GET"]}}],"collection":[{"href":"https:\/\/dipos.rs\/en\/wp-json\/wp\/v2\/posts"}],"about":[{"href":"https:\/\/dipos.rs\/en\/wp-json\/wp\/v2\/types\/post"}],"author":[{"embeddable":true,"href":"https:\/\/dipos.rs\/en\/wp-json\/wp\/v2\/users\/4"}],"replies":[{"embeddable":true,"href":"https:\/\/dipos.rs\/en\/wp-json\/wp\/v2\/comments?post=9686"}],"version-history":[{"count":0,"href":"https:\/\/dipos.rs\/en\/wp-json\/wp\/v2\/posts\/9686\/revisions"}],"wp:featuredmedia":[{"embeddable":true,"href":"https:\/\/dipos.rs\/en\/wp-json\/wp\/v2\/media\/9685"}],"wp:attachment":[{"href":"https:\/\/dipos.rs\/en\/wp-json\/wp\/v2\/media?parent=9686"}],"wp:term":[{"taxonomy":"category","embeddable":true,"href":"https:\/\/dipos.rs\/en\/wp-json\/wp\/v2\/categories?post=9686"},{"taxonomy":"post_tag","embeddable":true,"href":"https:\/\/dipos.rs\/en\/wp-json\/wp\/v2\/tags?post=9686"}],"curies":[{"name":"wp","href":"https:\/\/api.w.org\/{rel}","templated":true}]}}